{"id":361,"date":"2011-11-04T11:24:49","date_gmt":"2011-11-04T11:24:49","guid":{"rendered":"https:\/\/upbeat-goodall.82-223-35-84.plesk.page\/index.php\/2011\/11\/04\/el-olivo-n-65-66\/"},"modified":"2011-11-04T11:24:49","modified_gmt":"2011-11-04T11:24:49","slug":"el-olivo-n-65-66","status":"publish","type":"post","link":"https:\/\/cejc-madrid.org\/index.php\/2011\/11\/04\/el-olivo-n-65-66\/","title":{"rendered":"El Olivo n\u00ba 65-66"},"content":{"rendered":"<p align=\"center\"><b>EL OLIVO    n\u00ba 65 &#8211; 66<\/b><\/p>\n<p align=\"center\">\u00a0<\/p>\n<p align=\"center\">Enero &#8211; Diciembre 2007<\/p>\n<p align=\"center\">\u00a0<\/p>\n<p align=\"center\"><span style=\"text-decoration: underline;\">\u00cdndice<\/span><\/p>\n<p align=\"center\">\u00a0<\/p>\n<p align=\"center\"><b>Este n\u00famero recoge las ponencias que se presentaron<\/b> <b>en el XIX Simposio  Hispano-Israel\u00ed, celebrado en Valencia en octubre de 2006. El t\u00edtulo general de esta  reuni\u00f3n fue: \u00abLa familia: estructuras sociales y transmisi\u00f3n de la cultura\u00bb<\/b> <b>&nbsp;<\/b><\/p>\n<p align=\"center\"><b><br \/><\/b><\/p>\n<p><\/p>\n<p>\u00a0<\/p>\n<p><strong>La celebraci\u00f3n de la Pascua y la transmisi\u00f3n de la fe &#8211; <\/strong>Jos\u00e9 Manuel Alc\u00e1cer Orts  &#8211; Facultad de Teolog\u00eda de Valencia<\/p>\n<p><strong>Familia y migraci\u00f3n: los casos del emigrante, del refugiado-sobreviviente y del colectivo recolocado &#8211; <\/strong>Haim Avni &#8211; Universidad Hebrea de Jersual\u00e9n<\/p>\n<p><strong>El pluralismo en la sociedad israel\u00ed y su impacto en la familia &#8211; <\/strong>Sara Fleiderman &#8211;   Jerusal\u00e9n<\/p>\n<p><strong>La memoria familiar en novelas de Mauricio Rosencof y Am\u00f3s Oz &#8211; <\/strong>Florinda F. Goldberg &#8211; Universidad Hebrea de Jerusal\u00e9n<\/p>\n<p><strong>Los dilemas del jurista religioso ante la nueva familia &#8211; <\/strong>Israel Jamitovsky  &#8211; Tel Aviv<\/p>\n<p><strong>La familia en el ordenamiento jur\u00eddico espa\u00f1ol: de c\u00f3mo y por qu\u00e9 se ha reconocido el \u00abmatrimonio homosexual\u00bb en nuestro pa\u00eds &#8211; <\/strong>Francisco Javier Jim\u00e9nez Fortea  &#8211; Universitat de Val\u00e8ncia<\/p>\n<p><strong>La familia jud\u00eda seg\u00fan el Me&#8217;am Lo&#8217;ez del Rabino Ya&#8217;akov Khul\u00ed &#8211; <\/strong>Alisa Meyuhas Ginio  &#8211; Universidad de Tel Aviv<\/p>\n<p><strong>El espejo y el fracaso de cristal: controversia y relaciones art\u00edsticas en los siglos XI-XV europeos &#8211; <\/strong>Jos\u00e9-Vicente Nicl\u00f3s Albarrac\u00edn   &#8211; Institut Superior de Ci\u00e8ncies Religioses \u00abSant Frustu\u00f3s\u00bb Tarragona<\/p>\n<p><strong>Familia y libertad religiosa &#8211; <\/strong>Rafael Palomino  &#8211; Universidad Complutense de Madrid<\/p>\n<p><strong>Matrimonio, nacionalidad y retorno &#8211; <\/strong>Montserrat Perales Agust\u00ed  &#8211; Universidad Pontificia de Comillas (Madrid)<\/p>\n<p><strong>La familia, el progreso y los fil\u00f3sofos: facetas de un desencuentro &#8211; <\/strong>Ignacio Quintanilla Navarro  &#8211; Madrid<\/p>\n<p><strong>La familia: entre la globalizaci\u00f3n vigente y las pol\u00edticas sociales compensatorias &#8211; <\/strong>Benito Roitman  &#8211; Tel Aviv<\/p>\n<p><strong>Politizaci\u00f3n de la familia jud\u00eda en el siglo XX &#8211; <\/strong>Najum Schutz  &#8211; Jerusal\u00e9n<\/p>\n<dl>\n<div style=\"text-align: center;\" align=\"center\"><\/div>\n<\/dl>\n<blockquote><\/blockquote>\n","protected":false},"excerpt":{"rendered":"<p>EL OLIVO n\u00ba 65 &#8211; 66 \u00a0 Enero &#8211; Diciembre 2007 \u00a0 \u00cdndice \u00a0 Este n\u00famero recoge las ponencias que se presentaron en el XIX Simposio Hispano-Israel\u00ed, celebrado en Valencia en octubre de 2006. El t\u00edtulo general de esta reuni\u00f3n fue: \u00abLa familia: estructuras sociales y transmisi\u00f3n de la cultura\u00bb &nbsp; \u00a0 La celebraci\u00f3n de [&hellip;]<\/p>\n","protected":false},"author":1,"featured_media":0,"comment_status":"open","ping_status":"open","sticky":false,"template":"","format":"standard","meta":{"_et_pb_use_builder":"","_et_pb_old_content":"","_et_gb_content_width":"","footnotes":""},"categories":[25],"tags":[],"class_list":["post-361","post","type-post","status-publish","format-standard","hentry","category-revista-qel-olivoq"],"_links":{"self":[{"href":"https:\/\/cejc-madrid.org\/index.php\/wp-json\/wp\/v2\/posts\/361","targetHints":{"allow":["GET"]}}],"collection":[{"href":"https:\/\/cejc-madrid.org\/index.php\/wp-json\/wp\/v2\/posts"}],"about":[{"href":"https:\/\/cejc-madrid.org\/index.php\/wp-json\/wp\/v2\/types\/post"}],"author":[{"embeddable":true,"href":"https:\/\/cejc-madrid.org\/index.php\/wp-json\/wp\/v2\/users\/1"}],"replies":[{"embeddable":true,"href":"https:\/\/cejc-madrid.org\/index.php\/wp-json\/wp\/v2\/comments?post=361"}],"version-history":[{"count":0,"href":"https:\/\/cejc-madrid.org\/index.php\/wp-json\/wp\/v2\/posts\/361\/revisions"}],"wp:attachment":[{"href":"https:\/\/cejc-madrid.org\/index.php\/wp-json\/wp\/v2\/media?parent=361"}],"wp:term":[{"taxonomy":"category","embeddable":true,"href":"https:\/\/cejc-madrid.org\/index.php\/wp-json\/wp\/v2\/categories?post=361"},{"taxonomy":"post_tag","embeddable":true,"href":"https:\/\/cejc-madrid.org\/index.php\/wp-json\/wp\/v2\/tags?post=361"}],"curies":[{"name":"wp","href":"https:\/\/api.w.org\/{rel}","templated":true}]}}