{"id":363,"date":"2011-11-04T11:25:48","date_gmt":"2011-11-04T11:25:48","guid":{"rendered":"https:\/\/upbeat-goodall.82-223-35-84.plesk.page\/index.php\/2011\/11\/04\/el-olivo-n-68\/"},"modified":"2011-11-04T11:25:48","modified_gmt":"2011-11-04T11:25:48","slug":"el-olivo-n-68","status":"publish","type":"post","link":"https:\/\/cejc-madrid.org\/index.php\/2011\/11\/04\/el-olivo-n-68\/","title":{"rendered":"El Olivo n\u00ba 68"},"content":{"rendered":"<p align=\"center\"><b>EL OLIVO    n\u00ba 68<\/b><\/p>\n<p align=\"center\">\u00a0<\/p>\n<p align=\"center\">Julio &#8211; Diciembre 2008<\/p>\n<p align=\"center\">\u00a0<\/p>\n<p align=\"center\"><span style=\"text-decoration: underline;\">\u00cdndice<\/span><\/p>\n<p align=\"left\">\u00a0<\/p>\n<p align=\"left\"><b>No tomar\u00e1s en  vano el nombre del Se\u00f1or&#8230;<\/b><i> &#8211; <\/i>Luis F. Fernando Gir\u00f3n Blanc  &#8211; Universidad Complutense de Madrid<b>&nbsp;<\/b><\/p>\n<p align=\"left\"><b>Una percepci\u00f3n  de la fiesta de Sukkot en la tradici\u00f3n b\u00edblico-judaica y su relaci\u00f3n con la  literatura jo\u00e1nica &#8211;<\/b><i><b> <\/b><\/i>Elio Passeto, nds &#8211;  Saint-Piere de Sion-Ratisbonne<b>&nbsp;<\/b><\/p>\n<p align=\"left\"><b>La idea del  \u00abMundo al ev\u00e9s\u00bb en el Juda\u00edsmo &#8211;<\/b><i><b> <\/b><\/i>Lourdes Rensoli Laliga &#8211; Universidad Europea de Madrid<b>&nbsp;<\/b><\/p>\n<p align=\"left\"><b>Lengua y  espiritualidad en el pensamiento del judeoconverso Juan de  Valde\u00e9s &#8211;<\/b><i><b> <\/b><\/i>Roc\u00edo Serrano Ca\u00f1as &#8211;  Universidad Federal de Paraiba<b>&nbsp;<\/b><\/p>\n<p align=\"left\"><b>Ka-Tzetnik, la  voz que surgi\u00f3 de las cenizas de Auschwitz<\/b><i><b> &#8211; <\/b><\/i>Raquel Garc\u00eda Lozano &#8211;  Universidad Complutense de Madrid<\/p>\n<blockquote><\/blockquote>\n","protected":false},"excerpt":{"rendered":"<p>EL OLIVO n\u00ba 68 \u00a0 Julio &#8211; Diciembre 2008 \u00a0 \u00cdndice \u00a0 No tomar\u00e1s en vano el nombre del Se\u00f1or&#8230; &#8211; Luis F. Fernando Gir\u00f3n Blanc &#8211; Universidad Complutense de Madrid&nbsp; Una percepci\u00f3n de la fiesta de Sukkot en la tradici\u00f3n b\u00edblico-judaica y su relaci\u00f3n con la literatura jo\u00e1nica &#8211; Elio Passeto, nds &#8211; Saint-Piere [&hellip;]<\/p>\n","protected":false},"author":1,"featured_media":0,"comment_status":"open","ping_status":"open","sticky":false,"template":"","format":"standard","meta":{"_et_pb_use_builder":"","_et_pb_old_content":"","_et_gb_content_width":"","footnotes":""},"categories":[25],"tags":[],"class_list":["post-363","post","type-post","status-publish","format-standard","hentry","category-revista-qel-olivoq"],"_links":{"self":[{"href":"https:\/\/cejc-madrid.org\/index.php\/wp-json\/wp\/v2\/posts\/363","targetHints":{"allow":["GET"]}}],"collection":[{"href":"https:\/\/cejc-madrid.org\/index.php\/wp-json\/wp\/v2\/posts"}],"about":[{"href":"https:\/\/cejc-madrid.org\/index.php\/wp-json\/wp\/v2\/types\/post"}],"author":[{"embeddable":true,"href":"https:\/\/cejc-madrid.org\/index.php\/wp-json\/wp\/v2\/users\/1"}],"replies":[{"embeddable":true,"href":"https:\/\/cejc-madrid.org\/index.php\/wp-json\/wp\/v2\/comments?post=363"}],"version-history":[{"count":0,"href":"https:\/\/cejc-madrid.org\/index.php\/wp-json\/wp\/v2\/posts\/363\/revisions"}],"wp:attachment":[{"href":"https:\/\/cejc-madrid.org\/index.php\/wp-json\/wp\/v2\/media?parent=363"}],"wp:term":[{"taxonomy":"category","embeddable":true,"href":"https:\/\/cejc-madrid.org\/index.php\/wp-json\/wp\/v2\/categories?post=363"},{"taxonomy":"post_tag","embeddable":true,"href":"https:\/\/cejc-madrid.org\/index.php\/wp-json\/wp\/v2\/tags?post=363"}],"curies":[{"name":"wp","href":"https:\/\/api.w.org\/{rel}","templated":true}]}}