{"id":364,"date":"2011-11-04T11:26:16","date_gmt":"2011-11-04T11:26:16","guid":{"rendered":"https:\/\/upbeat-goodall.82-223-35-84.plesk.page\/index.php\/2011\/11\/04\/el-olivo-n-69-70\/"},"modified":"2011-11-04T11:26:16","modified_gmt":"2011-11-04T11:26:16","slug":"el-olivo-n-69-70","status":"publish","type":"post","link":"https:\/\/cejc-madrid.org\/index.php\/2011\/11\/04\/el-olivo-n-69-70\/","title":{"rendered":"El Olivo n\u00ba 69-70"},"content":{"rendered":"<p align=\"center\"><b>EL OLIVO    n\u00ba 69-70<\/b><\/p>\n<p align=\"center\">\u00a0<\/p>\n<p align=\"center\">Enero &#8211; Diciembre 2009<\/p>\n<div align=\"center\">Este n\u00famero doble de El Olivo recoge varias de las ponencias  que se presentaron en el <i>XX Simposio Hispano-Israeli<\/i>, celebrado en Jerusal\u00e9n y Tel-Aviv en diceimbre de 2008.<\/div>\n<div align=\"center\">El t\u00edtulo general de esta reuni\u00f3n fue: Migracines y pluralismo en Espa\u00f1a e Israel<\/div>\n<div align=\"center\"><\/div>\n<div align=\"center\"><\/div>\n<p align=\"center\"><span style=\"text-decoration: underline;\">\u00cdndice<\/span><\/p>\n<p align=\"center\"><span style=\"text-decoration: underline;\"><br \/><\/span><\/p>\n<p align=\"left\"><b>Di\u00e1spora,  exilio, identidad y lenguaje. De competencias imaginarias y  pertenencias<\/b><i> &#8211; <\/i>Graciela Spector-Bitan  &#8211;  Universidad Hebrea de Jerusal\u00e9n<b>&nbsp;<\/b><\/p>\n<p align=\"left\"><b>La Tor\u00e1 y  Esdr\u00e1s-Nehem\u00edas: \u00bfdos visiones de la Biblia sobre el modo de tratar al  extranjero?<\/b><i> &#8211; <\/i>Jos\u00e9 Manuel Alc\u00e1cer Orts &#8211; Facultad de Teolog\u00eda de Valencia<b>&nbsp;<\/b><\/p>\n<p align=\"left\"><b>La Redenci\u00f3n  como tarea: enjugar el llanto del pr\u00f3jimo<\/b><i> &#8211; <\/i>Olga Belmonte Garc\u00eda &#8211; Centro de Formaci\u00f3n Padre Piquer de Madrid<b>&nbsp;<\/b><\/p>\n<p align=\"left\"><b>\u00bfAsimilaci\u00f3n v.  multiculturalismo? &#8211;<\/b><i><b> <\/b><\/i>Montserrat Perales Agust\u00ed &#8211; Universidad Complutense de Madrid<b>&nbsp;<\/b><\/p>\n<p align=\"left\"><b>Unidad,  pluralidad, alteridad<\/b><i> &#8211; <\/i>Gabriel Amengual &#8211;  Universidad de las Islas Baleares<b>&nbsp;<\/b><\/p>\n<p align=\"left\"><b>Avatares de un  sue\u00f1o. La inmigraci\u00f3n de los pioneros latinoamericanos a Israel<\/b><i> &#8211; <\/i>Pablo  P\u00e9saj Ad\u00ed &#8211; Israel<b>&nbsp;<\/b><\/p>\n<p align=\"left\"><b>El antisemitismo  como motor migratorio<\/b><i> &#8211; <\/i>Najum  Schutz &#8211; Tel &#8211; Aviv<b>&nbsp;<\/b><\/p>\n<p align=\"left\"><b>Posibilidades y  l\u00edmites del multiculturalismo. Antropolog\u00eda filos\u00f3fica m\u00ednima<\/b><i> &#8211; <\/i>Miguel Garc\u00eda-Bar\u00f3 &#8211;  Universidad Pontificia Comillas &#8211; Madrid<b><\/b><\/p>\n<p align=\"left\"><b>Pluralismo y  equilibrio en la sociedad moderna &#8211;<\/b>Nat\u00e1n  Lerner &#8211; Centro Interdisciplinario  Herzliya<b><\/b><\/p>\n<p align=\"left\"><b>Migraci\u00f3n y  ciudad. Existencias y espacios en transformaci\u00f3n &#8211; <\/b>Marilda Azulay Tapiero &#8211;  Universidad Polit\u00e9cnica de Valencia<b><\/b><\/p>\n<p align=\"left\"><b>Migraciones en  la globalizaci\u00f3n: una reflexi\u00f3n sobre los latinoamericanos en Espa\u00f1a y los  ciudadanos de la ex Uni\u00f3n Sovi\u00e9tcia en Israel<\/b><i> &#8211; <\/i>Benito Roitman &#8211;  Israel<\/p>\n<blockquote><\/blockquote>\n","protected":false},"excerpt":{"rendered":"<p>EL OLIVO n\u00ba 69-70 \u00a0 Enero &#8211; Diciembre 2009 Este n\u00famero doble de El Olivo recoge varias de las ponencias que se presentaron en el XX Simposio Hispano-Israeli, celebrado en Jerusal\u00e9n y Tel-Aviv en diceimbre de 2008. El t\u00edtulo general de esta reuni\u00f3n fue: Migracines y pluralismo en Espa\u00f1a e Israel \u00cdndice Di\u00e1spora, exilio, identidad [&hellip;]<\/p>\n","protected":false},"author":1,"featured_media":0,"comment_status":"open","ping_status":"open","sticky":false,"template":"","format":"standard","meta":{"_et_pb_use_builder":"","_et_pb_old_content":"","_et_gb_content_width":"","footnotes":""},"categories":[25],"tags":[],"class_list":["post-364","post","type-post","status-publish","format-standard","hentry","category-revista-qel-olivoq"],"_links":{"self":[{"href":"https:\/\/cejc-madrid.org\/index.php\/wp-json\/wp\/v2\/posts\/364","targetHints":{"allow":["GET"]}}],"collection":[{"href":"https:\/\/cejc-madrid.org\/index.php\/wp-json\/wp\/v2\/posts"}],"about":[{"href":"https:\/\/cejc-madrid.org\/index.php\/wp-json\/wp\/v2\/types\/post"}],"author":[{"embeddable":true,"href":"https:\/\/cejc-madrid.org\/index.php\/wp-json\/wp\/v2\/users\/1"}],"replies":[{"embeddable":true,"href":"https:\/\/cejc-madrid.org\/index.php\/wp-json\/wp\/v2\/comments?post=364"}],"version-history":[{"count":0,"href":"https:\/\/cejc-madrid.org\/index.php\/wp-json\/wp\/v2\/posts\/364\/revisions"}],"wp:attachment":[{"href":"https:\/\/cejc-madrid.org\/index.php\/wp-json\/wp\/v2\/media?parent=364"}],"wp:term":[{"taxonomy":"category","embeddable":true,"href":"https:\/\/cejc-madrid.org\/index.php\/wp-json\/wp\/v2\/categories?post=364"},{"taxonomy":"post_tag","embeddable":true,"href":"https:\/\/cejc-madrid.org\/index.php\/wp-json\/wp\/v2\/tags?post=364"}],"curies":[{"name":"wp","href":"https:\/\/api.w.org\/{rel}","templated":true}]}}