{"id":365,"date":"2011-11-04T11:26:54","date_gmt":"2011-11-04T11:26:54","guid":{"rendered":"https:\/\/upbeat-goodall.82-223-35-84.plesk.page\/index.php\/2011\/11\/04\/el-olivo-n-71\/"},"modified":"2011-11-04T11:26:54","modified_gmt":"2011-11-04T11:26:54","slug":"el-olivo-n-71","status":"publish","type":"post","link":"https:\/\/cejc-madrid.org\/index.php\/2011\/11\/04\/el-olivo-n-71\/","title":{"rendered":"El Olivo n\u00ba 71"},"content":{"rendered":"<p align=\"center\"><b>EL OLIVO    n\u00ba 71<\/b><\/p>\n<p align=\"center\">\u00a0<\/p>\n<p align=\"center\">Enero &#8211; Junio 2010<\/p>\n<p align=\"center\">\u00a0<\/p>\n<p align=\"center\"><span style=\"text-decoration: underline;\">\u00cdndice<\/span><\/p>\n<p align=\"left\">\u00a0<\/p>\n<p align=\"left\"><b>Ezequiel,  profeta del exilio<\/b><i> &#8211; Sor Ionel Mihalovici <\/i> &#8211; Centro de Estudios Judeo-Cristianos<b>\u00a0<\/b><\/p>\n<p align=\"left\"><b>Sobre la p\u00e9rdida  y hallazgo del Ni\u00f1o Jes\u00fas en el Templo &#8211;<\/b><i><b> <\/b>Juan Carlos Lara Olmo <\/i>&#8211; Universidad Complutense de Madrid<b>\u00a0<\/b><\/p>\n<p align=\"left\"><b>Las piedras  hablan en Edom &#8211;<\/b><i><b> <\/b>Mar\u00eda Teresa Rubiato &#8211; <\/i>Universidad Complutense de Madrid<b>\u00a0<\/b><\/p>\n<p align=\"left\"><b>Poes\u00eda secular y  poes\u00eda lit\u00fargica: un caso de imitaci\u00f3n en la literatura hebrea &#8211;<\/b><i><b> <\/b>Mercedes \u00c1lvarez <\/i>&#8211;  Universidad Complutense de Madrid<b>\u00a0<\/b><\/p>\n<p align=\"left\"><b>Gracia Nasi: la  fascinante vida de una mujer del siglo XVI<\/b><i> &#8211; Macarena Crespo <\/i>&#8211; Centro  de Estudios Judeo-Cristianos<b>\u00a0<\/b><\/p>\n<p align=\"left\"><b>Olas migratorias  de jud\u00edos y conversos desde la Pen\u00ednsula Ib\u00e9rica hacia el Imperio Otomano en los  siglos XV y XVI &#8211;<\/b><i><b> <\/b>Alisa  Meyuhas Ginio <\/i>&#8211; Universidad de Tel  Aviv<b>\u00a0<\/b><\/p>\n<p align=\"left\"><b>El \u00c9xodo como  revelaci\u00f3n en el pensamiento de Levinas &#8211;<\/b><i><b> <\/b>Jorge  \u00dabeda <\/i>&#8211;  Escuela de Filosof\u00eda  (Madrid)<b> <\/b><\/p>\n<p align=\"left\"><b>Documentaci\u00f3n:<\/b><\/p>\n<p align=\"left\"><b>Bienvenida al  Papa Benedicto XVI<\/b><i><b> &#8211; <\/b>Rabino Riccardo di Segni<\/i><b><\/b><\/p>\n<p align=\"left\"><b>Benedicto XVI:  jud\u00edos y cristianos deben reforzar los v\u00ednculos que les unen &#8211;<\/b><i><b> <\/b>Visita a la Gran Sinagoga de Roma, 17 de  enero de 2010<\/i><\/p>\n<blockquote \/>\n","protected":false},"excerpt":{"rendered":"<p>EL OLIVO n\u00ba 71 \u00a0 Enero &#8211; Junio 2010 \u00a0 \u00cdndice \u00a0 Ezequiel, profeta del exilio &#8211; Sor Ionel Mihalovici &#8211; Centro de Estudios Judeo-Cristianos\u00a0 Sobre la p\u00e9rdida y hallazgo del Ni\u00f1o Jes\u00fas en el Templo &#8211; Juan Carlos Lara Olmo &#8211; Universidad Complutense de Madrid\u00a0 Las piedras hablan en Edom &#8211; Mar\u00eda Teresa Rubiato [&hellip;]<\/p>\n","protected":false},"author":1,"featured_media":0,"comment_status":"open","ping_status":"open","sticky":false,"template":"","format":"standard","meta":{"_et_pb_use_builder":"","_et_pb_old_content":"","_et_gb_content_width":"","footnotes":""},"categories":[25],"tags":[],"class_list":["post-365","post","type-post","status-publish","format-standard","hentry","category-revista-qel-olivoq"],"_links":{"self":[{"href":"https:\/\/cejc-madrid.org\/index.php\/wp-json\/wp\/v2\/posts\/365","targetHints":{"allow":["GET"]}}],"collection":[{"href":"https:\/\/cejc-madrid.org\/index.php\/wp-json\/wp\/v2\/posts"}],"about":[{"href":"https:\/\/cejc-madrid.org\/index.php\/wp-json\/wp\/v2\/types\/post"}],"author":[{"embeddable":true,"href":"https:\/\/cejc-madrid.org\/index.php\/wp-json\/wp\/v2\/users\/1"}],"replies":[{"embeddable":true,"href":"https:\/\/cejc-madrid.org\/index.php\/wp-json\/wp\/v2\/comments?post=365"}],"version-history":[{"count":0,"href":"https:\/\/cejc-madrid.org\/index.php\/wp-json\/wp\/v2\/posts\/365\/revisions"}],"wp:attachment":[{"href":"https:\/\/cejc-madrid.org\/index.php\/wp-json\/wp\/v2\/media?parent=365"}],"wp:term":[{"taxonomy":"category","embeddable":true,"href":"https:\/\/cejc-madrid.org\/index.php\/wp-json\/wp\/v2\/categories?post=365"},{"taxonomy":"post_tag","embeddable":true,"href":"https:\/\/cejc-madrid.org\/index.php\/wp-json\/wp\/v2\/tags?post=365"}],"curies":[{"name":"wp","href":"https:\/\/api.w.org\/{rel}","templated":true}]}}