{"id":378,"date":"2011-11-21T11:32:03","date_gmt":"2011-11-21T11:32:03","guid":{"rendered":"https:\/\/upbeat-goodall.82-223-35-84.plesk.page\/index.php\/2011\/11\/21\/discurso-rabino-yonah-metzger-1\/"},"modified":"2011-11-21T11:32:03","modified_gmt":"2011-11-21T11:32:03","slug":"discurso-rabino-yonah-metzger-1","status":"publish","type":"post","link":"https:\/\/cejc-madrid.org\/index.php\/2011\/11\/21\/discurso-rabino-yonah-metzger-1\/","title":{"rendered":"Discurso Rabino Yonah Metzger"},"content":{"rendered":"<p>Discurso del rabino jefe de Israel, Yonah Metzger, dirigido a Su Santidad el Papa Benedicto XVI al ser recibido por este en audiencia el jueves 10 de noviembre de 2011.<\/p>\n<p>Su Santidad,<br \/>Valoramos mucho esta \u00fanica e hist\u00f3rica oportunidad en la que nosotros, los l\u00edderes de las comunidades religiosas de Israel, un pa\u00eds que es santo para todos nosotros, nos hemos unido para reunirnos con usted.<br \/>Tierra Santa comprende muchas religiones, y creo que no hay otro lenguaje capaz de resolver los problemas de Oriente Medio que no sea el lenguaje de la religi\u00f3n, hablado por sus l\u00edderes; despu\u00e9s de todo, el amor a esta tierra deriva de los sentimientos religiosos.<br \/>Agradecemos al Todopoderoso que la tierra de Israel pueda servir de ejemplo para el mundo entero por la manera en que las muchas y distintas religiones viven y se relacionan mutuamente. Hacemos esto con un esp\u00edritu de absoluta libertad religiosa y observancia, y en un esp\u00edritu de mutuo respeto y consideraci\u00f3n.<br \/>Su Santidad,<br \/>Durante su impresionante y emocionante visita a Tierra Santa, me acord\u00e9 de una de las muy famosas profec\u00edas &#8211;la de Ezequiel cap\u00edtulo 37, la profec\u00eda de los huesos secos. All\u00ed el Todopoderoso le promete: \u00abYo abrir\u00e9 vuestras tumbas, os har\u00e9 salir de ellas, y os har\u00e9 volver, pueblo m\u00edo, a la tierra de Israel. Y as\u00ed sabr\u00e9is que yo, el Se\u00f1or, lo he dicho y lo har\u00e9\u00bb.<br \/>Creemos que esta dirigida a nosotros. Yo soy hijo de una familia que fue aniquilada en su mayor parte durante la Shoah en Polonia y en Alemania. El resto de estos jud\u00edos regresaron como huesos secos a nuestro pa\u00eds despu\u00e9s de la guerra. Creemos que s\u00f3lo gracias al Esp\u00edritu Divino pudieron volver y participar en la reconstrucci\u00f3n de la tierra, cumpliendo as\u00ed las palabras del profeta.<br \/>En la actualidad, tambi\u00e9n nos encontramos en una cita hist\u00f3rica. Esta noche, el 10 de noviembre de hace 73 a\u00f1os, nuestras sinagogas fueron destruidas durante la Kristallnacht, la noche de los cristales rotos. Este terrible suceso, durante el que las manos de los nazis destruyeron cientos de sinagogas, rollos de la Torah y otros libros sagrados, marc\u00f3 el principio del Holocausto, la peor tragedia de nuestra historia. S\u00f3lo termin\u00f3 despu\u00e9s de la muerte de seis millones de personas, entre las que muchas eran mujeres y ni\u00f1os, cuyo crimen era ser jud\u00edos.<br \/>Desgraciadamente, el Sat\u00e1n del odio no descansa. Los que niegan el Holocausto alzan sus cabezas en p\u00fablico, cuando a\u00fan hay entre nosotros supervivientes que todav\u00eda lucen el n\u00famero tatuado en su brazo, un prueba viviente de la atrocidad. Sin embargo, los que lo niegan no paran, y un presidente de un pa\u00eds al este del \u00c9ufrates contin\u00faa prometiendo que nos aniquilar\u00e1 a nosotros y a nuestro estado.<br \/>Desgraciadamente, el mundo escucha y reacciona con una charla irrelevante y sin sentido. La misma reacci\u00f3n que tuvo cuando los nazis subieron al poder. Este atronador silencio s\u00f3lo anim\u00f3 m\u00e1s a los conspiradores maliciosos para seguir adelante con sus planes.<br \/>Nosotros, los l\u00edderes religiosos de Tierra Santa hemos venido a probar, de una vez por todas, que podemos vivir en paz, que lo hacemos en el respeto mutuo y el aprecio, en libertad para servir a nuestro Se\u00f1or de acuerdo con las palabras del profeta: cada uno siguiendo sus creencias.<br \/>Nosotros, el Consejo de L\u00edderes Religiosos de Tierra Santa, en el estado de Israel, deseamos, a trav\u00e9s de usted y de los l\u00edderes religiosos de otros pa\u00edses, que por favor difundan este mensaje de respeto y de reciprocidad a sus pa\u00edses. No hay raz\u00f3n por la que los hijos de Abraham no puedan vivir en paz los unos con los otros. \u00bfPor qu\u00e9 deber\u00edamos causar tristeza a nuestro Se\u00f1or del Cielo?<br \/>Esperamos que nuestro pa\u00eds sea un lugar donde el mensaje de paz y las profec\u00edas de la Biblia se cumplan.<br \/>Su Santidad,<br \/>Apreciamos su amable hospitalidad y su bendita actividad por la paz mundial. Continuaremos rezando unidos para que las palabras de Isa\u00edas se cumplan: \u00abCon sus espadas forjar\u00e1n arados y podaderas con sus lanzas. No levantar\u00e1 la espada una naci\u00f3n contra otra ni se adiestrar\u00e1n m\u00e1s para la guerra&#8230;\u00bb y en las palabras de los salmos: \u00abEl Se\u00f1or fortalece a su pueblo, el Se\u00f1or bendice a su pueblo con la paz\u00bb. Amen.<\/p>\n","protected":false},"excerpt":{"rendered":"<p>Discurso del rabino jefe de Israel, Yonah Metzger, dirigido a Su Santidad el Papa Benedicto XVI al ser recibido por este en audiencia el jueves 10 de noviembre de 2011. Su Santidad,Valoramos mucho esta \u00fanica e hist\u00f3rica oportunidad en la que nosotros, los l\u00edderes de las comunidades religiosas de Israel, un pa\u00eds que es santo [&hellip;]<\/p>\n","protected":false},"author":1,"featured_media":0,"comment_status":"open","ping_status":"open","sticky":false,"template":"","format":"standard","meta":{"_et_pb_use_builder":"","_et_pb_old_content":"","_et_gb_content_width":"","footnotes":""},"categories":[1],"tags":[],"class_list":["post-378","post","type-post","status-publish","format-standard","hentry","category-uncategorized"],"_links":{"self":[{"href":"https:\/\/cejc-madrid.org\/index.php\/wp-json\/wp\/v2\/posts\/378","targetHints":{"allow":["GET"]}}],"collection":[{"href":"https:\/\/cejc-madrid.org\/index.php\/wp-json\/wp\/v2\/posts"}],"about":[{"href":"https:\/\/cejc-madrid.org\/index.php\/wp-json\/wp\/v2\/types\/post"}],"author":[{"embeddable":true,"href":"https:\/\/cejc-madrid.org\/index.php\/wp-json\/wp\/v2\/users\/1"}],"replies":[{"embeddable":true,"href":"https:\/\/cejc-madrid.org\/index.php\/wp-json\/wp\/v2\/comments?post=378"}],"version-history":[{"count":0,"href":"https:\/\/cejc-madrid.org\/index.php\/wp-json\/wp\/v2\/posts\/378\/revisions"}],"wp:attachment":[{"href":"https:\/\/cejc-madrid.org\/index.php\/wp-json\/wp\/v2\/media?parent=378"}],"wp:term":[{"taxonomy":"category","embeddable":true,"href":"https:\/\/cejc-madrid.org\/index.php\/wp-json\/wp\/v2\/categories?post=378"},{"taxonomy":"post_tag","embeddable":true,"href":"https:\/\/cejc-madrid.org\/index.php\/wp-json\/wp\/v2\/tags?post=378"}],"curies":[{"name":"wp","href":"https:\/\/api.w.org\/{rel}","templated":true}]}}