{"id":394,"date":"2011-12-07T08:53:04","date_gmt":"2011-12-07T08:53:04","guid":{"rendered":"https:\/\/upbeat-goodall.82-223-35-84.plesk.page\/index.php\/2011\/12\/07\/fiesta-20-de-enero-1\/"},"modified":"2011-12-07T08:53:04","modified_gmt":"2011-12-07T08:53:04","slug":"fiesta-20-de-enero-1","status":"publish","type":"post","link":"https:\/\/cejc-madrid.org\/index.php\/2011\/12\/07\/fiesta-20-de-enero-1\/","title":{"rendered":"Fiesta 20 de Enero"},"content":{"rendered":"<p style=\"text-align: justify;\">El lunes 20 de enero de 2014, como todos los a\u00f1os celebraremos la Fiesta de la Congregaci\u00f3n de Nuestra Se\u00f1ora de Si\u00f3n.<\/p>\n<p style=\"text-align: justify;\">Os esperamos a todos los que nos quer\u00e1is acompa\u00f1ar. Celebraremos una Eucarist\u00eda a las 8 de la tarde y despu\u00e9s compartiremos un \u00e1gape fraterno.<\/p>\n<p style=\"text-align: justify;\">En nuestra sede de Hilari\u00f3n Eslava, 50&nbsp; 6\u00ba izda.<\/p>\n","protected":false},"excerpt":{"rendered":"<p>El lunes 20 de enero de 2014, como todos los a\u00f1os celebraremos la Fiesta de la Congregaci\u00f3n de Nuestra Se\u00f1ora de Si\u00f3n. Os esperamos a todos los que nos quer\u00e1is acompa\u00f1ar. Celebraremos una Eucarist\u00eda a las 8 de la tarde y despu\u00e9s compartiremos un \u00e1gape fraterno. En nuestra sede de Hilari\u00f3n Eslava, 50&nbsp; 6\u00ba izda.<\/p>\n","protected":false},"author":1,"featured_media":0,"comment_status":"open","ping_status":"open","sticky":false,"template":"","format":"standard","meta":{"_et_pb_use_builder":"","_et_pb_old_content":"","_et_gb_content_width":"","footnotes":""},"categories":[1],"tags":[71,70,69],"class_list":["post-394","post","type-post","status-publish","format-standard","hentry","category-uncategorized","tag-20-de-enero","tag-congregacion-nuestra-senora-de-sion","tag-fiesta"],"_links":{"self":[{"href":"https:\/\/cejc-madrid.org\/index.php\/wp-json\/wp\/v2\/posts\/394","targetHints":{"allow":["GET"]}}],"collection":[{"href":"https:\/\/cejc-madrid.org\/index.php\/wp-json\/wp\/v2\/posts"}],"about":[{"href":"https:\/\/cejc-madrid.org\/index.php\/wp-json\/wp\/v2\/types\/post"}],"author":[{"embeddable":true,"href":"https:\/\/cejc-madrid.org\/index.php\/wp-json\/wp\/v2\/users\/1"}],"replies":[{"embeddable":true,"href":"https:\/\/cejc-madrid.org\/index.php\/wp-json\/wp\/v2\/comments?post=394"}],"version-history":[{"count":0,"href":"https:\/\/cejc-madrid.org\/index.php\/wp-json\/wp\/v2\/posts\/394\/revisions"}],"wp:attachment":[{"href":"https:\/\/cejc-madrid.org\/index.php\/wp-json\/wp\/v2\/media?parent=394"}],"wp:term":[{"taxonomy":"category","embeddable":true,"href":"https:\/\/cejc-madrid.org\/index.php\/wp-json\/wp\/v2\/categories?post=394"},{"taxonomy":"post_tag","embeddable":true,"href":"https:\/\/cejc-madrid.org\/index.php\/wp-json\/wp\/v2\/tags?post=394"}],"curies":[{"name":"wp","href":"https:\/\/api.w.org\/{rel}","templated":true}]}}