{"id":40,"date":"2011-11-04T11:09:45","date_gmt":"2011-11-04T11:09:45","guid":{"rendered":"https:\/\/upbeat-goodall.82-223-35-84.plesk.page\/index.php\/2011\/11\/04\/el-olivo-no-35\/"},"modified":"2011-11-04T11:09:45","modified_gmt":"2011-11-04T11:09:45","slug":"el-olivo-no-35","status":"publish","type":"post","link":"https:\/\/cejc-madrid.org\/index.php\/2011\/11\/04\/el-olivo-no-35\/","title":{"rendered":"El Olivo n\u00ba 35"},"content":{"rendered":"<p align=\"center\"><b>EL OLIVO    n\u00ba 35<\/b><\/p>\n<p align=\"center\">\u00a0<\/p>\n<p align=\"center\">Enero-Julio 1992<\/p>\n<p align=\"center\">\u00a0<\/p>\n<p align=\"center\"><span style=\"text-decoration: underline;\">\u00cdndice<\/span><\/p>\n<p align=\"left\">\u00a0<\/p>\n<p align=\"left\"><b>El  judeocristianismo y los or\u00edgenes del gnosticismo. Ex\u00e9gesis veterotestamentaria  de los escritos judeocristianos y gn\u00f3sticos<\/b><i> &#8211; Julio Trebolle Barrera<\/i><b>&nbsp;<\/b><\/p>\n<p align=\"left\"><b>Jezabel y Elias-<\/b><i><b> <\/b>Pilar Fern\u00e1ndez Uriel<\/i><b>&nbsp;<\/b><\/p>\n<p align=\"left\"><b>\u00bfPor qu\u00e9 Dios ha  hecho mayor promesa a las mujeres que a los hombres? Parafraseando Berakot  17a &#8211;<\/b><i><b> <\/b>Corona Garc\u00eda D\u00edaz de  Brito<\/i><b>&nbsp;<\/b><\/p>\n<p align=\"left\"><b>Ra\u00edz y ventura  de San Juan de la Cruz &#8211;<\/b><i><b> <\/b>Jos\u00e9 G\u00f3mez-Menor Fuentes<\/i><b>&nbsp;<\/b><\/p>\n<p align=\"left\"><b>Yehuda Ha-Levi y  el mar &#8211;<\/b><i><b> <\/b>Rosa Castillo<\/i><b>&nbsp;<\/b><\/p>\n<p style=\"text-align: justify;\" align=\"center\"><b>Los jud\u00edos en  Italia &#8211;<\/b><i><b> <\/b>Sor Esperanza Mary<b>&nbsp;<\/b><\/i><\/p>\n<p style=\"text-align: justify;\" align=\"center\">\u00a0<\/p>\n<p style=\"text-align: justify;\" align=\"center\"><i><b>Documentaci\u00f3n<\/b><\/i><\/p>\n<p style=\"text-align: justify;\" align=\"center\">Cardenal D. Marcelo  Gonz\u00e1lez<\/p>\n<p style=\"text-align: justify;\" align=\"left\">En la sinagoga de Santa Mar\u00eda la  Blanca Toledo 26 marzo 1992. Palabras de saludo<\/p>\n<p style=\"text-align: justify;\" align=\"left\">Declaraci\u00f3n del Excmo.  Sr. Ram\u00f3n Torrella<\/p>\n<p style=\"text-align: justify;\" align=\"left\">Contestaci\u00f3n.  Presidente de la \u00abMisi\u00f3n de Espa\u00f1a\u00bb de la Conferencia Central Americana de  Rabinos<\/p>\n<p style=\"text-align: justify;\" align=\"left\">S.M. el Rey  Juan Carlos  I<\/p>\n<p style=\"text-align: justify;\" align=\"left\">Discurso del Presidente de Israel,  31 marzo 1992<\/p>\n<p style=\"text-align: justify;\" align=\"left\">Excmo. Sr. Haim Herzog,  Presidente<\/p>\n","protected":false},"excerpt":{"rendered":"<p>EL OLIVO n\u00ba 35 \u00a0 Enero-Julio 1992 \u00a0 \u00cdndice \u00a0 El judeocristianismo y los or\u00edgenes del gnosticismo. Ex\u00e9gesis veterotestamentaria de los escritos judeocristianos y gn\u00f3sticos &#8211; Julio Trebolle Barrera&nbsp; Jezabel y Elias- Pilar Fern\u00e1ndez Uriel&nbsp; \u00bfPor qu\u00e9 Dios ha hecho mayor promesa a las mujeres que a los hombres? Parafraseando Berakot 17a &#8211; Corona Garc\u00eda [&hellip;]<\/p>\n","protected":false},"author":1,"featured_media":0,"comment_status":"open","ping_status":"open","sticky":false,"template":"","format":"standard","meta":{"_et_pb_use_builder":"","_et_pb_old_content":"","_et_gb_content_width":"","footnotes":""},"categories":[25],"tags":[],"class_list":["post-40","post","type-post","status-publish","format-standard","hentry","category-revista-qel-olivoq"],"_links":{"self":[{"href":"https:\/\/cejc-madrid.org\/index.php\/wp-json\/wp\/v2\/posts\/40","targetHints":{"allow":["GET"]}}],"collection":[{"href":"https:\/\/cejc-madrid.org\/index.php\/wp-json\/wp\/v2\/posts"}],"about":[{"href":"https:\/\/cejc-madrid.org\/index.php\/wp-json\/wp\/v2\/types\/post"}],"author":[{"embeddable":true,"href":"https:\/\/cejc-madrid.org\/index.php\/wp-json\/wp\/v2\/users\/1"}],"replies":[{"embeddable":true,"href":"https:\/\/cejc-madrid.org\/index.php\/wp-json\/wp\/v2\/comments?post=40"}],"version-history":[{"count":0,"href":"https:\/\/cejc-madrid.org\/index.php\/wp-json\/wp\/v2\/posts\/40\/revisions"}],"wp:attachment":[{"href":"https:\/\/cejc-madrid.org\/index.php\/wp-json\/wp\/v2\/media?parent=40"}],"wp:term":[{"taxonomy":"category","embeddable":true,"href":"https:\/\/cejc-madrid.org\/index.php\/wp-json\/wp\/v2\/categories?post=40"},{"taxonomy":"post_tag","embeddable":true,"href":"https:\/\/cejc-madrid.org\/index.php\/wp-json\/wp\/v2\/tags?post=40"}],"curies":[{"name":"wp","href":"https:\/\/api.w.org\/{rel}","templated":true}]}}