{"id":409,"date":"2012-03-23T11:00:38","date_gmt":"2012-03-23T11:00:38","guid":{"rendered":"https:\/\/upbeat-goodall.82-223-35-84.plesk.page\/index.php\/2012\/03\/23\/encomienda-orden-merito-civil-1\/"},"modified":"2012-03-23T11:00:38","modified_gmt":"2012-03-23T11:00:38","slug":"encomienda-orden-merito-civil-1","status":"publish","type":"post","link":"https:\/\/cejc-madrid.org\/index.php\/2012\/03\/23\/encomienda-orden-merito-civil-1\/","title":{"rendered":"Encomienda Orden M\u00e9rito Civil"},"content":{"rendered":"<p style=\"text-align: center;\"><strong>CONCESI\u00d3N DE PREMIO A SOR IONEL MIHALOVICI<img loading=\"lazy\" decoding=\"async\" class=\" alignleft size-full wp-image-124\" style=\"margin: 4px 9px 4px 4px; float: left;\" src=\"https:\/\/cejc-madrid.org\/wp-content\/uploads\/2012\/03\/encomienda.jpg\" height=\"108\" width=\"58\" \/><\/strong><\/p>\n<p>&nbsp;&nbsp;&nbsp; En el 40\u00ba aniversario del Centro de Estudios Judeo-Cristianos, instituci\u00f3n erigida por el Arzobispado de Madrid en 1972, tiene el placer de comunicar a sus socios y amigos que el Ministerio de Asuntos Exteriores y de Cooperaci\u00f3n  ha tenido a bien otorgar la <strong><em>\u00abEncomienda de la Orden del M\u00e9rito Civil\u00bb<\/em><\/strong> a Sor Ionel Mihalovici Blumenfeld, Religiosa de Nuestra Se\u00f1ora de Sion, por su labor durante muchos a\u00f1os como directora del Centro de Estudios Judeo-Cristianos de Madrid.<br \/>&nbsp;&nbsp; Por este motivo la Junta Directiva del CEJC desea expresar su satisfacci\u00f3n por este reconocimiento a la labor realizada por Sor Ionel al frente de esta instituci\u00f3n en el di\u00e1logo entre jud\u00edos y cristianos. Su trabajo y personalidad han sido como agua fecunda que ha hecho florecer las relaciones judeo-cristianas.<br \/>&nbsp;&nbsp; La imposici\u00f3n de la <em><strong>Encomienda de la Orden del M\u00e9rito Civil<\/strong><\/em> tendr\u00e1 lugar (D.m.) el pr\u00f3ximo d\u00eda 29 de marzo a las 19,30 en la sede de Sefarad-Israel, c\/ Mayor, 69   de Madrid, en un acto abierto.<br \/>&nbsp;&nbsp; Deseamos contar con vuestra presencia para manifestar a Sor Ionel el cari\u00f1o y admiraci\u00f3n que todos sentimos hacia ella.<\/p>\n<p>\u00a0<\/p>\n<p style=\"text-align: justify;\">En el acto de entrega Sor Ionel dijo las siguientes palabras:<br \/><em>\u00abEn el Tratado de Taanit se dice acerca del sabio Nahum de Guimzo: \u00bfPor qu\u00e9 se llama Nahum el de Guimzo? Porque ante cualquier cosa que le ocurr\u00eda, sol\u00eda decir: Gam zo le tova&#8230; \u00abtambi\u00e9n esto es para bien\u00bb (Taa. 21\u00aa).<\/em><\/p>\n<p style=\"text-align: justify;\"><em>Quisiera desear que el Acto de hoy sea tambi\u00e9n \u00abpara el bien\u00bb de todos los que trabajamos desde hace 40 a\u00f1os, para establecer y desarrollar las <\/em><em>relaciones de respeto y verdadera amistad entre jud\u00edos y cristianos, y entre Israel y Espa\u00f1a.<\/em><br \/><em><img loading=\"lazy\" decoding=\"async\" class=\" alignleft size-full wp-image-125\" alt=\"Sor Ionel - Encomienda Orden Merito Civil\" style=\"margin: 5px 5px 3px; float: left;\" src=\"https:\/\/cejc-madrid.org\/wp-content\/uploads\/2012\/03\/imagen1.png\" title=\"Sor Ionel Medalla\" height=\"345\" width=\"140\" srcset=\"https:\/\/cejc-madrid.org\/wp-content\/uploads\/2012\/03\/imagen1.png 252w, https:\/\/cejc-madrid.org\/wp-content\/uploads\/2012\/03\/imagen1-122x300.png 122w\" sizes=\"(max-width: 140px) 100vw, 140px\" \/>Efectivamente, el 21 de Septiembre de este a\u00f1o, el Centro de Estudios Judeo-Cristianos del Arzobispado de Madrid, va a celebrar el  40 aniversario del Decreto de  su Erecci\u00f3n por Monse\u00f1or Taranc\u00f3n.<\/em><br \/><em>En 1972, nuestro Centro era aun muy peque\u00f1o, pero \u00fanico en Espa\u00f1a por la misi\u00f3n que se le hab\u00eda asignado de acercamiento y mutua comprensi\u00f3n entre jud\u00edos y cristianos. Peque\u00f1o en sus comienzos, pero animado con mucho inter\u00e9s por los primeros amigos entre los que no puedo dejar de mencionar a nuestro querido Samuel Toledano, a Sor Esperanza, a D. Vicente Serrano y al Rabino Baruj Garzon y dem\u00e1s miembros de la primera junta directiva.<\/em><br \/><em>De todos ellos guardo un grato recuerdo por su dedicaci\u00f3n a las tareas del Centro y sobre todo por la fe que demostraron en los ideales de fraternidad que siempre compartimos. <\/em><\/p>\n<p style=\"text-align: justify;\"><em>Como \u00fanico Centro de las relaciones entre el Juda\u00edsmo y la Iglesia, nuestro peque\u00f1o Centro no tard\u00f3 en aglutinar a su alrededor, a hombres y mujeres de buena voluntad que pronto lo hicieron crecer.<\/em><br \/><em>La Biblioteca, \u00fanica entonces en su g\u00e9nero, atra\u00eda cada vez m\u00e1s a investigadores y estudiosos de la espiritualidad com\u00fan a jud\u00edos y cristianos. Los Cursos de Hebreo se abrieron pronto al mundo universitario. El programa anual de conferencias, abierto y clausurado por personalidades de ambas religiones, y en el que participaban distin-guidos conferenciantes, alcanzaban cada vez mayor audiencia.<\/em><br \/><em>Afortunadamente, son muchas las iniciativas que promueven hoy, los ideales que germinaron en el Centro. Por ello, nos hemos de felicitar, deseando que entre todos seamos capaces de proseguir la labor, hoy quiz\u00e1s m\u00e1s necesaria que nunca, de contri-buir a trav\u00e9s del di\u00e1logo y el com\u00fan esfuerzo, a crear un mundo mejor, m\u00e1s pac\u00edfico, m\u00e1s fraterno y m\u00e1s digno de su Creador.<\/em><br \/><em>Quisiera agradecer muy especialmente a las personas que hoy d\u00eda trabajan con mucha dedicaci\u00f3n para que esta tarea tan importante se siga desarroll\u00e1ndo y ampliando sus actividades.<\/em><br \/><em>Juntos seguiremos cantando las bellas palabras del Salmo que compuso el Rey David: \u00abHinn\u00e9 ma tob  uma naim, shebet ajim gam yajad&#8230;qu\u00e9 hermoso y placentero es estar los hermanos juntos\u00bb<\/em><\/p>\n","protected":false},"excerpt":{"rendered":"<p>CONCESI\u00d3N DE PREMIO A SOR IONEL MIHALOVICI &nbsp;&nbsp;&nbsp; En el 40\u00ba aniversario del Centro de Estudios Judeo-Cristianos, instituci\u00f3n erigida por el Arzobispado de Madrid en 1972, tiene el placer de comunicar a sus socios y amigos que el Ministerio de Asuntos Exteriores y de Cooperaci\u00f3n ha tenido a bien otorgar la \u00abEncomienda de la Orden [&hellip;]<\/p>\n","protected":false},"author":1,"featured_media":124,"comment_status":"open","ping_status":"open","sticky":false,"template":"","format":"standard","meta":{"_et_pb_use_builder":"","_et_pb_old_content":"","_et_gb_content_width":"","footnotes":""},"categories":[1],"tags":[44,50,100,98,99,97,101],"class_list":["post-409","post","type-post","status-publish","format-standard","has-post-thumbnail","hentry","category-uncategorized","tag-arzobispado-de-madrid","tag-centro-estudios-judeo-cristianos","tag-cesar-franco","tag-ionel","tag-jesus-historico","tag-merito-civil","tag-obispo-auxiliar"],"_links":{"self":[{"href":"https:\/\/cejc-madrid.org\/index.php\/wp-json\/wp\/v2\/posts\/409","targetHints":{"allow":["GET"]}}],"collection":[{"href":"https:\/\/cejc-madrid.org\/index.php\/wp-json\/wp\/v2\/posts"}],"about":[{"href":"https:\/\/cejc-madrid.org\/index.php\/wp-json\/wp\/v2\/types\/post"}],"author":[{"embeddable":true,"href":"https:\/\/cejc-madrid.org\/index.php\/wp-json\/wp\/v2\/users\/1"}],"replies":[{"embeddable":true,"href":"https:\/\/cejc-madrid.org\/index.php\/wp-json\/wp\/v2\/comments?post=409"}],"version-history":[{"count":0,"href":"https:\/\/cejc-madrid.org\/index.php\/wp-json\/wp\/v2\/posts\/409\/revisions"}],"wp:featuredmedia":[{"embeddable":true,"href":"https:\/\/cejc-madrid.org\/index.php\/wp-json\/wp\/v2\/media\/124"}],"wp:attachment":[{"href":"https:\/\/cejc-madrid.org\/index.php\/wp-json\/wp\/v2\/media?parent=409"}],"wp:term":[{"taxonomy":"category","embeddable":true,"href":"https:\/\/cejc-madrid.org\/index.php\/wp-json\/wp\/v2\/categories?post=409"},{"taxonomy":"post_tag","embeddable":true,"href":"https:\/\/cejc-madrid.org\/index.php\/wp-json\/wp\/v2\/tags?post=409"}],"curies":[{"name":"wp","href":"https:\/\/api.w.org\/{rel}","templated":true}]}}