{"id":411,"date":"2012-03-27T09:29:05","date_gmt":"2012-03-27T09:29:05","guid":{"rendered":"https:\/\/upbeat-goodall.82-223-35-84.plesk.page\/index.php\/2012\/03\/27\/premio-samuel-toledano-entrevista-sor-ionel-1\/"},"modified":"2012-03-27T09:29:05","modified_gmt":"2012-03-27T09:29:05","slug":"premio-samuel-toledano-entrevista-sor-ionel-1","status":"publish","type":"post","link":"https:\/\/cejc-madrid.org\/index.php\/2012\/03\/27\/premio-samuel-toledano-entrevista-sor-ionel-1\/","title":{"rendered":"Premio Samuel Toledano-Entrevista Sor Ionel"},"content":{"rendered":"<p>\u00a0<\/p>\n<p style=\"text-align: center;\">Entrevista a sor Ionel Mihalovici, Premio Samuel Toledano<\/p>\n<p style=\"text-align: center;\">El juda\u00edsmo, necesario para entender el Evangelio<\/p>\n<p><img loading=\"lazy\" decoding=\"async\" class=\" alignleft size-full wp-image-128\" style=\"margin: 4px; float: left;\" src=\"https:\/\/cejc-madrid.org\/wp-content\/uploads\/2012\/03\/foto-sor-ionel.jpg\" alt=\"Sor Ionel Mihalovici\" width=\"145\" height=\"270\" \/>Se llama Ionel Mihalovici. Naci\u00f3 en Transilvania (Ruman\u00eda), en el seno de una familia jud\u00eda. Sin embargo, gracias a su infancia en el colegio de Nuestra Se\u00f1ora de Si\u00f3n, descubri\u00f3 que su vocaci\u00f3n se encontraba en la consagraci\u00f3n a Cristo, como religiosa de esta Congregaci\u00f3n. Tanto su familia como ella vivieron la segunda guerra mundial en una zona tan peligrosa, para un jud\u00edo entonces, como era su pa\u00eds natal, y por eso se vieron obligados a exiliarse a Israel. All\u00ed Sor Ionel comenz\u00f3 su noviciado. Desde el a\u00f1o 1963, Espa\u00f1a ha tenido la suerte de contar con ella en el Centro de estudios judeo-cristianos, que hoy tiene su sede en la calle Hilari\u00f3n Eslava, n\u00famero 50, de Madrid. All\u00ed sor Ionel ha estudiado, publicado diferentes libros, ha impartido e imparte cursos de Biblia, tambi\u00e9n en diferentes parroquias de la ciudad, y ha dado vida a un Centro que organiza conferencias semanales, seminarios, exposiciones, excursiones, cursos de Hebreo; y cuenta con una completa biblioteca para uso de cualquier investigador.<br \/>El pr\u00f3ximo 9 de noviembre, en reconocimiento a su vida de investigaci\u00f3n sobre las relaciones judeo-cristianas, se le conceder\u00e1 en Jerusal\u00e9n el Premio Samuel Toledano, un prestigioso galard\u00f3n que se concede a investigadores y escritores residentes en Israel y Espa\u00f1a, con obras dedicadas a la historia de los jud\u00edos en Espa\u00f1a y en la di\u00e1spora sefard\u00ed, y a su patrimonio cultural, as\u00ed como los que trabajan por las relaciones entre jud\u00edos, cristianos y musulmanes en Espa\u00f1a.<\/p>\n<p>Alfa y Omega ha hablado con ella A. Llamas Palacios<\/p>\n<p>\u00a0<\/p>\n<p>C\u00f3mo naci\u00f3 la Congregaci\u00f3n de Nuestra Se\u00f1ora de Si\u00f3n?<br \/>La Congregaci\u00f3n fue fundada en 1842, por dos hermanos jud\u00edos de Estrasburgo. El hermano mayor, Teodoro, se hizo cristiano estudiando y buscando, mientras que el hermano menor, que era muy distinto a su hermano, fue por casualidad a Roma, y visitando iglesias un domingo, tuvo una aparici\u00f3n de la Virgen. Entonces \u00e9l tambi\u00e9n se bautiz\u00f3, se hizo sacerdote, y le dijo a su hermano que ten\u00edan que fundar, porque hab\u00eda congregaciones con muchos carismas distintos, pero nada en la Iglesia para las relaciones con el pueblo jud\u00edo; por eso fundaron esta congregaci\u00f3n de Nuestra Se\u00f1ora de Si\u00f3n: para implantar en la Iglesia la relaci\u00f3n con el pueblo jud\u00edo y manifestar el amor de Dios por su pueblo, que nunca ha terminado. Actualmente, la Congregaci\u00f3n cuenta con unos 600 miembros, pero estamos todos muy dispersos. Los fundadores quer\u00edan que estuvi\u00e9ramos en cuantos m\u00e1s sitios posibles.<\/p>\n<p>\u00bfCu\u00e1ndo y c\u00f3mo fue su conversi\u00f3n al cristianismo?<br \/>En el a\u00f1o 40. Eran los comienzos de la segunda guerra mundial. Los alemanes entraron en mi pa\u00eds en enero del 41; y toda nuestra familia nos fuimos para Israel. Viv\u00ed en Tel Aviv un a\u00f1o, despu\u00e9s inici\u00e9 el noviciado en Jerusal\u00e9n. Y m\u00e1s tarde estuve un tiempo en Egipto, en un colegio. Desde el a\u00f1o 63 estoy aqu\u00ed, en Espa\u00f1a.<\/p>\n<p>\u00bfC\u00f3mo supo su familia que deb\u00edan ustedes huir de Alemania?<br \/>Se ve\u00eda. La gente que estaba un poco atenta se daba cuenta. Mi padre ten\u00eda una sociedad de transporte internacional con mis t\u00edos, y por eso<br \/>sab\u00edan c\u00f3mo estaba la situaci\u00f3n.<\/p>\n<p>\u00bfY c\u00f3mo se tom\u00f3 su familia su conversi\u00f3n, su paso al cristianismo?<br \/>Mi familia no era muy practicante, y ten\u00eda la teor\u00eda de que cada uno ten\u00eda que hacer su vida y ser felices. \u00a1Hombre! no saltaron de alegr\u00eda, pero dijeron que ten\u00eda que seguir mi camino. De hecho, tengo muy buenas relaciones con mi familia, paso los veranos con ellos, en Israel.<\/p>\n<p>\u00bfEn qu\u00e9 se ha centrado su estudio sobre las relaciones judeocristianas?<br \/>He tocado muchos temas de las ra\u00edces jud\u00edas: Jes\u00fas como hombre jud\u00edo, el juda\u00edsmo en el tiempo de Jes\u00fas. Explico a los cristianos c\u00f3mo podemos comprender mejor el Evangelio conociendo el juda\u00edsmo, pues el Nuevo Testamento est\u00e1 escrito con la mentalidad de aquel tiempo&#8230;, y conociendo la ex\u00e9gesis jud\u00eda, se comprende mucho mejor. \u00daltimamente, he hecho un trabajo sobre las fiestas jud\u00edas en el Talmud y en la tradici\u00f3n, la ra\u00edz de nuestras fiestas; tambi\u00e9n un trabajo sobre las ra\u00edces jud\u00edas de la liturgia cristiana, que va a publicarse en nuestra revista El Olivo.<\/p>\n<p>\u00bfQu\u00e9 siente ante la entrega de un premio como el Samuel Toledano?<br \/>Samuel Toledano era una gran personalidad de la comunidad jud\u00eda en Espa\u00f1a. Era brillante, particip\u00f3 mucho en los medios de comunicaci\u00f3n, y sobre todo con nosotros, y en las relaciones judeocristianas. Cuando falleci\u00f3, su familia instituy\u00f3 un Premio que dan todos los a\u00f1os en Israel a investigadores y escritores residentes en Israel y en Espa\u00f1a, con obras dedicadas a las relaciones judeocristianas. Como se da solamente a personas, y no a instituciones, no se lo pod\u00edan dar al Centro como tal, y me lo dieron a m\u00ed para ayudar a la instituci\u00f3n.<\/p>\n<p>\u00bfQu\u00e9 piensa un jud\u00edo de Jesucristo?<br \/>Que es un gran sabio, un gran rabino. Hay profesores, como David Flusser, que acaba de morir, que era un hombre muy sabio y un jud\u00edo muy practicante, y ten\u00eda por la figura de Jes\u00fas un gran amor. Precisamente escribi\u00f3 un libro que se llamaba Jes\u00fas en sus palabras y en su tiempo, traducido en Ediciones Cristiandad, y se comprende mucho mejor la persona de Jes\u00fas conociendo el juda\u00edsmo que \u00c9l mismo vivi\u00f3, el mundo y la historia a la que perteneci\u00f3. El Papa ha subrayado mucho estos aspectos. Este Papa es extraordinario en las relaciones judeocristianas. Es el primer Papa, despu\u00e9s de 2000 a\u00f1os, que ha visitado una sinagoga.<\/p>\n","protected":false},"excerpt":{"rendered":"<p>\u00a0 Entrevista a sor Ionel Mihalovici, Premio Samuel Toledano El juda\u00edsmo, necesario para entender el Evangelio Se llama Ionel Mihalovici. Naci\u00f3 en Transilvania (Ruman\u00eda), en el seno de una familia jud\u00eda. Sin embargo, gracias a su infancia en el colegio de Nuestra Se\u00f1ora de Si\u00f3n, descubri\u00f3 que su vocaci\u00f3n se encontraba en la consagraci\u00f3n a [&hellip;]<\/p>\n","protected":false},"author":1,"featured_media":128,"comment_status":"open","ping_status":"open","sticky":false,"template":"","format":"standard","meta":{"_et_pb_use_builder":"","_et_pb_old_content":"","_et_gb_content_width":"","footnotes":""},"categories":[1],"tags":[],"class_list":["post-411","post","type-post","status-publish","format-standard","has-post-thumbnail","hentry","category-uncategorized"],"_links":{"self":[{"href":"https:\/\/cejc-madrid.org\/index.php\/wp-json\/wp\/v2\/posts\/411","targetHints":{"allow":["GET"]}}],"collection":[{"href":"https:\/\/cejc-madrid.org\/index.php\/wp-json\/wp\/v2\/posts"}],"about":[{"href":"https:\/\/cejc-madrid.org\/index.php\/wp-json\/wp\/v2\/types\/post"}],"author":[{"embeddable":true,"href":"https:\/\/cejc-madrid.org\/index.php\/wp-json\/wp\/v2\/users\/1"}],"replies":[{"embeddable":true,"href":"https:\/\/cejc-madrid.org\/index.php\/wp-json\/wp\/v2\/comments?post=411"}],"version-history":[{"count":0,"href":"https:\/\/cejc-madrid.org\/index.php\/wp-json\/wp\/v2\/posts\/411\/revisions"}],"wp:featuredmedia":[{"embeddable":true,"href":"https:\/\/cejc-madrid.org\/index.php\/wp-json\/wp\/v2\/media\/128"}],"wp:attachment":[{"href":"https:\/\/cejc-madrid.org\/index.php\/wp-json\/wp\/v2\/media?parent=411"}],"wp:term":[{"taxonomy":"category","embeddable":true,"href":"https:\/\/cejc-madrid.org\/index.php\/wp-json\/wp\/v2\/categories?post=411"},{"taxonomy":"post_tag","embeddable":true,"href":"https:\/\/cejc-madrid.org\/index.php\/wp-json\/wp\/v2\/tags?post=411"}],"curies":[{"name":"wp","href":"https:\/\/api.w.org\/{rel}","templated":true}]}}