{"id":412,"date":"2012-03-27T10:43:22","date_gmt":"2012-03-27T10:43:22","guid":{"rendered":"https:\/\/upbeat-goodall.82-223-35-84.plesk.page\/index.php\/2012\/03\/27\/candelabro-de-la-paz-1\/"},"modified":"2012-03-27T10:43:22","modified_gmt":"2012-03-27T10:43:22","slug":"candelabro-de-la-paz-1","status":"publish","type":"post","link":"https:\/\/cejc-madrid.org\/index.php\/2012\/03\/27\/candelabro-de-la-paz-1\/","title":{"rendered":"Candelabro de la Paz"},"content":{"rendered":"<p>\u00a0<\/p>\n<p style=\"text-align: center;\">Menor\u00e1 Hashalom (Candelabro de la Paz)<\/p>\n<p>\u00a0<\/p>\n<p>&nbsp;&nbsp;&nbsp; El 10 y 11 de marzo de 2003, tuvo lugar en Paris el Segundo Encuentro Europeo entre Jud\u00edos y Cat\u00f3licos, organizado por el Congreso Jud\u00edo Europeo y el Congreso Jud\u00edo Mundial con la colaboraci\u00f3n del Consejo de Rabinos de Am\u00e9rica y del Norte y el Comit\u00e9 Episcopal por las Relaciones con el Juda\u00edsmo.<br \/>Un gran n\u00famero de personas fueron invitadas al Acto organizado por el Ayuntamiento de Paris. El Dr. Cicher Firedman, Presidente del Congreso Jud\u00edo Europeo introdujo las intervenciones sobre el tema: Jud\u00edos y Cat\u00f3licos en la construcci\u00f3n de Europa.<\/p>\n<p>&nbsp;&nbsp;&nbsp;&nbsp; En su alocuci\u00f3n el Sr. Nicolas Sarkozy, Ministro de Interior, habl\u00f3 de la importancia de respetar las religiones en el estado laico. Varios oradores tomaron luego la palabra, en primer lugar S.E. Cardenal Jean Marie Lustiger, arzobispo de Paris, sobre: El reencuentro entre jud\u00edo y cat\u00f3licos y el futuro de la civilizaci\u00f3n. El gran Rabino de Francia, Joseph Sitruk, alab\u00f3 el trabajo realizado y anim\u00f3 a continuar en el futuro. Otras intervenciones fueron la del Cardenal Marian Jaworski, Arzobispo de Lviv sobre: Jud\u00edos y cristianos en el Este de Europa; el profesor Israel Singer, Presidente de IJCIC, sobre Tsdaka \u2013 Caridad; el Cardenal Jorge Mar\u00eda Mej\u00eda, delegado de la Santa Sede, sobre  A nivel internacional, las relaciones religiosas entre jud\u00edos y cat\u00f3licos.<br \/>&nbsp;&nbsp;&nbsp; El encuentro termin\u00f3 con la entrega de la \u00abMenor\u00e1 Hashalom\u00bb (Candelabro de la Paz) a diferentes personas destacadas por su trabajo en el di\u00e1logo entre jud\u00edos y cat\u00f3licos: S.E. el Cardenal Jorge Mar\u00eda Mej\u00eda, Monse\u00f1or Jean-Paul Ricard, Monse\u00f1or Gaston Pulain, el Padre Dujardin, Sor Ionel Mihalovici de las Religiosas de Nuestra Se\u00f1ora de Si\u00f3n, y a D. Paul Thibaud, Presidente de la Amistad Judeo-Cristiana de Francia. Este magn\u00edfico candelabro es la reproducci\u00f3n de una de las 250 obras de Salvador Dal\u00ed, dedicadas al juda\u00edsmo<\/p>\n<p>\u00a0<\/p>\n<p>(&#8230;) El Padre Mariano Perr\u00f3n, representante del Cardenal de Madrid, introdujo su intervenci\u00f3n recordando la historia de la unidad religiosa en Espa\u00f1a y los cambios en el presente donde los derechos de todas las religiones est\u00e1n garantizados por un acuerdo con el Estado. Por citar solamente dos ejemplos, ning\u00fan examen puede ser exigido en la ense\u00f1anza a un alumno jud\u00edo en un d\u00eda de su fiesta y todas las religiones tienen los mismos derechos a exenciones fiscales.<\/p>\n","protected":false},"excerpt":{"rendered":"<p>\u00a0 Menor\u00e1 Hashalom (Candelabro de la Paz) \u00a0 &nbsp;&nbsp;&nbsp; El 10 y 11 de marzo de 2003, tuvo lugar en Paris el Segundo Encuentro Europeo entre Jud\u00edos y Cat\u00f3licos, organizado por el Congreso Jud\u00edo Europeo y el Congreso Jud\u00edo Mundial con la colaboraci\u00f3n del Consejo de Rabinos de Am\u00e9rica y del Norte y el Comit\u00e9 [&hellip;]<\/p>\n","protected":false},"author":1,"featured_media":0,"comment_status":"open","ping_status":"open","sticky":false,"template":"","format":"standard","meta":{"_et_pb_use_builder":"","_et_pb_old_content":"","_et_gb_content_width":"","footnotes":""},"categories":[1],"tags":[142,145,51,144,45,146,143],"class_list":["post-412","post","type-post","status-publish","format-standard","hentry","category-uncategorized","tag-candelabro-de-la-paz","tag-congreso-judio-mundial","tag-hebreo","tag-ionel-mihalovici","tag-judeo-cristianos","tag-paris","tag-sarkkozy"],"_links":{"self":[{"href":"https:\/\/cejc-madrid.org\/index.php\/wp-json\/wp\/v2\/posts\/412","targetHints":{"allow":["GET"]}}],"collection":[{"href":"https:\/\/cejc-madrid.org\/index.php\/wp-json\/wp\/v2\/posts"}],"about":[{"href":"https:\/\/cejc-madrid.org\/index.php\/wp-json\/wp\/v2\/types\/post"}],"author":[{"embeddable":true,"href":"https:\/\/cejc-madrid.org\/index.php\/wp-json\/wp\/v2\/users\/1"}],"replies":[{"embeddable":true,"href":"https:\/\/cejc-madrid.org\/index.php\/wp-json\/wp\/v2\/comments?post=412"}],"version-history":[{"count":0,"href":"https:\/\/cejc-madrid.org\/index.php\/wp-json\/wp\/v2\/posts\/412\/revisions"}],"wp:attachment":[{"href":"https:\/\/cejc-madrid.org\/index.php\/wp-json\/wp\/v2\/media?parent=412"}],"wp:term":[{"taxonomy":"category","embeddable":true,"href":"https:\/\/cejc-madrid.org\/index.php\/wp-json\/wp\/v2\/categories?post=412"},{"taxonomy":"post_tag","embeddable":true,"href":"https:\/\/cejc-madrid.org\/index.php\/wp-json\/wp\/v2\/tags?post=412"}],"curies":[{"name":"wp","href":"https:\/\/api.w.org\/{rel}","templated":true}]}}