{"id":418,"date":"2012-07-23T09:09:50","date_gmt":"2012-07-23T09:09:50","guid":{"rendered":"https:\/\/upbeat-goodall.82-223-35-84.plesk.page\/index.php\/2012\/07\/23\/el-olivo-n-75\/"},"modified":"2012-07-23T09:09:50","modified_gmt":"2012-07-23T09:09:50","slug":"el-olivo-n-75","status":"publish","type":"post","link":"https:\/\/cejc-madrid.org\/index.php\/2012\/07\/23\/el-olivo-n-75\/","title":{"rendered":"El Olivo n\u00ba 75"},"content":{"rendered":"<p>\u00a0<\/p>\n<p style=\"text-align: center;\"><strong>OLIVO N\u00ba 75<\/strong><\/p>\n<p style=\"text-align: center;\">Enero &#8211; Junio 2012<\/p>\n<p style=\"text-align: center;\">\u00a0<\/p>\n<p style=\"text-align: center;\">\u00a0<\/p>\n<p style=\"text-align: justify;\"><strong>El contexto palestinense de la tradici\u00f3n sobre Jes\u00fas &#8211; <\/strong>Santiago Guijarro Oporto &#8211; Universidad de Salamnca<\/p>\n<p style=\"text-align: justify;\"><strong>Silencio y palabra: de la inspiraci\u00f3n hel\u00e9nica a la profec\u00eda de Israel &#8211; <\/strong>V\u00edctor M\u00e1rquez Pailos &#8211; Abad\u00eda de Santo Domingo de Silos<\/p>\n<p style=\"text-align: justify;\"><strong>Bergson o la fidelidad &#8211; <\/strong>Mar\u00eda Riaza &#8211; Centro de Estudios Judeo-Cristianos<\/p>\n<p style=\"text-align: justify;\"><strong>Martin Buber &#8211; <\/strong>Olga Belmonte &#8211; Universidad Comillas<\/p>\n<p style=\"text-align: justify;\"><strong>Arthur Allen Cohen y el Tremendum. Una aproximaci\u00f3n teol\u00f3gica a la Shoah &#8211; <\/strong>Miguel Gim\u00e9nez Blunden &#8211; Barcelona<\/p>\n<p style=\"text-align: justify;\"><strong>Europa, la Biblia y los griegos: reflexines filos\u00f3ficas &#8211; <\/strong>Jorge \u00dabeda &#8211; Escuela de Filosof\u00eda &#8211; Madrid<\/p>\n","protected":false},"excerpt":{"rendered":"<p>\u00a0 OLIVO N\u00ba 75 Enero &#8211; Junio 2012 \u00a0 \u00a0 El contexto palestinense de la tradici\u00f3n sobre Jes\u00fas &#8211; Santiago Guijarro Oporto &#8211; Universidad de Salamnca Silencio y palabra: de la inspiraci\u00f3n hel\u00e9nica a la profec\u00eda de Israel &#8211; V\u00edctor M\u00e1rquez Pailos &#8211; Abad\u00eda de Santo Domingo de Silos Bergson o la fidelidad &#8211; Mar\u00eda [&hellip;]<\/p>\n","protected":false},"author":1,"featured_media":0,"comment_status":"open","ping_status":"open","sticky":false,"template":"","format":"standard","meta":{"_et_pb_use_builder":"","_et_pb_old_content":"","_et_gb_content_width":"","footnotes":""},"categories":[25],"tags":[117,104,51,80,115,113,114,116],"class_list":["post-418","post","type-post","status-publish","format-standard","hentry","category-revista-qel-olivoq","tag-arthur-allen-cohen","tag-centro-de-estudios-judeo-cristianos","tag-hebreo","tag-israel","tag-jesus","tag-martin-buber","tag-palestinense","tag-shoah"],"_links":{"self":[{"href":"https:\/\/cejc-madrid.org\/index.php\/wp-json\/wp\/v2\/posts\/418","targetHints":{"allow":["GET"]}}],"collection":[{"href":"https:\/\/cejc-madrid.org\/index.php\/wp-json\/wp\/v2\/posts"}],"about":[{"href":"https:\/\/cejc-madrid.org\/index.php\/wp-json\/wp\/v2\/types\/post"}],"author":[{"embeddable":true,"href":"https:\/\/cejc-madrid.org\/index.php\/wp-json\/wp\/v2\/users\/1"}],"replies":[{"embeddable":true,"href":"https:\/\/cejc-madrid.org\/index.php\/wp-json\/wp\/v2\/comments?post=418"}],"version-history":[{"count":0,"href":"https:\/\/cejc-madrid.org\/index.php\/wp-json\/wp\/v2\/posts\/418\/revisions"}],"wp:attachment":[{"href":"https:\/\/cejc-madrid.org\/index.php\/wp-json\/wp\/v2\/media?parent=418"}],"wp:term":[{"taxonomy":"category","embeddable":true,"href":"https:\/\/cejc-madrid.org\/index.php\/wp-json\/wp\/v2\/categories?post=418"},{"taxonomy":"post_tag","embeddable":true,"href":"https:\/\/cejc-madrid.org\/index.php\/wp-json\/wp\/v2\/tags?post=418"}],"curies":[{"name":"wp","href":"https:\/\/api.w.org\/{rel}","templated":true}]}}