{"id":419,"date":"2012-09-14T15:24:24","date_gmt":"2012-09-14T15:24:24","guid":{"rendered":"https:\/\/upbeat-goodall.82-223-35-84.plesk.page\/index.php\/2012\/09\/14\/xxii-simposio-hispano-israeli-1\/"},"modified":"2012-09-14T15:24:24","modified_gmt":"2012-09-14T15:24:24","slug":"xxii-simposio-hispano-israeli-1","status":"publish","type":"post","link":"https:\/\/cejc-madrid.org\/index.php\/2012\/09\/14\/xxii-simposio-hispano-israeli-1\/","title":{"rendered":"XXII Simposio Hispano-Israeli"},"content":{"rendered":"<p>Este a\u00f1o se ha organizado del<strong> 5 al 10 de diciembre, el \u201cXXII Simposio Hispano-Israel\u00ed\u201d<\/strong> con el tema:<\/p>\n<p><i><strong>\u00abSecuelas y perspectivas de la globalizaci\u00f3n: sociedad, econom\u00eda, religi\u00f3n, cultura<\/strong><\/i><strong>\u00ab<\/strong><i>,<\/i> que tendr\u00e1 lugar en Jerusal\u00e9n.<\/p>\n<p>Bajo el patrocinio del Centro de Estudios Judeo-Cristianos de Madrid y entidades culturales de Israel se han celebrado, desde el a\u00f1o 1974, 19 reuniones interconfesionales de profesores de Universidad, intelectuales y profesionales (m\u00e9dicos, abogados, economistas, fil\u00f3sofos, etc.) de ambos pa\u00edses bajo el ep\u00edgrafe general de <i>Simposio Hispano-Israel\u00ed.<\/i><\/p>\n<p>Tales encuentros se han celebrado alternativamente en Israel y Espa\u00f1a. En varios n\u00fameros de nuestra revista El Olivo se publicaron las Actas con las ponencias pronunciadas.<\/p>\n<p>Desde los tiempos en que no exist\u00edan relaciones diplom\u00e1ticas, y las culturales eran muy escasas, estos eventos han dado cauce a un fruct\u00edfero intercambio de ideas y propuestas en concordancia con la finalidad del Centro de Estudios Judeo-Cristianos para la aproximaci\u00f3n entre jud\u00edos y cristianos, israel\u00edes y espa\u00f1oles.<\/p>\n<p>&nbsp;&nbsp;<\/p>\n<p>Todas aquellas personas que est\u00e9n interesadas en asistir pueden ponerse en contacto con el Centro y les enviaremos toda la informaci\u00f3n sobre los costes de billete de avi\u00f3n y estancia. Es necesario conocer el n\u00famero de personas que desean participar para hacer lo ante posible la reserva en los aviones.<\/p>\n","protected":false},"excerpt":{"rendered":"<p>Este a\u00f1o se ha organizado del 5 al 10 de diciembre, el \u201cXXII Simposio Hispano-Israel\u00ed\u201d con el tema: \u00abSecuelas y perspectivas de la globalizaci\u00f3n: sociedad, econom\u00eda, religi\u00f3n, cultura\u00ab, que tendr\u00e1 lugar en Jerusal\u00e9n. Bajo el patrocinio del Centro de Estudios Judeo-Cristianos de Madrid y entidades culturales de Israel se han celebrado, desde el a\u00f1o 1974, [&hellip;]<\/p>\n","protected":false},"author":1,"featured_media":0,"comment_status":"open","ping_status":"open","sticky":false,"template":"","format":"standard","meta":{"_et_pb_use_builder":"","_et_pb_old_content":"","_et_gb_content_width":"","footnotes":""},"categories":[1],"tags":[],"class_list":["post-419","post","type-post","status-publish","format-standard","hentry","category-uncategorized"],"_links":{"self":[{"href":"https:\/\/cejc-madrid.org\/index.php\/wp-json\/wp\/v2\/posts\/419","targetHints":{"allow":["GET"]}}],"collection":[{"href":"https:\/\/cejc-madrid.org\/index.php\/wp-json\/wp\/v2\/posts"}],"about":[{"href":"https:\/\/cejc-madrid.org\/index.php\/wp-json\/wp\/v2\/types\/post"}],"author":[{"embeddable":true,"href":"https:\/\/cejc-madrid.org\/index.php\/wp-json\/wp\/v2\/users\/1"}],"replies":[{"embeddable":true,"href":"https:\/\/cejc-madrid.org\/index.php\/wp-json\/wp\/v2\/comments?post=419"}],"version-history":[{"count":0,"href":"https:\/\/cejc-madrid.org\/index.php\/wp-json\/wp\/v2\/posts\/419\/revisions"}],"wp:attachment":[{"href":"https:\/\/cejc-madrid.org\/index.php\/wp-json\/wp\/v2\/media?parent=419"}],"wp:term":[{"taxonomy":"category","embeddable":true,"href":"https:\/\/cejc-madrid.org\/index.php\/wp-json\/wp\/v2\/categories?post=419"},{"taxonomy":"post_tag","embeddable":true,"href":"https:\/\/cejc-madrid.org\/index.php\/wp-json\/wp\/v2\/tags?post=419"}],"curies":[{"name":"wp","href":"https:\/\/api.w.org\/{rel}","templated":true}]}}