{"id":42,"date":"2011-11-04T11:10:47","date_gmt":"2011-11-04T11:10:47","guid":{"rendered":"https:\/\/upbeat-goodall.82-223-35-84.plesk.page\/index.php\/2011\/11\/04\/el-olivo-no-37\/"},"modified":"2011-11-04T11:10:47","modified_gmt":"2011-11-04T11:10:47","slug":"el-olivo-no-37","status":"publish","type":"post","link":"https:\/\/cejc-madrid.org\/index.php\/2011\/11\/04\/el-olivo-no-37\/","title":{"rendered":"El Olivo n\u00ba 37"},"content":{"rendered":"<p align=\"center\"><b>EL OLIVO    n\u00ba 37<\/b><\/p>\n<p align=\"center\">\u00a0<\/p>\n<p align=\"center\">Enero-Junio 1993<\/p>\n<dl>\n<div align=\"center\"><center> <\/p>\n<dt><\/dt>\n<p><\/center><\/div>\n<\/dl>\n<p align=\"center\">\u00a0<\/p>\n<p align=\"center\"><span style=\"text-decoration: underline;\">\u00cdndice<\/span><\/p>\n<p align=\"left\">\u00a0<\/p>\n<p align=\"left\"><b>La pol\u00e9mica  cristiana adversus judaeos en Espa\u00f1a a finales de la Edad Media<\/b><i> &#8211; Alisa Mehuyas<\/i> Ginio<b>&nbsp;<\/b><\/p>\n<p align=\"left\"><b>Mosh\u00e9 Ibn Ezra,  poeta de las l\u00e1grimas y de los sue\u00f1os &#8211;<\/b><i><b> <\/b>Rosa Castillo<\/i><b>&nbsp;<\/b><\/p>\n<p align=\"left\"><b>Los or\u00edgenes  jud\u00edos del concepto de persona moral &#8211;<\/b><i><b> <\/b>Samuel Scolnicov<\/i><b>&nbsp;<\/b><\/p>\n<p align=\"left\"><b>Emmanuel  L\u00e9vinas: El Otro y el Infinito &#8211;<\/b><i><b> <\/b>Sor Esperanza Mary<\/i><b>&nbsp;<\/b><\/p>\n<p style=\"text-align: justify;\" align=\"center\"><b>El infinito  T\u00fa &#8211;<\/b><i><b> <\/b>Miguel Garc\u00eda-Bar\u00f3<b>&nbsp;<\/b><\/i><\/p>\n<p style=\"text-align: justify;\" align=\"center\">\u00a0<\/p>\n<p style=\"text-align: justify;\" align=\"left\"><i><b>Documentaci\u00f3n<\/b><\/i><\/p>\n<p style=\"text-align: justify;\" align=\"left\">Ratisbonne: Centro de estudios jud\u00edos para  cristianos. Jerusal\u00e9n<\/p>\n<p style=\"text-align: justify;\" align=\"left\">Elio Passeto<\/p>\n<blockquote><\/blockquote>\n","protected":false},"excerpt":{"rendered":"<p>EL OLIVO n\u00ba 37 \u00a0 Enero-Junio 1993 \u00a0 \u00cdndice \u00a0 La pol\u00e9mica cristiana adversus judaeos en Espa\u00f1a a finales de la Edad Media &#8211; Alisa Mehuyas Ginio&nbsp; Mosh\u00e9 Ibn Ezra, poeta de las l\u00e1grimas y de los sue\u00f1os &#8211; Rosa Castillo&nbsp; Los or\u00edgenes jud\u00edos del concepto de persona moral &#8211; Samuel Scolnicov&nbsp; Emmanuel L\u00e9vinas: El [&hellip;]<\/p>\n","protected":false},"author":1,"featured_media":0,"comment_status":"open","ping_status":"open","sticky":false,"template":"","format":"standard","meta":{"_et_pb_use_builder":"","_et_pb_old_content":"","_et_gb_content_width":"","footnotes":""},"categories":[25],"tags":[],"class_list":["post-42","post","type-post","status-publish","format-standard","hentry","category-revista-qel-olivoq"],"_links":{"self":[{"href":"https:\/\/cejc-madrid.org\/index.php\/wp-json\/wp\/v2\/posts\/42","targetHints":{"allow":["GET"]}}],"collection":[{"href":"https:\/\/cejc-madrid.org\/index.php\/wp-json\/wp\/v2\/posts"}],"about":[{"href":"https:\/\/cejc-madrid.org\/index.php\/wp-json\/wp\/v2\/types\/post"}],"author":[{"embeddable":true,"href":"https:\/\/cejc-madrid.org\/index.php\/wp-json\/wp\/v2\/users\/1"}],"replies":[{"embeddable":true,"href":"https:\/\/cejc-madrid.org\/index.php\/wp-json\/wp\/v2\/comments?post=42"}],"version-history":[{"count":0,"href":"https:\/\/cejc-madrid.org\/index.php\/wp-json\/wp\/v2\/posts\/42\/revisions"}],"wp:attachment":[{"href":"https:\/\/cejc-madrid.org\/index.php\/wp-json\/wp\/v2\/media?parent=42"}],"wp:term":[{"taxonomy":"category","embeddable":true,"href":"https:\/\/cejc-madrid.org\/index.php\/wp-json\/wp\/v2\/categories?post=42"},{"taxonomy":"post_tag","embeddable":true,"href":"https:\/\/cejc-madrid.org\/index.php\/wp-json\/wp\/v2\/tags?post=42"}],"curies":[{"name":"wp","href":"https:\/\/api.w.org\/{rel}","templated":true}]}}