{"id":420,"date":"2012-12-19T08:58:42","date_gmt":"2012-12-19T08:58:42","guid":{"rendered":"https:\/\/upbeat-goodall.82-223-35-84.plesk.page\/index.php\/2012\/12\/19\/la-comunidad-judia-de-madrid-y-caritas-1\/"},"modified":"2012-12-19T08:58:42","modified_gmt":"2012-12-19T08:58:42","slug":"la-comunidad-judia-de-madrid-y-caritas-1","status":"publish","type":"post","link":"https:\/\/cejc-madrid.org\/index.php\/2012\/12\/19\/la-comunidad-judia-de-madrid-y-caritas-1\/","title":{"rendered":"La Comunidad Jud\u00eda de Madrid y C\u00e1ritas"},"content":{"rendered":"<p>\u00a0<\/p>\n<p style=\"text-align: center;\"><strong>LA COMUNIDAD JUD\u00cdA DE MADRID SOLIDARIA CON C\u00c1RITAS<\/strong><\/p>\n<p><img loading=\"lazy\" decoding=\"async\" class=\" alignleft size-full wp-image-140\" style=\"margin-top: 2px; margin-right: 3px; float: left;\" src=\"https:\/\/cejc-madrid.org\/wp-content\/uploads\/2012\/12\/cjm-a-critas.jpg\" alt=\"Comunidad Jud\u00eda de Madrid solidaria con C\u00e1ritas\" height=\"202\" width=\"269\" \/><\/p>\n<p>\u00a0<\/p>\n<p>El  19 de Octubre tuvo lugar en la sede de C\u00e1ritas-Madrid un acto en el  que participaron, Don   Pablo Gonz\u00e1lez D\u00edaz,  Delegado Episcopal de  Caritas Madrid;  Don David Hatchwell  Presidente de la Comunidad Jud\u00eda  de Madrid;  Don  Jacobo  Bendahan, Delegado de acci\u00f3n social de  la  Comunidad Judia de Madrid, para hacer entrega en nombre de dicha  Comunidad de un generoso donativo a favor de la organizaci\u00f3n de C\u00e1ritas  Madrid.<br \/>Seg\u00fan manifest\u00f3 Don David Hatchwell, \u00abConscientes de los  momentos dif\u00edciles que atraviesa la sociedad, deseamos ser solidarios  con este acto de justicia social, posibilitando con nuestro donativo una  vida m\u00e1s digna para aquellos que m\u00e1s lo necesitan, a trav\u00e9s de una de  las instituciones que consideramos de mayor prestigio  en nuestro pa\u00eds\u00bb.   En el transcurso de una animada charla entre ambos dirigentes,  compartieron las preocupaciones y necesidades de ambas instituciones, y  sentaron bases para una futura colaboraci\u00f3n.  Don Pablo Garcia expres\u00f3  su agradecimiento en nombre de Caritas Madrid. El acto concluy\u00f3 con un  afectuoso abrazo entre los asistentes. Con este acto la Comunidad Jud\u00eda  de Madrid muestra una vez m\u00e1s su solidaridad con el pueblo de Madrid y  con la Iglesia.<\/p>\n","protected":false},"excerpt":{"rendered":"<p>\u00a0 LA COMUNIDAD JUD\u00cdA DE MADRID SOLIDARIA CON C\u00c1RITAS \u00a0 El 19 de Octubre tuvo lugar en la sede de C\u00e1ritas-Madrid un acto en el que participaron, Don Pablo Gonz\u00e1lez D\u00edaz, Delegado Episcopal de Caritas Madrid; Don David Hatchwell Presidente de la Comunidad Jud\u00eda de Madrid; Don Jacobo Bendahan, Delegado de acci\u00f3n social de la [&hellip;]<\/p>\n","protected":false},"author":1,"featured_media":140,"comment_status":"open","ping_status":"open","sticky":false,"template":"","format":"standard","meta":{"_et_pb_use_builder":"","_et_pb_old_content":"","_et_gb_content_width":"","footnotes":""},"categories":[1],"tags":[118,78,119,51],"class_list":["post-420","post","type-post","status-publish","format-standard","has-post-thumbnail","hentry","category-uncategorized","tag-caritas","tag-comunidad-judia-de-madrid","tag-hatchwell","tag-hebreo"],"_links":{"self":[{"href":"https:\/\/cejc-madrid.org\/index.php\/wp-json\/wp\/v2\/posts\/420","targetHints":{"allow":["GET"]}}],"collection":[{"href":"https:\/\/cejc-madrid.org\/index.php\/wp-json\/wp\/v2\/posts"}],"about":[{"href":"https:\/\/cejc-madrid.org\/index.php\/wp-json\/wp\/v2\/types\/post"}],"author":[{"embeddable":true,"href":"https:\/\/cejc-madrid.org\/index.php\/wp-json\/wp\/v2\/users\/1"}],"replies":[{"embeddable":true,"href":"https:\/\/cejc-madrid.org\/index.php\/wp-json\/wp\/v2\/comments?post=420"}],"version-history":[{"count":0,"href":"https:\/\/cejc-madrid.org\/index.php\/wp-json\/wp\/v2\/posts\/420\/revisions"}],"wp:featuredmedia":[{"embeddable":true,"href":"https:\/\/cejc-madrid.org\/index.php\/wp-json\/wp\/v2\/media\/140"}],"wp:attachment":[{"href":"https:\/\/cejc-madrid.org\/index.php\/wp-json\/wp\/v2\/media?parent=420"}],"wp:term":[{"taxonomy":"category","embeddable":true,"href":"https:\/\/cejc-madrid.org\/index.php\/wp-json\/wp\/v2\/categories?post=420"},{"taxonomy":"post_tag","embeddable":true,"href":"https:\/\/cejc-madrid.org\/index.php\/wp-json\/wp\/v2\/tags?post=420"}],"curies":[{"name":"wp","href":"https:\/\/api.w.org\/{rel}","templated":true}]}}