{"id":422,"date":"2013-03-04T16:55:13","date_gmt":"2013-03-04T16:55:13","guid":{"rendered":"https:\/\/upbeat-goodall.82-223-35-84.plesk.page\/index.php\/2013\/03\/04\/dialogo-rabino-baruj-garzon-hno-elio-passeto\/"},"modified":"2013-03-04T16:55:13","modified_gmt":"2013-03-04T16:55:13","slug":"dialogo-rabino-baruj-garzon-hno-elio-passeto","status":"publish","type":"post","link":"https:\/\/cejc-madrid.org\/index.php\/2013\/03\/04\/dialogo-rabino-baruj-garzon-hno-elio-passeto\/","title":{"rendered":"Di\u00e1logo Rabino Baruj Garz\u00f3n &#8211; Hno. Elio Passeto"},"content":{"rendered":"<p><strong>Video de la Conferencia<\/strong><\/p>\n<p><strong><a href=\"http:\/\/www.youtube.com\/watch?feature=player_detailpage&amp;v=TbA6bOkuT18\">http:\/\/www.youtube.com\/watch?feature=player_detailpage&amp;v=TbA6bOkuT18<\/a><\/strong><\/p>\n<p><strong>11 de marzo, 19.30 horas<\/strong><\/p>\n<p><strong>Palacio de Ca\u00f1ete (Mayor, 69) acceso gratuito hasta completar aforo<\/strong><\/p>\n<p>El Centro de Estudios Judeo-Cristianos continuando en su labor de promover y fomentar el dialogo y la difusi\u00f3n de la cultura jud\u00eda desde el afecto y el respeto, para promover la convivencia y el conocimiento mutuo entre jud\u00edos y cristianos en colaboraci\u00f3n con el Centro Sefarad-Israel, les invita al acto del pr\u00f3ximo d\u00eda 11 de Marzo.<\/p>\n<p>Con motivo del 50\u00ba Aniversario del Concilio Vaticano II, y la promulgaci\u00f3n de la Declaraci\u00f3n <i>Nostra Aetate<\/i>, se mantendr\u00e1 un di\u00e1logo acerca de la convivencia entre culturas y entre credos con los siguientes protagonistas:<\/p>\n<p>&nbsp;<\/p>\n<p><strong>Rabino Baruj Garz\u00f3n<\/strong>, docente e investigador y anterior Rabino Jefe de la Comunidad Jud\u00eda de Madrid y ex Director del programa TVE \u201cShalom\u201d.<\/p>\n<p><strong>Hermano Elio Passeto<\/strong>, Delegado para Europa e Israel de la Congregaci\u00f3n de Nuestra Se\u00f1ora de Sion y Superior de esta Congregaci\u00f3n en Jerusal\u00e9n, especialista en el comentario de Rashi, literatura rab\u00ednica y los primeros escritos cristianos. &nbsp;Actualmente es Profesor en el Centro Cristiano de Estudios Jud\u00edos (S\u00e3o Paulo &#8211; Brasil). Director del Departamento de Espa\u00f1ol y de Franc\u00e9s en el Centro de Formaci\u00f3n B\u00edblica en Jerusal\u00e9n y miembro de la Direcci\u00f3n del Centro de Estudios Judeo-Cristianos (Madrid &#8211; Espa\u00f1a).<\/p>\n<p>&nbsp;<\/p>\n<p>&nbsp;<\/p>\n<p><div id=\"attachment_143\" style=\"width: 160px\" class=\"wp-caption alignleft\"><img loading=\"lazy\" decoding=\"async\" aria-describedby=\"caption-attachment-143\" class=\"caption alignleft size-full wp-image-143\" style=\"float: left;\" title=\"Hno. Elio Passeto\" src=\"https:\/\/cejc-madrid.org\/wp-content\/uploads\/2013\/03\/elio-passeto-1.jpg\" alt=\"Hno. Elio Passeto\" width=\"150\" height=\"109\" \/><p id=\"caption-attachment-143\" class=\"wp-caption-text\">Hno. Elio Passeto<\/p><\/div>&nbsp;&nbsp; <div id=\"attachment_144\" style=\"width: 147px\" class=\"wp-caption alignleft\"><img loading=\"lazy\" decoding=\"async\" aria-describedby=\"caption-attachment-144\" class=\"caption alignleft size-full wp-image-144\" style=\"float: left;\" title=\"Capilla N.S. Sion - Madrid\" src=\"https:\/\/cejc-madrid.org\/wp-content\/uploads\/2013\/03\/capilla.jpg\" alt=\"Capilla N.S.Sion Madrid\" width=\"137\" height=\"110\" \/><p id=\"caption-attachment-144\" class=\"wp-caption-text\">Capilla N.S. Sion &#8211; Madrid<\/p><\/div>&nbsp; <div id=\"attachment_145\" style=\"width: 81px\" class=\"wp-caption alignleft\"><img loading=\"lazy\" decoding=\"async\" aria-describedby=\"caption-attachment-145\" class=\"caption alignleft size-full wp-image-145\" style=\"float: left;\" title=\"Rabino Baruj Garz\u00f3n\" src=\"https:\/\/cejc-madrid.org\/wp-content\/uploads\/2013\/03\/rabi_baruj_garzon.jpg\" alt=\"Rabino Baruj Garz\u00f3n\" width=\"71\" height=\"112\" srcset=\"https:\/\/cejc-madrid.org\/wp-content\/uploads\/2013\/03\/rabi_baruj_garzon.jpg 312w, https:\/\/cejc-madrid.org\/wp-content\/uploads\/2013\/03\/rabi_baruj_garzon-192x300.jpg 192w\" sizes=\"(max-width: 71px) 100vw, 71px\" \/><p id=\"caption-attachment-145\" class=\"wp-caption-text\">Rabino Baruj Garz\u00f3n<\/p><\/div><\/p>\n<div id=\"attachment_146\" style=\"width: 185px\" class=\"wp-caption alignnone\"><img loading=\"lazy\" decoding=\"async\" aria-describedby=\"caption-attachment-146\" class=\"caption size-full wp-image-146\" title=\"Elio Passeto - Rabino Baruj Garz\u00f3n\" src=\"https:\/\/cejc-madrid.org\/wp-content\/uploads\/2013\/03\/dialogo-interreligioso-1.jpg\" alt=\"\" width=\"175\" height=\"130\" srcset=\"https:\/\/cejc-madrid.org\/wp-content\/uploads\/2013\/03\/dialogo-interreligioso-1.jpg 448w, https:\/\/cejc-madrid.org\/wp-content\/uploads\/2013\/03\/dialogo-interreligioso-1-300x224.jpg 300w\" sizes=\"(max-width: 175px) 100vw, 175px\" \/><p id=\"caption-attachment-146\" class=\"wp-caption-text\">Elio Passeto &#8211; Rabino Baruj Garz\u00f3n<\/p><\/div>\n","protected":false},"excerpt":{"rendered":"<p>Video de la Conferencia http:\/\/www.youtube.com\/watch?feature=player_detailpage&amp;v=TbA6bOkuT18 11 de marzo, 19.30 horas Palacio de Ca\u00f1ete (Mayor, 69) acceso gratuito hasta completar aforo El Centro de Estudios Judeo-Cristianos continuando en su labor de promover y fomentar el dialogo y la difusi\u00f3n de la cultura jud\u00eda desde el afecto y el respeto, para promover la convivencia y el conocimiento [&hellip;]<\/p>\n","protected":false},"author":1,"featured_media":143,"comment_status":"open","ping_status":"open","sticky":false,"template":"","format":"standard","meta":{"_et_pb_use_builder":"","_et_pb_old_content":"","_et_gb_content_width":"","footnotes":""},"categories":[1],"tags":[122,110,121,51,52,112],"class_list":["post-422","post","type-post","status-publish","format-standard","has-post-thumbnail","hentry","category-uncategorized","tag-baruj-garzon","tag-concilio-vaticano-ii","tag-elio-passeto","tag-hebreo","tag-judaismo","tag-nostra-aetate"],"_links":{"self":[{"href":"https:\/\/cejc-madrid.org\/index.php\/wp-json\/wp\/v2\/posts\/422","targetHints":{"allow":["GET"]}}],"collection":[{"href":"https:\/\/cejc-madrid.org\/index.php\/wp-json\/wp\/v2\/posts"}],"about":[{"href":"https:\/\/cejc-madrid.org\/index.php\/wp-json\/wp\/v2\/types\/post"}],"author":[{"embeddable":true,"href":"https:\/\/cejc-madrid.org\/index.php\/wp-json\/wp\/v2\/users\/1"}],"replies":[{"embeddable":true,"href":"https:\/\/cejc-madrid.org\/index.php\/wp-json\/wp\/v2\/comments?post=422"}],"version-history":[{"count":0,"href":"https:\/\/cejc-madrid.org\/index.php\/wp-json\/wp\/v2\/posts\/422\/revisions"}],"wp:featuredmedia":[{"embeddable":true,"href":"https:\/\/cejc-madrid.org\/index.php\/wp-json\/wp\/v2\/media\/143"}],"wp:attachment":[{"href":"https:\/\/cejc-madrid.org\/index.php\/wp-json\/wp\/v2\/media?parent=422"}],"wp:term":[{"taxonomy":"category","embeddable":true,"href":"https:\/\/cejc-madrid.org\/index.php\/wp-json\/wp\/v2\/categories?post=422"},{"taxonomy":"post_tag","embeddable":true,"href":"https:\/\/cejc-madrid.org\/index.php\/wp-json\/wp\/v2\/tags?post=422"}],"curies":[{"name":"wp","href":"https:\/\/api.w.org\/{rel}","templated":true}]}}