{"id":43,"date":"2011-11-04T11:11:16","date_gmt":"2011-11-04T11:11:16","guid":{"rendered":"https:\/\/upbeat-goodall.82-223-35-84.plesk.page\/index.php\/2011\/11\/04\/el-olivo-no-38\/"},"modified":"2011-11-04T11:11:16","modified_gmt":"2011-11-04T11:11:16","slug":"el-olivo-no-38","status":"publish","type":"post","link":"https:\/\/cejc-madrid.org\/index.php\/2011\/11\/04\/el-olivo-no-38\/","title":{"rendered":"El Olivo n\u00ba 38"},"content":{"rendered":"<p align=\"center\"><b>EL OLIVO    n\u00ba 38<\/b><\/p>\n<p align=\"center\">\u00a0<\/p>\n<p align=\"center\">Julio-Diciembre 1993<\/p>\n<dl>\n<div align=\"center\"><center> <\/p>\n<dt><\/dt>\n<p><\/center><\/div>\n<\/dl>\n<p align=\"center\">\u00a0<\/p>\n<p align=\"center\"><span style=\"text-decoration: underline;\">\u00cdndice<\/span><\/p>\n<p align=\"left\">\u00a0<\/p>\n<p align=\"left\"><b>A Sor  Esperanza<\/b><i><b> &#8211; <\/b>Sor Ionel Mihalovici<\/i><b>&nbsp;<\/b><\/p>\n<p align=\"left\"><b>A la madre  Esperanza, con amor &#8211;<\/b><i><b> <\/b>Jes\u00fas \u00c1lvarez Maestro<\/i><b>&nbsp;<\/b><\/p>\n<p align=\"left\"><b>Jud\u00edos y  judeoconversos castellanos ante la expulsi\u00f3n de 1492 &#8211; <\/b><i>Carlos Carrete Parrondo<\/i><b>&nbsp;<\/b><\/p>\n<p align=\"left\"><b>La religi\u00f3n  tr\u00e1gica &#8211;<\/b><i><b> <\/b>Miguel Garc\u00eda-Bar\u00f3<\/i><b>&nbsp;<\/b><\/p>\n<p align=\"left\"><b>Adonay,  ad\u00f3name &#8211;<\/b><i><b> <\/b>Mar\u00eda Fuencisla Garc\u00eda  Casar<\/i><b>&nbsp;<\/b><\/p>\n<p align=\"left\"><b>\u00bfQu\u00e9 se habla en  Jerusal\u00e9n? &#8211;<\/b><i><b> <\/b>Luis F. Gir\u00f3n Blanc<\/i><b>&nbsp;<\/b><\/p>\n<p align=\"left\"><b>Aportaci\u00f3n del  juda\u00edsmo al sentido de la vida &#8211;<\/b><i><b> <\/b>Luis Maldonado<\/i><b>&nbsp;<\/b><\/p>\n<p align=\"left\"><b>Las deudas de  los jud\u00edos de Segovia despu\u00e9s de la expulsi\u00f3n &#8211;<\/b><i><b> <\/b>Yolanda Moreno Koch<\/i><b>&nbsp;<\/b><\/p>\n<p align=\"left\"><b>El tema del  \u00abm\u00e9dico\u00bb en la narraci\u00f3n hispanohebrea &#8211;<\/b><i><b> <\/b>\u00c1ngeles Navarro Peir\u00f3<\/i><b>&nbsp;<\/b><\/p>\n<p align=\"left\"><b>Legado  espiritual com\u00fan a jud\u00edos y cristianos &#8211;<\/b><i> Mois\u00e9s Orfali<\/i><b><i> <\/i><\/b><\/p>\n<p align=\"left\"><b>El jud\u00edo  conquense Antonio Enr\u00edquez G\u00f3mez &#8211;<\/b><i><b> <\/b>Carlos de la Rica<\/i><b>&nbsp;<\/b><\/p>\n<p align=\"left\"><b>Aproximaci\u00f3n al  problema jud\u00edo &#8211;<\/b><i><b> <\/b>Luis Su\u00e1rez Fern\u00e1ndez<\/i><b>&nbsp;<\/b><\/p>\n<p align=\"left\"><b>De un admirador  y amigo de Sor Esperanza de Si\u00f3n desde hace muchos a\u00f1os y para  siempre &#8211;<\/b><i><b> <\/b>Samuel Toledano<\/i><b>&nbsp;<\/b><\/p>\n<p align=\"left\"><b>Jerusal\u00e9n, mitos  y s\u00edmbolos de una ciudad encumbrada y arrasada &#8211;<\/b><i><b> <\/b>Julio Trebolle Navarro<\/i><b><\/b><\/p>\n<p align=\"left\"><b>Juda\u00edsmo y  cultura centroeuropea: 1880-1940 &#8211;<\/b><i><b> <\/b>Jaime Vandor<\/i><\/p>\n<blockquote><\/blockquote>\n","protected":false},"excerpt":{"rendered":"<p>EL OLIVO n\u00ba 38 \u00a0 Julio-Diciembre 1993 \u00a0 \u00cdndice \u00a0 A Sor Esperanza &#8211; Sor Ionel Mihalovici&nbsp; A la madre Esperanza, con amor &#8211; Jes\u00fas \u00c1lvarez Maestro&nbsp; Jud\u00edos y judeoconversos castellanos ante la expulsi\u00f3n de 1492 &#8211; Carlos Carrete Parrondo&nbsp; La religi\u00f3n tr\u00e1gica &#8211; Miguel Garc\u00eda-Bar\u00f3&nbsp; Adonay, ad\u00f3name &#8211; Mar\u00eda Fuencisla Garc\u00eda Casar&nbsp; \u00bfQu\u00e9 se [&hellip;]<\/p>\n","protected":false},"author":1,"featured_media":0,"comment_status":"open","ping_status":"open","sticky":false,"template":"","format":"standard","meta":{"_et_pb_use_builder":"","_et_pb_old_content":"","_et_gb_content_width":"","footnotes":""},"categories":[25],"tags":[],"class_list":["post-43","post","type-post","status-publish","format-standard","hentry","category-revista-qel-olivoq"],"_links":{"self":[{"href":"https:\/\/cejc-madrid.org\/index.php\/wp-json\/wp\/v2\/posts\/43","targetHints":{"allow":["GET"]}}],"collection":[{"href":"https:\/\/cejc-madrid.org\/index.php\/wp-json\/wp\/v2\/posts"}],"about":[{"href":"https:\/\/cejc-madrid.org\/index.php\/wp-json\/wp\/v2\/types\/post"}],"author":[{"embeddable":true,"href":"https:\/\/cejc-madrid.org\/index.php\/wp-json\/wp\/v2\/users\/1"}],"replies":[{"embeddable":true,"href":"https:\/\/cejc-madrid.org\/index.php\/wp-json\/wp\/v2\/comments?post=43"}],"version-history":[{"count":0,"href":"https:\/\/cejc-madrid.org\/index.php\/wp-json\/wp\/v2\/posts\/43\/revisions"}],"wp:attachment":[{"href":"https:\/\/cejc-madrid.org\/index.php\/wp-json\/wp\/v2\/media?parent=43"}],"wp:term":[{"taxonomy":"category","embeddable":true,"href":"https:\/\/cejc-madrid.org\/index.php\/wp-json\/wp\/v2\/categories?post=43"},{"taxonomy":"post_tag","embeddable":true,"href":"https:\/\/cejc-madrid.org\/index.php\/wp-json\/wp\/v2\/tags?post=43"}],"curies":[{"name":"wp","href":"https:\/\/api.w.org\/{rel}","templated":true}]}}