{"id":431,"date":"2013-07-18T09:34:07","date_gmt":"2013-07-18T09:34:07","guid":{"rendered":"https:\/\/upbeat-goodall.82-223-35-84.plesk.page\/index.php\/2013\/07\/18\/papa-francisco-y-rabino-bergman-1\/"},"modified":"2013-07-18T09:34:07","modified_gmt":"2013-07-18T09:34:07","slug":"papa-francisco-y-rabino-bergman-1","status":"publish","type":"post","link":"https:\/\/cejc-madrid.org\/index.php\/2013\/07\/18\/papa-francisco-y-rabino-bergman-1\/","title":{"rendered":"Papa Francisco y Rabino Bergman"},"content":{"rendered":"<p><strong><img loading=\"lazy\" decoding=\"async\" class=\" alignleft size-full wp-image-430\" style=\"margin-right: 2px; float: left;\" src=\"https:\/\/cejc-madrid.org\/wp-content\/uploads\/2013\/07\/papa-francisco-y-rabino-bergman.jpg\" alt=\"\" width=\"56\" height=\"41\" srcset=\"https:\/\/cejc-madrid.org\/wp-content\/uploads\/2013\/07\/papa-francisco-y-rabino-bergman.jpg 448w, https:\/\/cejc-madrid.org\/wp-content\/uploads\/2013\/07\/papa-francisco-y-rabino-bergman-300x224.jpg 300w, https:\/\/cejc-madrid.org\/wp-content\/uploads\/2013\/07\/papa-francisco-y-rabino-bergman-400x284.jpg 400w\" sizes=\"(max-width: 56px) 100vw, 56px\" \/>Abrazar a Francisco, para reencontrarme con Bergoglio<\/strong><\/p>\n<p>Me recibi\u00f3 con un afectuoso: \u00ab\u00a1Sergio, qu\u00e9 bueno que est\u00e1s ac\u00e1! \u00bfTe colaste? Y en realidad, una vez m\u00e1s ten\u00eda raz\u00f3n<\/p>\n<p><div id=\"attachment_430\" style=\"width: 131px\" class=\"wp-caption alignleft\"><img loading=\"lazy\" decoding=\"async\" aria-describedby=\"caption-attachment-430\" class=\"caption alignleft size-full wp-image-430\" style=\"margin: 1px 3px 2px 1px; float: left;\" title=\"Papa Francisco y Rabino Bergman\" src=\"https:\/\/cejc-madrid.org\/wp-content\/uploads\/2013\/07\/papa-francisco-y-rabino-bergman.jpg\" alt=\"Papa Francisco y Rabino Bergman\" width=\"121\" height=\"89\" srcset=\"https:\/\/cejc-madrid.org\/wp-content\/uploads\/2013\/07\/papa-francisco-y-rabino-bergman.jpg 448w, https:\/\/cejc-madrid.org\/wp-content\/uploads\/2013\/07\/papa-francisco-y-rabino-bergman-300x224.jpg 300w\" sizes=\"(max-width: 121px) 100vw, 121px\" \/><p id=\"caption-attachment-430\" class=\"wp-caption-text\">Papa Francisco y Rabino Bergman<\/p><\/div>Fue en la primera audiencia del&nbsp;<a href=\"http:\/\/www.lanacion.com.ar\/papa-francisco-t49071\" target=\"_blank\" rel=\"noopener\">papa Francisco<\/a> con los&nbsp;<a href=\"http:\/\/www.lanacion.com.ar\/1565373-fuerte-llamado-del-papa-francisco-a-mejorar-el-dialogo-interreligioso\" target=\"_blank\" rel=\"noopener\">l\u00edderes de las diferentes religiones.<\/a>All\u00ed me reencontr\u00e9 con el querido Bergoglio. En el marco imponente de la Sala Clementina, el abrazo trascendi\u00f3 la formalidad del protocolar saludo para ver en su sonrisa y gesto cercano a quien, investido como papa, era nuestro Bergoglio de siempre. As\u00ed, con los gestos que son tan suyos, es c\u00e1lido, directo, \u00edntimo. Con el humor de quien no pierde la sonrisa ni la frescura aun desde esas alturas, recuperando en cada uno la misma apertura, para finalizar pidiendo que sigamos rezando por \u00e9l. Me present\u00e9 tan solo para bendecir y agradecer este momento. El gesto del abrazo corona un camino de quien es mi referencia, pero tambi\u00e9n el compromiso renovado por el desaf\u00edo que nos convoca. \u00abAhora que estoy ante Francisco, vuelvo a abrazar a mi rabino Bergoglio\u00bb, le dije. Me regal\u00f3 una sonrisa y, con su humor tan particular, me recibi\u00f3 con un afectuoso: \u00ab\u00a1Sergio, qu\u00e9 bueno que est\u00e1s ac\u00e1! \u00bfTe colaste?<\/p>\n<p>Y en realidad, una vez m\u00e1s.ten\u00eda raz\u00f3n.<\/p>\n<p>Sin entrar en los detalles, no hab\u00eda sido incluido en la delegaci\u00f3n formal de representantes de instituciones jud\u00edas ante el Vaticano y, frente a la rigurosidad infranqueable del protocolo vaticano, aun con la colaboraci\u00f3n de los propios dirigentes de la comunidad jud\u00eda tanto argentina como internacional que estaban presentes, no fue posible incluirme para la audiencia, hasta que, como era previsible, fueron mis amigos sacerdotes y obispos como es el que caso de monse\u00f1or Sanchez Sorondo, quienes hicieron llegar la voz para que fuera el mismo papa Francisco quien instruyera a la Secretar\u00eda de Estado para que me dieran el acceso, y celebrar en ese m\u00ednimo instante que fue eterno para reencontrarnos y poder vernos.<\/p>\n<p>Luego del abrazo de reencuentro, rezamos.<\/p>\n<p>Nuestra milenaria tradici\u00f3n jud\u00eda prescribe recitar una bendici\u00f3n cuando uno est\u00e1 frente a un sabio y gran maestro de la humanidad. As\u00ed que con la alegr\u00eda del coraz\u00f3n y el alma exaltada en gratitud, recit\u00e9 en hebreo la bendici\u00f3n para concluir juntos diciendo los dos como uno: Am\u00e9n.<\/p>\n<p>\u00a1Qu\u00e9 emoci\u00f3n! \u00a1Qu\u00e9 energ\u00eda! Un momento \u00fanico que quedar\u00e1 por siempre en el coraz\u00f3n y en el alma, un surco f\u00e9rtil de espacio-tiempo que dar\u00e1 su fruto en la buena cosecha del porvenir.<\/p>\n<p>El papa Francisco nos dej\u00f3 un mensaje pleno de bondad y amor, uniendo las iglesias cristianas, aun las ortodoxas orientales, que hac\u00eda un milenio no estaban presentes en estas instancias. Dando se\u00f1ales inequ\u00edvocas de unidad para la tarea ecum\u00e9nica en el cristianismo refiri\u00f3 a la dimensi\u00f3n interreligiosa dando un especial lugar al v\u00ednculo judeocristiano<\/p>\n<p>Sigo a\u00fan emocionado, mientras escribo estas \u00faltimas l\u00edneas. El abrazo a Francisco renueva un pacto para esta nueva era, la bendici\u00f3n elevada en oraci\u00f3n de un nuevo tiempo donde seguimos guiados por el coraz\u00f3n generoso de nuestro pastor y maestro, el papa Francisco que no es otro que el mismo Padre Jorge, el tan querido y valorado Bergoglio..<\/p>\n","protected":false},"excerpt":{"rendered":"<p><strong><img loading=\"lazy\" decoding=\"async\" class=\" alignleft size-full wp-image-430\" style=\"margin-right: 2px; float: left;\" src=\"https:\/\/cejc-madrid.org\/wp-content\/uploads\/2013\/07\/papa-francisco-y-rabino-bergman.jpg\" alt=\"\" width=\"56\" height=\"41\" srcset=\"https:\/\/cejc-madrid.org\/wp-content\/uploads\/2013\/07\/papa-francisco-y-rabino-bergman.jpg 448w, https:\/\/cejc-madrid.org\/wp-content\/uploads\/2013\/07\/papa-francisco-y-rabino-bergman-300x224.jpg 300w, https:\/\/cejc-madrid.org\/wp-content\/uploads\/2013\/07\/papa-francisco-y-rabino-bergman-400x284.jpg 400w\" sizes=\"(max-width: 56px) 100vw, 56px\" \/>Abrazar a Francisco, para reencontrarme con Bergoglio<\/strong><\/p>\n<p>Me recibi\u00f3 con un afectuoso: \u00ab\u00a1Sergio, qu\u00e9 bueno que est\u00e1s ac\u00e1! \u00bfTe colaste? Y en realidad, una vez m\u00e1s ten\u00eda raz\u00f3n<\/p>\n","protected":false},"author":1,"featured_media":430,"comment_status":"open","ping_status":"open","sticky":false,"template":"","format":"standard","meta":{"_et_pb_use_builder":"","_et_pb_old_content":"","_et_gb_content_width":"","footnotes":""},"categories":[1],"tags":[51,128,147],"class_list":["post-431","post","type-post","status-publish","format-standard","has-post-thumbnail","hentry","category-uncategorized","tag-hebreo","tag-papa-francisco","tag-rabino-bergman"],"_links":{"self":[{"href":"https:\/\/cejc-madrid.org\/index.php\/wp-json\/wp\/v2\/posts\/431","targetHints":{"allow":["GET"]}}],"collection":[{"href":"https:\/\/cejc-madrid.org\/index.php\/wp-json\/wp\/v2\/posts"}],"about":[{"href":"https:\/\/cejc-madrid.org\/index.php\/wp-json\/wp\/v2\/types\/post"}],"author":[{"embeddable":true,"href":"https:\/\/cejc-madrid.org\/index.php\/wp-json\/wp\/v2\/users\/1"}],"replies":[{"embeddable":true,"href":"https:\/\/cejc-madrid.org\/index.php\/wp-json\/wp\/v2\/comments?post=431"}],"version-history":[{"count":0,"href":"https:\/\/cejc-madrid.org\/index.php\/wp-json\/wp\/v2\/posts\/431\/revisions"}],"wp:featuredmedia":[{"embeddable":true,"href":"https:\/\/cejc-madrid.org\/index.php\/wp-json\/wp\/v2\/media\/430"}],"wp:attachment":[{"href":"https:\/\/cejc-madrid.org\/index.php\/wp-json\/wp\/v2\/media?parent=431"}],"wp:term":[{"taxonomy":"category","embeddable":true,"href":"https:\/\/cejc-madrid.org\/index.php\/wp-json\/wp\/v2\/categories?post=431"},{"taxonomy":"post_tag","embeddable":true,"href":"https:\/\/cejc-madrid.org\/index.php\/wp-json\/wp\/v2\/tags?post=431"}],"curies":[{"name":"wp","href":"https:\/\/api.w.org\/{rel}","templated":true}]}}