{"id":432,"date":"2013-07-18T10:54:20","date_gmt":"2013-07-18T10:54:20","guid":{"rendered":"https:\/\/upbeat-goodall.82-223-35-84.plesk.page\/index.php\/2013\/07\/18\/dialogo-en-sao-paulo-1\/"},"modified":"2013-07-18T10:54:20","modified_gmt":"2013-07-18T10:54:20","slug":"dialogo-en-sao-paulo-1","status":"publish","type":"post","link":"https:\/\/cejc-madrid.org\/index.php\/2013\/07\/18\/dialogo-en-sao-paulo-1\/","title":{"rendered":"Di\u00e1logo en Sao Paulo"},"content":{"rendered":"<p><strong>Di\u00e1logo entre cat\u00f3licos y jud\u00edos en Sao Paulo<\/strong>, Brasil&nbsp; 10 de julio de 2013<br \/>Cardenal Dom Odilo Scherer y el Rabino Miguel Schlesinger, recordando el 50 Aniversario del Concilio Vaticano II<\/p>\n<p>Despu\u00e9s de dos mil a\u00f1os turbulentos, en los \u00faltimos cincuenta a\u00f1os han sido una \u00e9poca de acercamiento entre los cristianos y los Judios. Hoy en d\u00eda cultivamos una relaci\u00f3n de amistad y respeto, dijo el rabino Michel Schlesinger. El odio y el desprecio deben superarse. El trabajo contin\u00faa, pero hemos hecho un gran progreso, a\u00f1adi\u00f3 Sao Paulo cardenal Dom Odilo Scherer.<br \/>En la v\u00edspera de la llegada del Papa Francisco en Brasil, el rabino y el Cardenal se reuni\u00f3 en un di\u00e1logo p\u00fablico el mi\u00e9rcoles 10 de julio, en Sao Paolo, recordando el 50 aniversario del Concilio Vaticano II, convocado por el Papa Juan XXIII, cuando el proceso de acercamiento entre los Judios y cat\u00f3licos comenz\u00f3, y explorar nuevos enfoques, en el marco del nuevo pontificado, de intensificar este proceso entre las dos comunidades.<br \/>\u00bfQu\u00e9 va a cambiar en la Iglesia, con el Papa Francisco? Dom Odilo dijo: En primer lugar, un cambio en el estilo personal. En la gesti\u00f3n, los cambios ser\u00e1n graduales. Schlesinger record\u00f3 a la audiencia de la gran relaci\u00f3n del entonces cardenal Bergoglio con la comunidad jud\u00eda argentina. Como cardenal Scherer fue uno de los &#8216;papables&#8217;, dijo Schlesinger, que hab\u00eda esperado mucho tiempo Dom Odilo ser\u00eda elegido &#8211; \u00abno cambiar su n\u00famero de m\u00f3vil\u00bb.<br \/>\u00abEn nuestro di\u00e1logo con los Judios, hay muchas razones para celebrar, sino tambi\u00e9n los desaf\u00edos\u00bb, dijo Dom Odilo. \u00abTenemos un patrimonio espiritual com\u00fan y las preocupaciones comunes como la paz y los derechos humanos. Juan Pablo II abraz\u00f3 la causa del di\u00e1logo en una forma sin precedentes, y Benedicto XVI sigui\u00f3 sus pasos\u00bb, dijo. \u00abEl di\u00e1logo es muy bueno en el nivel de cumbre, pero dentro de las comunidades, la resistencia debe ser superada. Es la diferencia entre nosotros que permite el di\u00e1logo \u00ab, dijo Dom Odilo.\u00bb Juan Pablo II nos invita a asumir una actitud que \u00e9l llam\u00f3 la \u00abpurificaci\u00f3n de la memoria\u00bb: la humildad para reconocer los errores, pecados, pedir perd\u00f3n y empezar nueva maneras \u00ab.<br \/>El moderador del debate, Dan Stulbach, pregunt\u00f3 tanto por la ola de protestas en Brasil. \u00abFue una gran sorpresa\u00bb, dijo Dom Odilo. \u00abLos j\u00f3venes han demostrado que est\u00e1n interesados en la pol\u00edtica. Yo lo veo como algo muy positivo, un despertar de la conciencia pol\u00edtica.\u00bb \u00abLa Biblia hebrea est\u00e1 lleno de demostraciones durante la cual los jud\u00edos fueron dirigidos por sus l\u00edderes. En general, la tradici\u00f3n jud\u00eda aprueba demostraciones orientadas a lograr un mundo mejor\u00bb, dijo el Rabino Schlesinger.<br \/>Stulbach pidi\u00f3 que la bandera del rabino y el Cardenal llevar\u00edan durante las manifestaciones. Dom Odilo: \u00abNo s\u00e9 si me volver\u00eda a llevar una bandera, pero me identifico con palabras contra la corrupci\u00f3n, contra la gran gasto en los estadios y para mejorar la salud y la educaci\u00f3n.\u00bb Schlesinger: \u00ab. Contra cualquier tipo de fanatismo, que es la ra\u00edz de muchos males moderaci\u00f3n es la \u00fanica manera.\u00bb<\/p>\n<p>Sr Cristiana Maria dos Santos NDS&nbsp; | 17\/07\/2013<\/p>\n","protected":false},"excerpt":{"rendered":"<p><strong>Di\u00e1logo entre cat\u00f3licos y jud\u00edos en Sao Paulo<\/strong>, Brasil&nbsp; 10 de julio de 2013<br \/>Cardenal Dom Odilo Scherer y el Rabino Miguel Schlesinger, recordando el 50 Aniversario del Concilio Vaticano II<\/p>\n","protected":false},"author":1,"featured_media":0,"comment_status":"open","ping_status":"open","sticky":false,"template":"","format":"standard","meta":{"_et_pb_use_builder":"","_et_pb_old_content":"","_et_gb_content_width":"","footnotes":""},"categories":[1],"tags":[],"class_list":["post-432","post","type-post","status-publish","format-standard","hentry","category-uncategorized"],"_links":{"self":[{"href":"https:\/\/cejc-madrid.org\/index.php\/wp-json\/wp\/v2\/posts\/432","targetHints":{"allow":["GET"]}}],"collection":[{"href":"https:\/\/cejc-madrid.org\/index.php\/wp-json\/wp\/v2\/posts"}],"about":[{"href":"https:\/\/cejc-madrid.org\/index.php\/wp-json\/wp\/v2\/types\/post"}],"author":[{"embeddable":true,"href":"https:\/\/cejc-madrid.org\/index.php\/wp-json\/wp\/v2\/users\/1"}],"replies":[{"embeddable":true,"href":"https:\/\/cejc-madrid.org\/index.php\/wp-json\/wp\/v2\/comments?post=432"}],"version-history":[{"count":0,"href":"https:\/\/cejc-madrid.org\/index.php\/wp-json\/wp\/v2\/posts\/432\/revisions"}],"wp:attachment":[{"href":"https:\/\/cejc-madrid.org\/index.php\/wp-json\/wp\/v2\/media?parent=432"}],"wp:term":[{"taxonomy":"category","embeddable":true,"href":"https:\/\/cejc-madrid.org\/index.php\/wp-json\/wp\/v2\/categories?post=432"},{"taxonomy":"post_tag","embeddable":true,"href":"https:\/\/cejc-madrid.org\/index.php\/wp-json\/wp\/v2\/tags?post=432"}],"curies":[{"name":"wp","href":"https:\/\/api.w.org\/{rel}","templated":true}]}}