{"id":438,"date":"2013-07-22T11:06:23","date_gmt":"2013-07-22T11:06:23","guid":{"rendered":"https:\/\/upbeat-goodall.82-223-35-84.plesk.page\/index.php\/2013\/07\/22\/juan-pablo-ii-carta-50-aniversario-ii-guerra-mundial-1989-1\/"},"modified":"2013-07-22T11:06:23","modified_gmt":"2013-07-22T11:06:23","slug":"juan-pablo-ii-carta-50-aniversario-ii-guerra-mundial-1989-1","status":"publish","type":"post","link":"https:\/\/cejc-madrid.org\/index.php\/2013\/07\/22\/juan-pablo-ii-carta-50-aniversario-ii-guerra-mundial-1989-1\/","title":{"rendered":"Juan Pablo II &#8211; Carta 50 Aniversario II Guerra Mundial &#8211; 1989"},"content":{"rendered":"<p align=\"center\"><b>CARTA DE JUAN PABLO II <\/b><\/p>\n<p align=\"center\"><b>EN EL CINCUENTA ANIVERSARIO DE LA II GUERRA MUNDIAL <\/b><\/p>\n<p align=\"center\"><b> <\/b><\/p>\n<p align=\"center\">27 de agosto 1989<\/p>\n<p align=\"center\">\u00a0<\/p>\n<p>\u201cMe has echado en lo profundo de la fosa, en las tinieblas, en los abismos (Sal 88 87:7)\u201d \u00a1Cu\u00e1ntas veces este grito de dolor ha surgido del coraz\u00f3n de millones de mujeres y de hombres que, desde 1 de septiembre de 1939 hasta el final del verano de 1945, se enfrentaron con una de las tragedias m\u00e1s destructoras e inhumanas de nuestra historia!<\/p>\n<p>&nbsp;Este es el cuadro sombr\u00edo de los hechos que recordamos hoy. Provocaron la muerte de cincuenta y cinco millones de personas, dejando divididos a los vencedores y una Europa para reconstruir.<\/p>\n<p>&nbsp;En efecto, tenemos el \u201cdeber de sacar una lecci\u00f3n de ese pasado\u201d, para que jam\u00e1s pueda repetirse el conjunto de causas capaz de desencadenar un conflicto semejante.<\/p>\n<p>&nbsp;Pero de todas las medidas antihumanas, una de ellas constituye para siempre una verg\u00fcenza para la Humanidad: La barbarie planificada que se ensa\u00f1o contra los jud\u00edos.<\/p>\n<p>&nbsp;Objeto de la \u201csoluci\u00f3n final\u201d, imaginada por una ideolog\u00eda aberrante, los jud\u00edos fueron sometidos a privaciones y brutalidades indescriptibles. Perseguidos primero con medidas vejatorias o discriminatorias, m\u00e1s tarde acabaron a millones en campos de exterminio.<\/p>\n<p>&nbsp;Los jud\u00edos de Polonia, m\u00e1s que otros, vivieron este calvario: las im\u00e1genes del cerco de la juder\u00eda de Varsovia, como lo que se supo sobre los campos de Auschwitz, de Majdanek o de Treblinca, superan en horror lo que humanamente se pueda imaginar.<\/p>\n<p>&nbsp;Hay que recordar tambi\u00e9n que esta locura homicida se abati\u00f3 sobre otros muchos grupos que ten\u00edan la culpa de ser \u201cdiferentes\u201d o rebeldes a la tiran\u00eda del invasor.<\/p>\n<p>&nbsp;Con ocasi\u00f3n de este doloroso aniversario, me dirijo una vez m\u00e1s a todos los hombres, invit\u00e1ndolos a superar sus prejuicios y a \u201ccombatir todas las formas del racismo\u201d, aceptando reconocer en cada persona humana la dignidad fundamental y el bien que hay en la misma, tomar cada vez mayor conciencia de pertenecer a una \u00fanica familia humana querida y congregada por Dios.<\/p>\n<p>&nbsp;Deseo repetir aqu\u00ed con fuerza que la hostilidad o el odio hacia el Juda\u00edsmo est\u00e1n en total contradicci\u00f3n con la visi\u00f3n cristiana de la dignidad de la persona humana&#8230;<\/p>\n","protected":false},"excerpt":{"rendered":"<p>CARTA DE JUAN PABLO II EN EL CINCUENTA ANIVERSARIO DE LA II GUERRA MUNDIAL 27 de agosto 1989 \u00a0 \u201cMe has echado en lo profundo de la fosa, en las tinieblas, en los abismos (Sal 88 87:7)\u201d \u00a1Cu\u00e1ntas veces este grito de dolor ha surgido del coraz\u00f3n de millones de mujeres y de hombres que, [&hellip;]<\/p>\n","protected":false},"author":1,"featured_media":0,"comment_status":"open","ping_status":"open","sticky":false,"template":"","format":"standard","meta":{"_et_pb_use_builder":"","_et_pb_old_content":"","_et_gb_content_width":"","footnotes":""},"categories":[1],"tags":[],"class_list":["post-438","post","type-post","status-publish","format-standard","hentry","category-uncategorized"],"_links":{"self":[{"href":"https:\/\/cejc-madrid.org\/index.php\/wp-json\/wp\/v2\/posts\/438","targetHints":{"allow":["GET"]}}],"collection":[{"href":"https:\/\/cejc-madrid.org\/index.php\/wp-json\/wp\/v2\/posts"}],"about":[{"href":"https:\/\/cejc-madrid.org\/index.php\/wp-json\/wp\/v2\/types\/post"}],"author":[{"embeddable":true,"href":"https:\/\/cejc-madrid.org\/index.php\/wp-json\/wp\/v2\/users\/1"}],"replies":[{"embeddable":true,"href":"https:\/\/cejc-madrid.org\/index.php\/wp-json\/wp\/v2\/comments?post=438"}],"version-history":[{"count":0,"href":"https:\/\/cejc-madrid.org\/index.php\/wp-json\/wp\/v2\/posts\/438\/revisions"}],"wp:attachment":[{"href":"https:\/\/cejc-madrid.org\/index.php\/wp-json\/wp\/v2\/media?parent=438"}],"wp:term":[{"taxonomy":"category","embeddable":true,"href":"https:\/\/cejc-madrid.org\/index.php\/wp-json\/wp\/v2\/categories?post=438"},{"taxonomy":"post_tag","embeddable":true,"href":"https:\/\/cejc-madrid.org\/index.php\/wp-json\/wp\/v2\/tags?post=438"}],"curies":[{"name":"wp","href":"https:\/\/api.w.org\/{rel}","templated":true}]}}