{"id":44,"date":"2011-11-04T11:11:51","date_gmt":"2011-11-04T11:11:51","guid":{"rendered":"https:\/\/upbeat-goodall.82-223-35-84.plesk.page\/index.php\/2011\/11\/04\/el-olivo-no-39\/"},"modified":"2011-11-04T11:11:51","modified_gmt":"2011-11-04T11:11:51","slug":"el-olivo-no-39","status":"publish","type":"post","link":"https:\/\/cejc-madrid.org\/index.php\/2011\/11\/04\/el-olivo-no-39\/","title":{"rendered":"El Olivo n\u00ba 39"},"content":{"rendered":"<p align=\"center\"><b>EL OLIVO    n\u00ba 39<\/b><\/p>\n<p align=\"center\">\u00a0<\/p>\n<p align=\"center\">Enero-Junio 1994<\/p>\n<dl>\n<div align=\"center\"><center> <\/p>\n<dt><\/dt>\n<p><\/center><\/div>\n<\/dl>\n<p align=\"center\">\u00a0<\/p>\n<p align=\"center\"><span style=\"text-decoration: underline;\">\u00cdndice<\/span><\/p>\n<p align=\"left\">\u00a0<\/p>\n<p align=\"left\"><b>La Reina de  Saba y la Sabidur\u00eda de Salom\u00f3n<\/b><i> &#8211; Sor Esperanza Mary<\/i><b>&nbsp;<\/b><\/p>\n<p align=\"left\"><b>Sefer Yetsirah.  El libro de la Creaci\u00f3n &#8211;<\/b><i><b> <\/b>Jeffrey Diamond<\/i><b>&nbsp;<\/b><\/p>\n<p align=\"left\"><b>La Mosh\u00e9 Ibn  Ezra, poeta de las l\u00e1grimas y de los sue\u00f1os &#8211;<\/b><i><b> <\/b>Rosa Castillo<\/i><b>&nbsp;<\/b><\/p>\n<p align=\"left\"><b>Rashi, su tiempo  y su obra &#8211;<\/b><i> Elio  Passeto<\/i><b>&nbsp;<\/b><\/p>\n<p align=\"left\"><b>Jud\u00edos y  judaizantes de Ayll\u00f3n &#8211;<\/b><i><b> <\/b>Mar\u00eda Fuencisla Garc\u00eda  Casar<\/i><b>&nbsp;<\/b><\/p>\n<p style=\"text-align: justify;\" align=\"left\"><b>Jud\u00edos en  Orense &#8211;<\/b><i><b> <\/b>Mar\u00eda Bel\u00e9n Villar D\u00edaz<\/i><b>&nbsp;<\/b><\/p>\n<p style=\"text-align: justify;\" align=\"center\">\u00a0<\/p>\n<p style=\"text-align: justify;\" align=\"center\"><b>Las fronteras  del T\u00fa. Introducci\u00f3n al pensamiento de Mart\u00edn Buber (I) &#8211;<\/b><i><b> <\/b>Andr\u00e9s Sim\u00f3n<b>&nbsp;<\/b><\/i><\/p>\n<p align=\"center\">\u00a0<\/p>\n<p style=\"text-align: justify;\" align=\"center\"><i><b>Documentaci\u00f3n<\/b><\/i><\/p>\n<p style=\"text-align: justify;\" align=\"center\">Conferencia de prensa dada conjuntamente por  el Ministro Delegado de Asuntos Exteriores del Vaticano. Mons. Claudio Mar\u00eda  Celli. Firma del Acuerdo b\u00e1sico Israel y el Vaticano 30-12-1993<\/p>\n<blockquote><\/blockquote>\n","protected":false},"excerpt":{"rendered":"<p>EL OLIVO n\u00ba 39 \u00a0 Enero-Junio 1994 \u00a0 \u00cdndice \u00a0 La Reina de Saba y la Sabidur\u00eda de Salom\u00f3n &#8211; Sor Esperanza Mary&nbsp; Sefer Yetsirah. El libro de la Creaci\u00f3n &#8211; Jeffrey Diamond&nbsp; La Mosh\u00e9 Ibn Ezra, poeta de las l\u00e1grimas y de los sue\u00f1os &#8211; Rosa Castillo&nbsp; Rashi, su tiempo y su obra &#8211; [&hellip;]<\/p>\n","protected":false},"author":1,"featured_media":0,"comment_status":"open","ping_status":"open","sticky":false,"template":"","format":"standard","meta":{"_et_pb_use_builder":"","_et_pb_old_content":"","_et_gb_content_width":"","footnotes":""},"categories":[25],"tags":[],"class_list":["post-44","post","type-post","status-publish","format-standard","hentry","category-revista-qel-olivoq"],"_links":{"self":[{"href":"https:\/\/cejc-madrid.org\/index.php\/wp-json\/wp\/v2\/posts\/44","targetHints":{"allow":["GET"]}}],"collection":[{"href":"https:\/\/cejc-madrid.org\/index.php\/wp-json\/wp\/v2\/posts"}],"about":[{"href":"https:\/\/cejc-madrid.org\/index.php\/wp-json\/wp\/v2\/types\/post"}],"author":[{"embeddable":true,"href":"https:\/\/cejc-madrid.org\/index.php\/wp-json\/wp\/v2\/users\/1"}],"replies":[{"embeddable":true,"href":"https:\/\/cejc-madrid.org\/index.php\/wp-json\/wp\/v2\/comments?post=44"}],"version-history":[{"count":0,"href":"https:\/\/cejc-madrid.org\/index.php\/wp-json\/wp\/v2\/posts\/44\/revisions"}],"wp:attachment":[{"href":"https:\/\/cejc-madrid.org\/index.php\/wp-json\/wp\/v2\/media?parent=44"}],"wp:term":[{"taxonomy":"category","embeddable":true,"href":"https:\/\/cejc-madrid.org\/index.php\/wp-json\/wp\/v2\/categories?post=44"},{"taxonomy":"post_tag","embeddable":true,"href":"https:\/\/cejc-madrid.org\/index.php\/wp-json\/wp\/v2\/tags?post=44"}],"curies":[{"name":"wp","href":"https:\/\/api.w.org\/{rel}","templated":true}]}}