{"id":45,"date":"2011-11-04T11:12:22","date_gmt":"2011-11-04T11:12:22","guid":{"rendered":"https:\/\/upbeat-goodall.82-223-35-84.plesk.page\/index.php\/2011\/11\/04\/el-olivo-no-40\/"},"modified":"2011-11-04T11:12:22","modified_gmt":"2011-11-04T11:12:22","slug":"el-olivo-no-40","status":"publish","type":"post","link":"https:\/\/cejc-madrid.org\/index.php\/2011\/11\/04\/el-olivo-no-40\/","title":{"rendered":"El Olivo n\u00ba 40"},"content":{"rendered":"<p align=\"center\"><b>EL OLIVO    n\u00ba 40<\/b><\/p>\n<p align=\"center\">\u00a0<\/p>\n<p align=\"center\">Julio-Diciembre 1994<\/p>\n<dl>\n<div align=\"center\"><center> <\/p>\n<dt><\/dt>\n<p><\/center><\/div>\n<\/dl>\n<p align=\"center\">\u00a0<\/p>\n<p align=\"center\"><span style=\"text-decoration: underline;\">\u00cdndice<\/span><\/p>\n<p align=\"left\">\u00a0<\/p>\n<p align=\"left\"><b>La Misnah.  Literatura y Teolog\u00eda<\/b> &#8211; Miguel P\u00e9rez Fern\u00e1ndez<b>&nbsp;<\/b><\/p>\n<p align=\"left\"><b>Minim en la  oraci\u00f3n \u00abBirkat Ha-Minim\u00bb &#8211;<\/b><i><b> <\/b>Elio Passeto<\/i><b>&nbsp;<\/b><\/p>\n<p align=\"left\"><b>La C\u00e1bala y  Abraham Abulafia &#8211;<\/b><i><b> <\/b>Purificaci\u00f3n Albarral<\/i><b>&nbsp;<\/b><\/p>\n<p align=\"left\"><b>Dos sefardies en  busca de la unidad. Ibn Gabiron y Baruj Spinoza &#8211;<\/b><i><b> <\/b>Sor  Mary Testemalle<\/i><b><i> <\/i><\/b><\/p>\n<p align=\"left\"><b>Fenomenolog\u00eda de  historia y juda\u00edsmo (1919-1951) &#8211;<\/b><i><b> <\/b>Agust\u00edn Serrano de Haro<\/i><\/p>\n<p align=\"left\">\u00a0<\/p>\n<p align=\"left\">Documentaci\u00f3n<\/p>\n<p align=\"left\">Discurso del Primer Embajador ante la Santa  Sede con ocasi\u00f3n de las Cartas Credenciales a su Santidad Juan Pablo  II<\/p>\n<p align=\"left\">Discurso de Su Santidad Juan Pablo II al  Primer Embajador de Israel<\/p>\n<p align=\"left\">Discurso de Juan Pablo II en conmemoraci\u00f3n del  holocausto de millones de jud\u00edos 7 abril 1994<\/p>\n<blockquote><\/blockquote>\n","protected":false},"excerpt":{"rendered":"<p>EL OLIVO n\u00ba 40 \u00a0 Julio-Diciembre 1994 \u00a0 \u00cdndice \u00a0 La Misnah. Literatura y Teolog\u00eda &#8211; Miguel P\u00e9rez Fern\u00e1ndez&nbsp; Minim en la oraci\u00f3n \u00abBirkat Ha-Minim\u00bb &#8211; Elio Passeto&nbsp; La C\u00e1bala y Abraham Abulafia &#8211; Purificaci\u00f3n Albarral&nbsp; Dos sefardies en busca de la unidad. Ibn Gabiron y Baruj Spinoza &#8211; Sor Mary Testemalle Fenomenolog\u00eda de historia [&hellip;]<\/p>\n","protected":false},"author":1,"featured_media":0,"comment_status":"open","ping_status":"open","sticky":false,"template":"","format":"standard","meta":{"_et_pb_use_builder":"","_et_pb_old_content":"","_et_gb_content_width":"","footnotes":""},"categories":[25],"tags":[],"class_list":["post-45","post","type-post","status-publish","format-standard","hentry","category-revista-qel-olivoq"],"_links":{"self":[{"href":"https:\/\/cejc-madrid.org\/index.php\/wp-json\/wp\/v2\/posts\/45","targetHints":{"allow":["GET"]}}],"collection":[{"href":"https:\/\/cejc-madrid.org\/index.php\/wp-json\/wp\/v2\/posts"}],"about":[{"href":"https:\/\/cejc-madrid.org\/index.php\/wp-json\/wp\/v2\/types\/post"}],"author":[{"embeddable":true,"href":"https:\/\/cejc-madrid.org\/index.php\/wp-json\/wp\/v2\/users\/1"}],"replies":[{"embeddable":true,"href":"https:\/\/cejc-madrid.org\/index.php\/wp-json\/wp\/v2\/comments?post=45"}],"version-history":[{"count":0,"href":"https:\/\/cejc-madrid.org\/index.php\/wp-json\/wp\/v2\/posts\/45\/revisions"}],"wp:attachment":[{"href":"https:\/\/cejc-madrid.org\/index.php\/wp-json\/wp\/v2\/media?parent=45"}],"wp:term":[{"taxonomy":"category","embeddable":true,"href":"https:\/\/cejc-madrid.org\/index.php\/wp-json\/wp\/v2\/categories?post=45"},{"taxonomy":"post_tag","embeddable":true,"href":"https:\/\/cejc-madrid.org\/index.php\/wp-json\/wp\/v2\/tags?post=45"}],"curies":[{"name":"wp","href":"https:\/\/api.w.org\/{rel}","templated":true}]}}