{"id":47,"date":"2011-11-04T11:13:59","date_gmt":"2011-11-04T11:13:59","guid":{"rendered":"https:\/\/upbeat-goodall.82-223-35-84.plesk.page\/index.php\/2011\/11\/04\/el-olivo-no-42\/"},"modified":"2011-11-04T11:13:59","modified_gmt":"2011-11-04T11:13:59","slug":"el-olivo-no-42","status":"publish","type":"post","link":"https:\/\/cejc-madrid.org\/index.php\/2011\/11\/04\/el-olivo-no-42\/","title":{"rendered":"El Olivo n\u00ba 42"},"content":{"rendered":"<p align=\"center\"><b>EL OLIVO    n\u00ba 42<\/b><\/p>\n<p align=\"center\">\u00a0<\/p>\n<p align=\"center\">Julio &#8211; Diciembre 1995<\/p>\n<p align=\"center\">\u00a0<\/p>\n<dl>\n<div align=\"center\"><center> <\/p>\n<dt>En los dif\u00edciles momentos que siguen al asesinato  de Rabin, la Redacci\u00f3n, adem\u00e1s de enviar <\/dt>\n<p><\/center><\/div>\n<div align=\"center\"><center> <\/p>\n<dt> sus condolencias a los amigos de EL OLIVO en  Israel y en la Di\u00e1spora, <\/dt>\n<p><\/center><\/div>\n<div align=\"center\"><center> <\/p>\n<dt> une de nuevo sus votos a los de todos los  amantes de paz. <\/dt>\n<p><\/center><\/div>\n<\/dl>\n<p align=\"center\">\u00a0<\/p>\n<p align=\"center\"><span style=\"text-decoration: underline;\">\u00cdndice<\/span><\/p>\n<p align=\"left\">\u00a0<\/p>\n<p align=\"left\"><b>La influencia en  la tradici\u00f3n oral de Israel en la tradici\u00f3n cristiana &#8211;<\/b><i><b> <\/b>Elio Passeto <\/i>&#8211; Instituto Ratisbonne, Jerusalem<b>&nbsp;<\/b><\/p>\n<p align=\"left\"><b>Instituciones  familiares en el Antiguo Oriente durante la \u00e9poca patriarcal &#8211;<\/b><i><b> <\/b>Rosa Mar\u00eda Alonso Garc\u00eda<\/i> &#8211; Madrid<b>&nbsp;<\/b><\/p>\n<p align=\"left\"><b>Recuperaci\u00f3n de  la memoria hist\u00f3rica &#8211;<\/b><i><b> <\/b>Luis Maldonado &#8211; <\/i>Universidad Pontificia de Salamanca<b>&nbsp;<\/b><\/p>\n<p align=\"left\"><b>Tolerancia,  libertad y solidaridad cristiana &#8211;<\/b><i><b> <\/b>Te\u00f3filo Moldovan  &#8211; <\/i>Universidad San Pablo,  Madrid<b>&nbsp;<\/b><\/p>\n<p align=\"left\"><b>Retos del  di\u00e1logo judeo-cristiano en el horizonte 2000 &#8211;<\/b><i><b> <\/b>Samuel Toledano    &#8211; <\/i>Madrid<b>&nbsp;<\/b><\/p>\n<p align=\"left\"><b>La mujer sefard\u00ed  en su rol de transmisora del legado &#8211;<\/b><i><b> <\/b>Matilde Gini de Barnatan    &#8211; <\/i>Madrid<i><b><\/b><\/i><\/p>\n<p align=\"left\">\u00a0<\/p>\n<p align=\"left\"><i><b>Documentaci\u00f3n<\/b><\/i><b><\/b><\/p>\n<p align=\"left\"><b>Jornadas  Extreme\u00f1as de Estudios Judaicos. Hervas (C\u00e1ceres) marzo de 1995<\/b><i><\/i><\/p>\n<p align=\"left\"><i>Antonio Jos\u00e9  Escudero R\u00edos y Joaqu\u00edn Lled\u00f3<\/i><\/p>\n<blockquote>\n","protected":false},"excerpt":{"rendered":"<p>EL OLIVO n\u00ba 42 \u00a0 Julio &#8211; Diciembre 1995 \u00a0 En los dif\u00edciles momentos que siguen al asesinato de Rabin, la Redacci\u00f3n, adem\u00e1s de enviar sus condolencias a los amigos de EL OLIVO en Israel y en la Di\u00e1spora, une de nuevo sus votos a los de todos los amantes de paz. \u00a0 \u00cdndice \u00a0 [&hellip;]<\/p>\n","protected":false},"author":1,"featured_media":0,"comment_status":"open","ping_status":"open","sticky":false,"template":"","format":"standard","meta":{"_et_pb_use_builder":"","_et_pb_old_content":"","_et_gb_content_width":"","footnotes":""},"categories":[25],"tags":[],"class_list":["post-47","post","type-post","status-publish","format-standard","hentry","category-revista-qel-olivoq"],"_links":{"self":[{"href":"https:\/\/cejc-madrid.org\/index.php\/wp-json\/wp\/v2\/posts\/47","targetHints":{"allow":["GET"]}}],"collection":[{"href":"https:\/\/cejc-madrid.org\/index.php\/wp-json\/wp\/v2\/posts"}],"about":[{"href":"https:\/\/cejc-madrid.org\/index.php\/wp-json\/wp\/v2\/types\/post"}],"author":[{"embeddable":true,"href":"https:\/\/cejc-madrid.org\/index.php\/wp-json\/wp\/v2\/users\/1"}],"replies":[{"embeddable":true,"href":"https:\/\/cejc-madrid.org\/index.php\/wp-json\/wp\/v2\/comments?post=47"}],"version-history":[{"count":0,"href":"https:\/\/cejc-madrid.org\/index.php\/wp-json\/wp\/v2\/posts\/47\/revisions"}],"wp:attachment":[{"href":"https:\/\/cejc-madrid.org\/index.php\/wp-json\/wp\/v2\/media?parent=47"}],"wp:term":[{"taxonomy":"category","embeddable":true,"href":"https:\/\/cejc-madrid.org\/index.php\/wp-json\/wp\/v2\/categories?post=47"},{"taxonomy":"post_tag","embeddable":true,"href":"https:\/\/cejc-madrid.org\/index.php\/wp-json\/wp\/v2\/tags?post=47"}],"curies":[{"name":"wp","href":"https:\/\/api.w.org\/{rel}","templated":true}]}}