{"id":475,"date":"2013-09-12T15:12:21","date_gmt":"2013-09-12T15:12:21","guid":{"rendered":"https:\/\/upbeat-goodall.82-223-35-84.plesk.page\/index.php\/2013\/09\/12\/los-alumnos-espanoles-estudiaran-el-holocausto-judio\/"},"modified":"2013-09-12T15:12:21","modified_gmt":"2013-09-12T15:12:21","slug":"los-alumnos-espanoles-estudiaran-el-holocausto-judio","status":"publish","type":"post","link":"https:\/\/cejc-madrid.org\/index.php\/2013\/09\/12\/los-alumnos-espanoles-estudiaran-el-holocausto-judio\/","title":{"rendered":"Los alumnos espa\u00f1oles estudiar\u00e1n el Holocausto jud\u00edo"},"content":{"rendered":"<p style=\"text-align: center;\"><strong><span style=\"color: #993300; font-size: 12pt;\">LOS ALUMNOS ESPA\u00d1OLES ESTUDIAR\u00c1N EL HOLOCAUSTO JUD\u00cdO<\/span><\/strong><\/p>\n<p style=\"text-align: left;\"><span style=\"color: #000000; font-size: 10pt;\">Religion Digital Educaci\u00f3n<\/span><\/p>\n<p style=\"text-align: justify;\">&nbsp;<span style=\"color: #000000;\">Redacci\u00f3n, 11 de septiembre de 2013 a las 17:45<\/span><\/p>\n<p style=\"text-align: justify;\"><span style=\"color: #000000;\">Los alumnos espa\u00f1oles estudiar\u00e1n el Holocausto jud\u00edo. Los jud\u00edos hubieran querido una enmienda m\u00e1s amplia<\/span><\/p>\n<p style=\"text-align: justify;\"><span style=\"color: #000000;\">&nbsp;&nbsp;&nbsp;&nbsp;&nbsp;El presidente de la Federaci\u00f3n de Comunidades Jud\u00edas de Espa\u00f1a (FCJE), Isaac Querub, ha declarado que \u00abciertamente supone un progreso\u00bb<\/span><\/p>\n<p style=\"text-align: justify;\"><span style=\"color: #000000;\">&nbsp;&nbsp;&nbsp;&nbsp;&nbsp; El grupo parlamentario popular en el Congreso ha presentado una enmienda a la Ley Org\u00e1nica para la Mejora de la Calidad Educativa (LOMCE) por la que a\u00f1ade una nueva disposici\u00f3n adicional sobre la &#8216;Prevenci\u00f3n y resoluci\u00f3n pac\u00edfica de conflictos y valores que sustentan la democracia y los derechos humanos&#8217; que establece la inclusi\u00f3n del estudio del Holocausto jud\u00edo como hecho hist\u00f3rico en el curr\u00edculo de las diferentes etapas de la educaci\u00f3n b\u00e1sica.<\/span><\/p>\n<p style=\"text-align: justify;\"><span style=\"color: #000000;\">\u00abEn el curr\u00edculo de las diferentes etapas de la educaci\u00f3n b\u00e1sica se tendr\u00e1 en consideraci\u00f3n el aprendizaje de la prevenci\u00f3n y resoluci\u00f3n pac\u00edfica de conflictos en todos los \u00e1mbitos de la vida personal, familiar y social, y de los valores que sustentan la democracia y los derechos humanos, que debe incluir en todo caso la prevenci\u00f3n de la violencia de g\u00e9nero y el estudio del Holocausto jud\u00edo como hecho hist\u00f3rico\u00bb, reza la disposici\u00f3n. Aunque la iniciativa todav\u00eda tiene que ser incorporada al texto de la ley en el tr\u00e1mite parlamentario, la mayor\u00eda del PP hace prever que esta disposici\u00f3n se incorporar\u00e1 al texto que publique finalmente el BOE.<\/span><\/p>\n<p style=\"text-align: justify;\"><span style=\"color: #000000;\">El grupo popular indica, para justificar esta enmienda, que es necesario tener en cuenta en los curr\u00edculos de la educaci\u00f3n b\u00e1sica tanto la prevenci\u00f3n y resoluci\u00f3n pac\u00edfica de conflictos como los valores que sustentan la democracia y los derechos humanos.<\/span><\/p>\n<p style=\"text-align: justify;\"><span style=\"color: #000000;\">En una entrevista concedida a Europa Press, el presidente de la Federaci\u00f3n de Comunidades Jud\u00edas de Espa\u00f1a (FCJE), Isaac Querub, ha declarado que \u00abciertamente supone un progreso\u00bb pero ha precisado que hubieran deseado \u00abuna enmienda m\u00e1s amplia donde se hiciera referencia a la historia del pueblo jud\u00edo\u00bb.<\/span><\/p>\n<p style=\"text-align: justify;\"><span style=\"color: #000000;\">Concretamente, ha explicado que lo que desde la Federaci\u00f3n han planteado al ministro de Educaci\u00f3n, Cultura y Deporte, Jos\u00e9 Ignacio Wert, es \u00abintroducir el factor jud\u00edo en el curr\u00edculo escolar\u00bb para que \u00abse aprenda, se sepa algo m\u00e1s sobre la historia del pueblo jud\u00edo en vinculaci\u00f3n con la tierra de Israel as\u00ed como de la presencia de los jud\u00edos en la historia de Espa\u00f1a\u00bb.<\/span><\/p>\n<p style=\"text-align: justify;\"><span style=\"color: #000000;\">En cualquier caso, ha asegurado que Wert se ha portado \u00abextraordinariamente bien\u00bb y que fue quien les propuso crear una Comisi\u00f3n Mixta formada por el Ministerio de Educaci\u00f3n y la FCJE por medio de la cual han redactado un texto conjunto que han remitido a todos los partidos con representaci\u00f3n.<\/span><\/p>\n<p style=\"text-align: justify;\"><span style=\"color: #000000;\">Querub ha explicado que desde la Federaci\u00f3n han pedido ampliar este tema en Espa\u00f1a, en primer lugar, porque el Holocausto, \u00absi no se contextualiza\u00bb, da una imagen distorsionada de la historia del pueblo jud\u00edo y, en segundo lugar, porque \u00abdesgraciadamente, Espa\u00f1a en los sondeos nacionales e internacionales aparece como el pa\u00eds m\u00e1s antisemita de Europa junto con Hungr\u00eda\u00bb.<\/span><\/p>\n<p style=\"text-align: justify;\"><span style=\"color: #000000;\">Esto significa, seg\u00fan ha precisado, que la juventud espa\u00f1ola tiene una imagen \u00ababsolutamente distorsionada, llena de prejuicios y estereotipos con respecto a los jud\u00edos\u00bb, algo que, seg\u00fan ha a\u00f1adido, no pueden permitir como espa\u00f1oles.<\/span><\/p>\n<p style=\"text-align: justify;\"><span style=\"color: #000000;\">\u00abEstamos convencidos de que un mayor conocimiento sobre los jud\u00edos y sobre su devenir hist\u00f3rico limitar\u00e1 los prejuicios y esperamos que los llegue a desterrar. La ignorancia es lo m\u00e1s atrevido que hay y solo se puede suplir con conocimiento\u00bb, ha remarcado.<\/span><\/p>\n<p style=\"text-align: justify;\"><span style=\"color: #000000;\">Por su parte, el presidente de Movimiento contra la Intolerancia, Esteban Ibarra, ha indicado que es una petici\u00f3n \u00abhist\u00f3rica\u00bb que las organizaciones que luchan contra el antisemitismo llevan planteando a los diferentes gobiernos desde los a\u00f1os 90 del siglo XX con el fin de que la educaci\u00f3n democr\u00e1tica se asiente sobre \u00abla negaci\u00f3n absoluta de la barbarie nazi y genocida\u00bb.<\/span><\/p>\n<p style=\"text-align: justify;\"><span style=\"color: #000000;\">Ibarra considera que el hecho de que el sistema educativo incorpore seriamente en el marco de la ley la educaci\u00f3n para la memoria del Holocausto y, por tanto, la prevenci\u00f3n del genocidio a trav\u00e9s de los valores democr\u00e1ticos, es \u00abser congruente con los planteamientos de derechos humanos que est\u00e1n establecidos en el propio tratado de la Uni\u00f3n Europea\u00bb.<\/span><\/p>\n<p style=\"text-align: justify;\"><span style=\"color: #000000;\">Adem\u00e1s, ha se\u00f1alado que la inclusi\u00f3n de esta enmienda en la LOMCE ser\u00eda \u00abfundamental\u00bb en estos momentos \u00abcon lo que est\u00e1 sucediendo en Europa\u00bb. Concretamente, ha puesto el ejemplo de Hungr\u00eda, donde fueron exterminados 600.000 jud\u00edos y donde ahora hay \u00abdiputados de extrema derecha capaces de pedir listas de jud\u00edos\u00bb o de Grecia, donde surgen grupos neonazis como Amanecer Dorado.<\/span><\/p>\n","protected":false},"excerpt":{"rendered":"<p>LOS ALUMNOS ESPA\u00d1OLES ESTUDIAR\u00c1N EL HOLOCAUSTO JUD\u00cdO Religion Digital Educaci\u00f3n &nbsp;Redacci\u00f3n, 11 de septiembre de 2013 a las 17:45 Los alumnos espa\u00f1oles estudiar\u00e1n el Holocausto jud\u00edo. Los jud\u00edos hubieran querido una enmienda m\u00e1s amplia &nbsp;&nbsp;&nbsp;&nbsp;&nbsp;El presidente de la Federaci\u00f3n de Comunidades Jud\u00edas de Espa\u00f1a (FCJE), Isaac Querub, ha declarado que \u00abciertamente supone un progreso\u00bb &nbsp;&nbsp;&nbsp;&nbsp;&nbsp; [&hellip;]<\/p>\n","protected":false},"author":1,"featured_media":0,"comment_status":"open","ping_status":"open","sticky":false,"template":"","format":"standard","meta":{"_et_pb_use_builder":"","_et_pb_old_content":"","_et_gb_content_width":"","footnotes":""},"categories":[1],"tags":[],"class_list":["post-475","post","type-post","status-publish","format-standard","hentry","category-uncategorized"],"_links":{"self":[{"href":"https:\/\/cejc-madrid.org\/index.php\/wp-json\/wp\/v2\/posts\/475","targetHints":{"allow":["GET"]}}],"collection":[{"href":"https:\/\/cejc-madrid.org\/index.php\/wp-json\/wp\/v2\/posts"}],"about":[{"href":"https:\/\/cejc-madrid.org\/index.php\/wp-json\/wp\/v2\/types\/post"}],"author":[{"embeddable":true,"href":"https:\/\/cejc-madrid.org\/index.php\/wp-json\/wp\/v2\/users\/1"}],"replies":[{"embeddable":true,"href":"https:\/\/cejc-madrid.org\/index.php\/wp-json\/wp\/v2\/comments?post=475"}],"version-history":[{"count":0,"href":"https:\/\/cejc-madrid.org\/index.php\/wp-json\/wp\/v2\/posts\/475\/revisions"}],"wp:attachment":[{"href":"https:\/\/cejc-madrid.org\/index.php\/wp-json\/wp\/v2\/media?parent=475"}],"wp:term":[{"taxonomy":"category","embeddable":true,"href":"https:\/\/cejc-madrid.org\/index.php\/wp-json\/wp\/v2\/categories?post=475"},{"taxonomy":"post_tag","embeddable":true,"href":"https:\/\/cejc-madrid.org\/index.php\/wp-json\/wp\/v2\/tags?post=475"}],"curies":[{"name":"wp","href":"https:\/\/api.w.org\/{rel}","templated":true}]}}