{"id":477,"date":"2013-10-14T15:35:21","date_gmt":"2013-10-14T15:35:21","guid":{"rendered":"https:\/\/upbeat-goodall.82-223-35-84.plesk.page\/index.php\/2013\/10\/14\/encuentro-catolico-judio-cardenal-rouco-discurso-inauguracion\/"},"modified":"2013-10-14T15:35:21","modified_gmt":"2013-10-14T15:35:21","slug":"encuentro-catolico-judio-cardenal-rouco-discurso-inauguracion","status":"publish","type":"post","link":"https:\/\/cejc-madrid.org\/index.php\/2013\/10\/14\/encuentro-catolico-judio-cardenal-rouco-discurso-inauguracion\/","title":{"rendered":"Encuentro Cat\u00f3lico-Jud\u00edo Cardenal Rouco Discurso Inauguraci\u00f3n"},"content":{"rendered":"<p style=\"text-align: center;\"><strong><span style=\"font-size: 12pt; font-family: 'Times New Roman','serif';\">Palabras del Cardenal Rouco Varela en el acto inaugural <\/span><\/strong><\/p>\n<p style=\"text-align: center;\"><strong><span style=\"font-size: 12pt; font-family: 'Times New Roman','serif';\">de la 22 Reuni\u00f3n del Comit\u00e9 de Enlace Judeo-Cat\u00f3lico (ILC)<\/span><\/strong><\/p>\n<p style=\"text-align: justify;\"><span style=\"font-size: 12pt; font-family: 'Times New Roman','serif';\">Muy estimados hermanos y amigos,<\/span><\/p>\n<p style=\"text-align: justify;\"><span style=\"font-size: 12pt; font-family: 'Times New Roman','serif';\"> Es un gran placer saludar y dar la bienvenida a los participantes en esta 22 reuni\u00f3n del Comit\u00e9 de Enlace Judeo-Cat\u00f3lico que se celebra aqu\u00ed en Madrid. Saludo a su eminencia, el se\u00f1or cardenal Kurt Koch, presidente de la Pontificia Comisi\u00f3n para las Relaciones Religiosas con el Juda\u00edsmo y a sus colaboradores, junto con los dem\u00e1s miembros de la delegaci\u00f3n internacional cat\u00f3lica. Tambi\u00e9n saludo a la se\u00f1ora Betty Ehrenberg, presidenta del Comit\u00e9 Internacional Jud\u00edo para las Consultas Interreligiosas (IJCIC) y a los rabinos y miembros de la delegaci\u00f3n internacional jud\u00eda. Saludo al se\u00f1or \u00c1ngel Llorente, director general de Cooperaci\u00f3n Jur\u00eddica Internacional y Relaciones con las Confesiones del Ministerio de Justicia y a la alcaldesa de Madrid, se\u00f1ora Ana Botella, que nos honran con su presencia y a los cuales agradecemos su colaboraci\u00f3n para el buen \u00e9xito de este encuentro. Tambi\u00e9n deseo saludar con mucho cari\u00f1o a los que pertenecen a la comunidad jud\u00eda local, en especial al se\u00f1or Isaac Querub, presidente de la Federaci\u00f3n de Comunidades Jud\u00edas de Espa\u00f1a y al rabino Mois\u00e9s Bendahan. Me alegra tambi\u00e9n mucho saludar a los obispos y miembros de la delegaci\u00f3n cat\u00f3lica espa\u00f1ola y a todos los dem\u00e1s que est\u00e1n presentes en este acto de apertura en el que hay muchas caras conocidas. Deseo dar las gracias a todos los que han colaborado para hacer posible que esta reuni\u00f3n se celebre aqu\u00ed en Espa\u00f1a.<\/span><\/p>\n<p style=\"text-align: justify;\">&nbsp;<\/p>\n<p style=\"text-align: justify;\"><span style=\"font-size: 12pt; font-family: 'Times New Roman','serif';\"> Sabemos la importancia y especial significaci\u00f3n que tiene Espa\u00f1a \u2013Sefarad- para la comunidad jud\u00eda, tanto desde una perspectiva hist\u00f3rica, como cultural, sentimental y posiblemente tambi\u00e9n religiosa. A esta tierra se sienten ligados muchos jud\u00edos que hoy viven en distintas partes del mundo y algunos, aunque no la hayan pisado nunca, siguen hablando una lengua muy parecida a la nuestra de hoy y guardan por tradici\u00f3n familiar las llaves de las casas de las que eran propietarios antes de la expulsi\u00f3n. Hoy la comunidad jud\u00eda aqu\u00ed en Espa\u00f1a es peque\u00f1a en comparaci\u00f3n con la poblaci\u00f3n cat\u00f3lica, aunque se ha incrementado bastante en los \u00faltimos a\u00f1os. Desear\u00eda que esta reuni\u00f3n pueda servir para fortalecer los lazos de amistad y colaboraci\u00f3n entre la Iglesia en Espa\u00f1a, especialmente entre la Conferencia Episcopal Espa\u00f1ola y la comunidad jud\u00eda de Espa\u00f1a y a potenciar nuestra acci\u00f3n conjunta en favor del bien com\u00fan y la defensa y promoci\u00f3n de los valores que compartimos en \u00e1mbitos tan importantes como la justicia social, la familia, la educaci\u00f3n en el respeto de los principios religiosos y morales de los padres, la libertad religiosa\u2026<\/span><\/p>\n<p style=\"text-align: justify;\"><span style=\"font-size: 12pt; font-family: 'Times New Roman','serif';\"> Los cat\u00f3licos estamos celebrando el A\u00f1o de la fe que ha sido convocado por el papa em\u00e9rito Benedicto XVI y ratificado por el papa Francisco y que terminar\u00e1 a finales del pr\u00f3ximo mes de noviembre. En la Carta Apost\u00f3lica Porta fidei con la que se invitaba a toda la Iglesia a celebrarlo, se hac\u00eda referencia a los 50 a\u00f1os de la apertura del Concilio Vaticano II y a los textos dejados en herencia por los padres conciliares que \u201cno pierden su valor ni esplendor\u201d, seg\u00fan una muy conocida expresi\u00f3n del beato Juan Pablo II. \u00bfQu\u00e9 duda cabe que uno de los textos m\u00e1s significativos del Concilio ha sido la declaraci\u00f3n Nostra aetate sobra la relaci\u00f3n de la Iglesia con las religiones no cristianas? \u00bfQu\u00e9 duda cabe que este documento dio un impulso decisivo e irreversible a las relaciones entre la Iglesia y la comunidad jud\u00eda, llevando a superar muchos prejuicios e incomprensiones del pasado? En esta reuni\u00f3n que hoy empieza podemos constatar con un cierto grado de satisfacci\u00f3n como el deseo expresado en ese decreto se ha ido haciendo realidad a lo largo de estos ya casi 50 a\u00f1os: \u201cComo es (\u2026) tan grande el patrimonio espiritual com\u00fan a cristianos y jud\u00edos, este Sagrado Concilio quiere fomentar y recomendar el mutuo conocimiento y aprecio entre ellos, que se consigue sobre todo por medio de los estudios b\u00edblicos y teol\u00f3gicos y con el di\u00e1logo fraterno\u201d. (NA, 4)<\/span><\/p>\n<p style=\"text-align: justify;\"><span style=\"font-size: 12pt; font-family: 'Times New Roman','serif';\">Estos encuentros constituyen un \u00e1mbito privilegiado para experimentar ese v\u00ednculo tan especial que nos une; misteriosamente enraizado en el eterno plan de salvaci\u00f3n de Dios para toda la humanidad, como lo han definido Juan Pablo II y Benedicto XVI.<\/span><\/p>\n<p style=\"text-align: justify;\"><span style=\"font-size: 12pt; font-family: 'Times New Roman','serif';\">El tema que se ha elegido para esta reuni\u00f3n hace referencia a los desaf\u00edos para la religi\u00f3n en las sociedades contempor\u00e1neas; desaf\u00edos, o retos, que son en gran parte comunes para la Iglesia y la comunidad jud\u00eda. Entre estos retos est\u00e1 el de la increencia tan extendida en nuestra sociedad y cuyas repercusiones dentro de nuestras comunidades religiosas no podemos ignorar ni infravalorar. El hombre de hoy pretende comprenderse a s\u00ed mismo, al mundo y a la historia sin reconocer su condici\u00f3n de creatura de Dios; d\u00e1ndole la espalda, negando o ignorando su existencia. Las consecuencias, como hemos podido comprobar a lo largo del siglo XX, no pueden ser m\u00e1s terribles. \u00a1Cu\u00e1nto dolor, sufrimiento y muerte han provocado las ideolog\u00edas ateas, racistas y nihilistas del siglo pasado!<\/span><\/p>\n<p style=\"text-align: justify;\"><span style=\"font-size: 12pt; font-family: 'Times New Roman','serif';\"> Hemos celebrado esta ma\u00f1ana en Tarragona la beatificaci\u00f3n de 522 m\u00e1rtires de la persecuci\u00f3n religiosa en Espa\u00f1a del siglo XX. Se trata de Obispos, sacerdotes, consagrados y laicos, unidos a otros muchos que por odio a su fe fueron perseguidos, torturados y asesinados en la Europa del siglo XX. Lo que ocurri\u00f3 en Espa\u00f1a y en muchos otros lugares, como la antigua Uni\u00f3n Sovi\u00e9tica, sigue teniendo lugar hoy a diferente escala en muchos pa\u00edses donde no se respeta la libertad religiosa y el car\u00e1cter sagrado de cada persona humana.<\/span><\/p>\n<p style=\"text-align: justify;\"><span style=\"font-size: 12pt; font-family: 'Times New Roman','serif';\"> Tambi\u00e9n el pueblo jud\u00edo sufri\u00f3 el siglo pasado la espantosa desgracia del holocausto, la Shoah, -\u00a1un verdadero genocidio!- cuya causa profunda, junto al antisemitismo que hemos de luchar por erradicar en todas sus formas, hay que buscarla en la negaci\u00f3n radical de Dios que conduce a un no disimulado desprecio del hombre, que es siempre su criatura independientemente de su condici\u00f3n social, raza y religi\u00f3n.<\/span><\/p>\n<p style=\"text-align: justify;\"><span style=\"font-size: 12pt; font-family: 'Times New Roman','serif';\"> Benedicto XVI ha convocado el A\u00f1o de la fe a causa de la profunda crisis de fe que est\u00e1 sufriendo la sociedad contempor\u00e1nea. En la Carta Ap\u00f3stolica con la que lo convocaba nos invita a redescubrir nuestra fe, a hacer de nuevo el camino de la fe, a profundizar en el acto mismo de creer y en sus contenidos. En este contexto hist\u00f3rico-espiritual resulta de suma actualidad el conocido texto del decreto Nostra aetate: \u201cla Iglesia no puede olvidar que ha recibido la Revelaci\u00f3n del Antiguo Testamento por medio de aquel pueblo, con quien Dios, por su inefable misericordia se dign\u00f3 establecer la Antigua Alianza, ni puede olvidar que se nutre de la ra\u00edz del buen olivo en que se han injertado las ramas del olivo silvestre que son los gentiles\u201d. (NA, 4)<\/span><\/p>\n<p style=\"text-align: justify;\"><span style=\"font-size: 12pt; font-family: 'Times New Roman','serif';\"> Deseo de todo coraz\u00f3n que esta importante reuni\u00f3n del organismo oficial de contacto entre la Iglesia y la comunidad jud\u00eda mundial que se celebra aqu\u00ed en la capital de Espa\u00f1a nos ayude a todos a discernir esos desaf\u00edos que nos son comunes y a encontrar los modos m\u00e1s adecuados para asumirlos y superarlos positivamente.<\/span><\/p>\n<p style=\"text-align: justify;\"><span style=\"font-size: 12pt; font-family: 'Times New Roman','serif';\"> Vuelvo a saludar a todos los presentes y a agradecer que se haya decidido celebrar esta importante reuni\u00f3n aqu\u00ed en Madrid y pido al Se\u00f1or por sus frutos: frutos buenos de amistad, compromiso y crecimiento en la fe y en el testimonio del \u00fanico Dios, Se\u00f1or de todos.<\/span><\/p>\n","protected":false},"excerpt":{"rendered":"<p style=\"text-align: center;\"><strong><span style=\"font-size: 12pt; font-family: 'Times New Roman','serif';\">Palabras del Cardenal Rouco Varela en el acto inaugural <\/span><\/strong><\/p>\n<p style=\"text-align: center;\"><strong><span style=\"font-size: 12pt; font-family: 'Times New Roman','serif';\">de la 22 Reuni\u00f3n del Comit\u00e9 de Enlace Judeo-Cat\u00f3lico (ILC)<\/span><\/strong><\/p>\n<p style=\"text-align: justify;\"><span style=\"font-size: 12pt; font-family: 'Times New Roman','serif';\">Muy estimados hermanos y amigos,<\/span><\/p>\n<p style=\"text-align: justify;\"><span style=\"font-size: 12pt; font-family: 'Times New Roman','serif';\"> Es un gran placer saludar y dar la bienvenida a los participantes en esta 22 reuni\u00f3n del Comit\u00e9 de Enlace Judeo-Cat\u00f3lico que se celebra aqu\u00ed en Madrid. Saludo a su eminencia, el se\u00f1or cardenal Kurt Koch, presidente de la Pontificia Comisi\u00f3n para las Relaciones Religiosas con el Juda\u00edsmo y a sus colaboradores, junto con los dem\u00e1s miembros de la delegaci\u00f3n internacional cat\u00f3lica. Tambi\u00e9n saludo a la se\u00f1ora Betty Ehrenberg, presidenta del Comit\u00e9 Internacional Jud\u00edo para las Consultas Interreligiosas (IJCIC) y a los rabinos y miembros de la delegaci\u00f3n internacional jud\u00eda. Saludo al se\u00f1or \u00c1ngel Llorente, director general de Cooperaci\u00f3n Jur\u00eddica Internacional y Relaciones con las Confesiones del Ministerio de Justicia y a la alcaldesa de Madrid, se\u00f1ora Ana Botella, que nos honran con su presencia y a los cuales agradecemos su colaboraci\u00f3n para el buen \u00e9xito de este encuentro. Tambi\u00e9n deseo saludar con mucho cari\u00f1o a los que pertenecen a la comunidad jud\u00eda local, en especial al se\u00f1or Isaac Querub, presidente de la Federaci\u00f3n de Comunidades Jud\u00edas de Espa\u00f1a y al rabino Mois\u00e9s Bendahan. Me alegra tambi\u00e9n mucho saludar a los obispos y miembros de la delegaci\u00f3n cat\u00f3lica espa\u00f1ola y a todos los dem\u00e1s que est\u00e1n presentes en este acto de apertura en el que hay muchas caras conocidas. Deseo dar las gracias a todos los que han colaborado para hacer posible que esta reuni\u00f3n se celebre aqu\u00ed en Espa\u00f1a.<\/span><\/p>\n","protected":false},"author":1,"featured_media":0,"comment_status":"open","ping_status":"open","sticky":false,"template":"","format":"standard","meta":{"_et_pb_use_builder":"","_et_pb_old_content":"","_et_gb_content_width":"","footnotes":""},"categories":[1],"tags":[],"class_list":["post-477","post","type-post","status-publish","format-standard","hentry","category-uncategorized"],"_links":{"self":[{"href":"https:\/\/cejc-madrid.org\/index.php\/wp-json\/wp\/v2\/posts\/477","targetHints":{"allow":["GET"]}}],"collection":[{"href":"https:\/\/cejc-madrid.org\/index.php\/wp-json\/wp\/v2\/posts"}],"about":[{"href":"https:\/\/cejc-madrid.org\/index.php\/wp-json\/wp\/v2\/types\/post"}],"author":[{"embeddable":true,"href":"https:\/\/cejc-madrid.org\/index.php\/wp-json\/wp\/v2\/users\/1"}],"replies":[{"embeddable":true,"href":"https:\/\/cejc-madrid.org\/index.php\/wp-json\/wp\/v2\/comments?post=477"}],"version-history":[{"count":0,"href":"https:\/\/cejc-madrid.org\/index.php\/wp-json\/wp\/v2\/posts\/477\/revisions"}],"wp:attachment":[{"href":"https:\/\/cejc-madrid.org\/index.php\/wp-json\/wp\/v2\/media?parent=477"}],"wp:term":[{"taxonomy":"category","embeddable":true,"href":"https:\/\/cejc-madrid.org\/index.php\/wp-json\/wp\/v2\/categories?post=477"},{"taxonomy":"post_tag","embeddable":true,"href":"https:\/\/cejc-madrid.org\/index.php\/wp-json\/wp\/v2\/tags?post=477"}],"curies":[{"name":"wp","href":"https:\/\/api.w.org\/{rel}","templated":true}]}}