{"id":479,"date":"2013-10-17T06:33:42","date_gmt":"2013-10-17T06:33:42","guid":{"rendered":"https:\/\/upbeat-goodall.82-223-35-84.plesk.page\/index.php\/2013\/10\/17\/declaracion-final-xxii-encuentro-ilc-1\/"},"modified":"2013-10-17T06:33:42","modified_gmt":"2013-10-17T06:33:42","slug":"declaracion-final-xxii-encuentro-ilc-1","status":"publish","type":"post","link":"https:\/\/cejc-madrid.org\/index.php\/2013\/10\/17\/declaracion-final-xxii-encuentro-ilc-1\/","title":{"rendered":"Declaraci\u00f3n Final XXII Encuentro ILC"},"content":{"rendered":"<p style=\"text-align: center;\"><span style=\"font-family: times new roman,times; color: #000000; font-size: 12pt;\"><strong>Declaraci\u00f3n final XXII Encuentro Internacional Catholic-Jewish Liason Committee<\/strong><\/span><\/p>\n<p style=\"text-align: justify;\"><span style=\"font-size: 12pt; font-family: 'Times New Roman','serif';\">Bajo el lema \u201cDesaf\u00edos para la Religi\u00f3n en la Sociedad Contempor\u00e1nea\u201d representantes oficiales de la Iglesia Cat\u00f3lica y el mundo jud\u00edo han estado debatiendo durante cuatro d\u00edas en Madrid los principales asuntos que conciernen y preocupan a ambas confesiones.<img loading=\"lazy\" decoding=\"async\" class=\" alignright size-full wp-image-219\" style=\"margin-left: 3px; float: right;\" title=\"XXII Encuentro Cat\u00f3lico-Jud\u00edo - Madrid\" src=\"https:\/\/cejc-madrid.org\/wp-content\/uploads\/2013\/10\/image_content_medium_1087173_20131016193029.jpg\" alt=\"XXII Encuentro Cat\u00f3lico-Jud\u00edo  - Madrid\" width=\"404\" height=\"269\" \/><\/span><\/p>\n<p style=\"text-align: justify;\"><span style=\"font-size: 12pt; font-family: 'Times New Roman','serif';\">Las conclusiones se h<\/span><span style=\"font-size: 12pt; font-family: 'Times New Roman','serif';\">an recogido en una declaraci\u00f3n conjunta:<\/span><\/p>\n<p style=\"text-align: justify;\"><strong><span style=\"font-size: 12pt; font-family: 'Times New Roman','serif';\"> Herencia Com\u00fan<\/span><\/strong><\/p>\n<p style=\"text-align: justify;\"><span style=\"font-size: 12pt; font-family: 'Times New Roman','serif';\">Jud\u00edos y cristianos co<\/span><span style=\"font-size: 12pt; font-family: 'Times New Roman','serif';\">mpartimos la herencia b\u00edblica que explica la relaci\u00f3n entre Dios y los hombres. Bas\u00e1ndonos en esta historia sagrada, jud\u00edos y cat\u00f3licos nos reunimos para debatir las oportunidades y dificultades a las que <\/span><span style=\"font-size: 12pt; font-family: 'Times New Roman','serif';\">se enfrentan las creencias religiosas en el mundo de hoy.<\/span><\/p>\n<p style=\"text-align: justify;\"><span style=\"font-size: 12pt; font-family: 'Times New Roman','serif';\">Casi hace 50 a\u00f1os el Concilio Vaticano II promulg\u00f3 la Declaraci\u00f3n Nostra Aetate, encaminando a la Iglesia Cat\u00f3lica hacia una nueva senda en su relaci\u00f3n con el pueblo jud\u00edo. Uno de los frutos m\u00e1s importantes fue el establecimiento del International Liaison Committee (ILC) como el instrumento formal para vehicular las relaciones entre la Santa Sede y la comunidad jud\u00eda internacional. La discusi\u00f3n abierta en un esp\u00edritu de mutua confianza y respeto ha caracterizado nuestro encuentro en Madrid y abunda en el progreso conseguido en ense\u00f1ar e implementar los principios y ense\u00f1anzas de la Declaraci\u00f3n conciliar. En este vig\u00e9simo segundo encuentro nos reafirmamos en la singular relaci\u00f3n entre cat\u00f3licos y jud\u00edos basada en un legado espiritual com\u00fan y en una responsabilidad compartida en la defensa de la dignidad humana.<\/span><\/p>\n<p style=\"text-align: justify;\"><span style=\"font-size: 12pt; font-family: 'Times New Roman','serif';\">Como cat\u00f3licos y jud\u00edos abogamos por un mundo en el que los derechos humanos sean reconocidos y respetados y todos los pueblos puedan florecer en paz y libertad. Estamos comprometidos a fortalecer nuestra colaboraci\u00f3n para lograr una m\u00e1s equitativa distribuci\u00f3n de las riquezas y los beneficios derivados de los avances de la ciencia, medicina, educaci\u00f3n y desarrollo econ\u00f3mico. Nuestra uni\u00f3n busca una mejora del mundo de forma que refleje la visi\u00f3n b\u00edblica original: \u201cY vio Dios todo lo que hab\u00eda hecho, y todo era bueno\u201d (G\u00e9nesis. 1:31)<\/span><\/p>\n<p style=\"text-align: justify;\"><span style=\"font-size: 12pt; font-family: 'Times New Roman','serif';\">Se han discutido y examinado en peque\u00f1os grupos el aumento del antisemitismo, el incremento de la persecuci\u00f3n de los cristianos en varias partes del mundo y la amenaza a la libertad religiosa en muchas sociedades. A la luz de nuestros ideales religiosos compartidos hemos examinado las dificultades a las que nuestras tradiciones religiosas se enfrentan hoy en d\u00eda: violencia, terrorismo, extremismo, discriminaci\u00f3n y pobreza. Nos entristece profundamente que se tome el nombre de Dios en vano.<\/span><\/p>\n<p style=\"text-align: justify;\">&nbsp;<\/p>\n<p style=\"text-align: justify;\"><strong><span style=\"font-size: 12pt; font-family: 'Times New Roman','serif';\"> Libertad Religiosa<\/span><\/strong><\/p>\n<p style=\"text-align: justify;\"><span style=\"font-size: 12pt; font-family: 'Times New Roman','serif';\">Animados por la preocupaci\u00f3n expresada por el Papa Francisco acerca del bienestar universal de todos, especialmente de los pobres y oprimidos, compartimos la creencia de que cada individuo ha sido dotado por Dios de dignidad. Esto requiere que cada persona pueda expresar su libertad de conciencia y religi\u00f3n de manera individual e institucional, privada y p\u00fablica. Deploramos la manipulaci\u00f3n pol\u00edtica de la religi\u00f3n. Jud\u00edos y Cat\u00f3licos condenamos la persecuci\u00f3n por motivos religiosos.<\/span><\/p>\n<p style=\"text-align: justify;\"><span style=\"font-size: 12pt; font-family: 'Times New Roman','serif';\">Hacemos un llamamiento a los l\u00edderes pol\u00edticos y religiosos y a las instituciones para que aseguren la integridad f\u00edsica y la protecci\u00f3n legal de todos aquellos que ejerciten su derecho fundamental a la libertad religiosa, que protejan el derecho de los individuos a cambiar o abandonar sus creencias religiosas, a educar a sus hijos de acuerdo a sus creencias, incluyendo el sacrificio ritual de animales, la circuncisi\u00f3n y poder mostrar s\u00edmbolos religiosos en lugares p\u00fablicos.<\/span><\/p>\n<p style=\"text-align: justify;\"><strong><span style=\"font-size: 12pt; font-family: 'Times New Roman','serif';\"> Persecuci\u00f3n de los cristianos<\/span><\/strong><\/p>\n<p style=\"text-align: justify;\"><span style=\"font-size: 12pt; font-family: 'Times New Roman','serif';\">ILC recomienda a la Comisi\u00f3n del Vaticano para las Relaciones Religiosas con los Jud\u00edos y el IJCIC trabajar juntos contra la persecuci\u00f3n de las minor\u00eda cristianas all\u00ed donde se lleven a cabo, de alertar sobre estos problemas y apoyar los esfuerzos que garanticen que todo ciudadano tenga plenos derechos independientemente de su identidad \u00e9tnica o religiosa, en Oriente Medio y en cualquier otra parte. Especialmente respecto a la minor\u00eda cristiana y a la comunidad jud\u00eda en Oriente Medio.<\/span><\/p>\n<p style=\"text-align: justify;\">&nbsp;<\/p>\n<p style=\"text-align: justify;\"><strong><span style=\"font-size: 12pt; font-family: 'Times New Roman','serif';\">El aumento del Antisemitismo<\/span><\/strong><\/p>\n<p style=\"text-align: justify;\"><span style=\"font-size: 12pt; font-family: 'Times New Roman','serif';\">Como el Papa Francisco ha dicho repetidamente, \u201cun cristiano no puede ser antisemita\u201d. Exhortamos a todos los l\u00edderes religiosos a que se opongan firmemente a este pecado. La celebraci\u00f3n del 50 aniversario de Nostra Aetate en 2015 supondr\u00e1 un momento privilegiado para reafirmarnos en la condena del antisemitismo. Urgimos a que las ense\u00f1anzas antisemitas desaparezcan de libros de texto y discursos en todo el mundo. De igual manera cualquier expresi\u00f3n anti cristiana es igualmente inaceptable.<\/span><\/p>\n<p style=\"text-align: justify;\"><strong><span style=\"font-size: 12pt; font-family: 'Times New Roman','serif';\">Educaci\u00f3n<\/span><\/strong><\/p>\n<p style=\"text-align: justify;\"><span style=\"font-size: 12pt; font-family: 'Times New Roman','serif';\"> Recomendamos que todos los seminarios jud\u00edos y cat\u00f3licos incluyan programas educativos sobre la Nostra Aetate y los documentos posteriores de la Santa Sede que implementan esta Declaraci\u00f3n. Las nuevas generaciones de l\u00edderes cat\u00f3licos y jud\u00edos reconocemos lo mucho que Nostra Aetate ha contribuido a cambiar y mejorar las relaciones entre jud\u00edos y cat\u00f3licos. Es imperativo que las nuevas generaciones abracen estas ense\u00f1anzas y aseguren que lleguen a todos los rincones de la Tierra. <\/span><\/p>\n<p style=\"text-align: justify;\"><span style=\"font-size: 12pt; font-family: 'Times New Roman','serif';\">Frente a estos desaf\u00edos, jud\u00edos y cat\u00f3licos renovamos nuestro compromiso para educar a nuestras respectivas comunidades en el conocimiento y respeto del otro. Acordamos cooperar para mejorar las vidas de los que viven en los m\u00e1rgenes de la sociedad: los pobres, los enfermos, los refugiados, las v\u00edctimas del tr\u00e1fico humano y proteger la creaci\u00f3n de Dios de los peligros del cambio clim\u00e1tico. No podemos hacer esto solos. Hacemos un llamamiento a todos aquellos en posiciones de autoridad e influencia para que se nos unan en la causa del bien com\u00fan, de forma que todos podamos vivir en dignidad y seguridad, y la justicia y la paz prevalezcan.<\/span><\/p>\n","protected":false},"excerpt":{"rendered":"<p style=\"text-align: center;\"><span style=\"font-family: times new roman,times; color: #000000; font-size: 12pt;\"><strong>Declaraci\u00f3n final XXII Encuentro Internacional Catholic-Jewish Liason Committee<\/strong><\/span><\/p>\n<p style=\"text-align: justify;\"><span style=\"font-size: 12pt; font-family: 'Times New Roman','serif';\">Bajo el lema \u201cDesaf\u00edos para la Religi\u00f3n en la Sociedad Contempor\u00e1nea\u201d representantes oficiales de la Iglesia Cat\u00f3lica y el mundo jud\u00edo han estado debatiendo durante cuatro d\u00edas en Madrid los principales asuntos que conciernen y preocupan a ambas confesiones.<img loading=\"lazy\" decoding=\"async\" class=\" alignright size-full wp-image-219\" style=\"margin-left: 3px; float: right;\" title=\"XXII Encuentro Cat\u00f3lico-Jud\u00edo - Madrid\" src=\"https:\/\/cejc-madrid.org\/wp-content\/uploads\/2013\/10\/image_content_medium_1087173_20131016193029.jpg\" alt=\"XXII Encuentro Cat\u00f3lico-Jud\u00edo  - Madrid\" width=\"404\" height=\"269\" \/><\/span><\/p>\n<p style=\"text-align: justify;\"><span style=\"font-size: 12pt; font-family: 'Times New Roman','serif';\">Las conclusiones se h<\/span><span style=\"font-size: 12pt; font-family: 'Times New Roman','serif';\">an recogido en una declaraci\u00f3n conjunta:<\/span><\/p>\n<p style=\"text-align: justify;\"><strong><span style=\"font-size: 12pt; font-family: 'Times New Roman','serif';\"> Herencia Com\u00fan<\/span><\/strong><\/p>\n<p style=\"text-align: justify;\"><span style=\"font-size: 12pt; font-family: 'Times New Roman','serif';\">Jud\u00edos y cristianos co<\/span><span style=\"font-size: 12pt; font-family: 'Times New Roman','serif';\">mpartimos la herencia b\u00edblica que explica la relaci\u00f3n entre Dios y los hombres. Bas\u00e1ndonos en esta historia sagrada, jud\u00edos y cat\u00f3licos nos reunimos para debatir las oportunidades y dificultades a las que <\/span><span style=\"font-size: 12pt; font-family: 'Times New Roman','serif';\">se enfrentan las creencias religiosas en el mundo de hoy.<\/span><\/p>\n<p style=\"text-align: justify;\"><span style=\"font-size: 12pt; font-family: 'Times New Roman','serif';\">Casi hace 50 a\u00f1os el Concilio Vaticano II promulg\u00f3 la Declaraci\u00f3n Nostra Aetate, encaminando a la Iglesia Cat\u00f3lica hacia una nueva senda en su relaci\u00f3n con el pueblo jud\u00edo. Uno de los frutos m\u00e1s importantes fue el establecimiento del International Liaison Committee (ILC) como el instrumento formal para vehicular las relaciones entre la Santa Sede y la comunidad jud\u00eda internacional. La discusi\u00f3n abierta en un esp\u00edritu de mutua confianza y respeto ha caracterizado nuestro encuentro en Madrid y abunda en el progreso conseguido en ense\u00f1ar e implementar los principios y ense\u00f1anzas de la Declaraci\u00f3n conciliar. En este vig\u00e9simo segundo encuentro nos reafirmamos en la singular relaci\u00f3n entre cat\u00f3licos y jud\u00edos basada en un legado espiritual com\u00fan y en una responsabilidad compartida en la defensa de la dignidad humana.<\/span><\/p>\n<p style=\"text-align: justify;\"><span style=\"font-size: 12pt; font-family: 'Times New Roman','serif';\">Como cat\u00f3licos y jud\u00edos abogamos por un mundo en el que los derechos humanos sean reconocidos y respetados y todos los pueblos puedan florecer en paz y libertad. Estamos comprometidos a fortalecer nuestra colaboraci\u00f3n para lograr una m\u00e1s equitativa distribuci\u00f3n de las riquezas y los beneficios derivados de los avances de la ciencia, medicina, educaci\u00f3n y desarrollo econ\u00f3mico. Nuestra uni\u00f3n busca una mejora del mundo de forma que refleje la visi\u00f3n b\u00edblica original: \u201cY vio Dios todo lo que hab\u00eda hecho, y todo era bueno\u201d (G\u00e9nesis. 1:31)<\/span><\/p>\n<p style=\"text-align: justify;\"><span style=\"font-size: 12pt; font-family: 'Times New Roman','serif';\">Se han discutido y examinado en peque\u00f1os grupos el aumento del antisemitismo, el incremento de la persecuci\u00f3n de los cristianos en varias partes del mundo y la amenaza a la libertad religiosa en muchas sociedades. A la luz de nuestros ideales religiosos compartidos hemos examinado las dificultades a las que nuestras tradiciones religiosas se enfrentan hoy en d\u00eda: violencia, terrorismo, extremismo, discriminaci\u00f3n y pobreza. Nos entristece profundamente que se tome el nombre de Dios en vano.<\/span><\/p>\n","protected":false},"author":1,"featured_media":219,"comment_status":"open","ping_status":"open","sticky":false,"template":"","format":"standard","meta":{"_et_pb_use_builder":"","_et_pb_old_content":"","_et_gb_content_width":"","footnotes":""},"categories":[1],"tags":[],"class_list":["post-479","post","type-post","status-publish","format-standard","has-post-thumbnail","hentry","category-uncategorized"],"_links":{"self":[{"href":"https:\/\/cejc-madrid.org\/index.php\/wp-json\/wp\/v2\/posts\/479","targetHints":{"allow":["GET"]}}],"collection":[{"href":"https:\/\/cejc-madrid.org\/index.php\/wp-json\/wp\/v2\/posts"}],"about":[{"href":"https:\/\/cejc-madrid.org\/index.php\/wp-json\/wp\/v2\/types\/post"}],"author":[{"embeddable":true,"href":"https:\/\/cejc-madrid.org\/index.php\/wp-json\/wp\/v2\/users\/1"}],"replies":[{"embeddable":true,"href":"https:\/\/cejc-madrid.org\/index.php\/wp-json\/wp\/v2\/comments?post=479"}],"version-history":[{"count":0,"href":"https:\/\/cejc-madrid.org\/index.php\/wp-json\/wp\/v2\/posts\/479\/revisions"}],"wp:featuredmedia":[{"embeddable":true,"href":"https:\/\/cejc-madrid.org\/index.php\/wp-json\/wp\/v2\/media\/219"}],"wp:attachment":[{"href":"https:\/\/cejc-madrid.org\/index.php\/wp-json\/wp\/v2\/media?parent=479"}],"wp:term":[{"taxonomy":"category","embeddable":true,"href":"https:\/\/cejc-madrid.org\/index.php\/wp-json\/wp\/v2\/categories?post=479"},{"taxonomy":"post_tag","embeddable":true,"href":"https:\/\/cejc-madrid.org\/index.php\/wp-json\/wp\/v2\/tags?post=479"}],"curies":[{"name":"wp","href":"https:\/\/api.w.org\/{rel}","templated":true}]}}