{"id":48,"date":"2011-11-04T11:14:32","date_gmt":"2011-11-04T11:14:32","guid":{"rendered":"https:\/\/upbeat-goodall.82-223-35-84.plesk.page\/index.php\/2011\/11\/04\/el-olivo-no-43-44\/"},"modified":"2011-11-04T11:14:32","modified_gmt":"2011-11-04T11:14:32","slug":"el-olivo-no-43-44","status":"publish","type":"post","link":"https:\/\/cejc-madrid.org\/index.php\/2011\/11\/04\/el-olivo-no-43-44\/","title":{"rendered":"El OLivo n\u00ba 43-44"},"content":{"rendered":"<p align=\"center\"><b>EL OLIVO    n\u00ba 43 &#8211; 44<\/b><\/p>\n<p align=\"center\">\u00a0<\/p>\n<p align=\"center\">Enero &#8211; Diciembre 1996<\/p>\n<p align=\"center\">Dedicado al trimilenario de la Ciudad  Santa<\/p>\n<p align=\"center\">\u00a0<\/p>\n<p align=\"center\"><span style=\"text-decoration: underline;\">\u00cdndice<\/span><\/p>\n<p>\u00a0<\/p>\n<p align=\"left\"><b>Idealismo y realidad:  notas sobre la noci\u00f3n de Jerusalem entre los judeoconversos  castellanos<\/b> <i>&#8211; Carlos Carrete<\/i> &#8211; Universidad de Tel  Aviv<b>&nbsp;<\/b><\/p>\n<p align=\"left\"><b>Sina\u00ed y  Sion &#8211;<\/b><i><b> <\/b>Rainiero Fontana<\/i> &#8211; Universidad P\u00fablica de Navarra<b>&nbsp;<\/b><\/p>\n<p align=\"left\"><b>La vi\u00f1a que dio  agraces (Is 5,1-7) &#8211;<\/b><i> M\u00aa Fuencisla Garc\u00eda Casar &#8211; <\/i>Bayona<b>&nbsp;<\/b><\/p>\n<p align=\"left\"><b>La tierra de  Israel, Jerusalem y el Templo. Su valor para los jud\u00edos y para los  cristianos &#8211;<\/b><i><b> <\/b>Pierre Lenhardt  &#8211; <\/i>Centro de Estudios  Judeo-Cristianos de Madrid<b>&nbsp;<\/b><\/p>\n<p align=\"left\"><b>Las puertas de  Jerusalem, ayer y hoy &#8211;<\/b><i><b> <\/b>Sor Esperanza Mary  &#8211; <\/i>Centro de Estudios Judeo-Cristianos de Madrid<b>&nbsp;<\/b><\/p>\n<p align=\"left\"><b>Jerusalem en el  Cristianismo antiguo y medieval de Occidente<\/b><i> &#8211; Eduardo Arborio Mella  &#8211; <\/i>Centro de Estudios Judeo-Cristianos de Madrid<b>&nbsp;<\/b><\/p>\n<p align=\"left\"><b>El significado  de Jerusal\u00e9n en la Biblia y en la tradici\u00f3n de Israel &#8211;<\/b><i><b> <\/b>Elio Passeto  &#8211; <\/i>Centro de Estudios Judeo-Cristianos de Madrid<b>&nbsp;<\/b><\/p>\n<p align=\"left\"><b>Tres mil a\u00f1os en  la historia de Jerusalem &#8211;<\/b><i>Carlos de la Rica<\/i><b>&nbsp;<\/b><\/p>\n<p align=\"left\"><b>Jerusalem, tres  mil a\u00f1os &#8211;<\/b><i><b> <\/b>Samuel Toledano<\/i><b>&nbsp;<\/b><\/p>\n<p align=\"left\"><b>El significado  de Jerusal\u00e9n para los jud\u00edos &#8211;<\/b><i><b> <\/b>Rabino Dr. Esteban Veghazik<\/i><\/p>\n<blockquote>\n","protected":false},"excerpt":{"rendered":"<p>EL OLIVO n\u00ba 43 &#8211; 44 \u00a0 Enero &#8211; Diciembre 1996 Dedicado al trimilenario de la Ciudad Santa \u00a0 \u00cdndice \u00a0 Idealismo y realidad: notas sobre la noci\u00f3n de Jerusalem entre los judeoconversos castellanos &#8211; Carlos Carrete &#8211; Universidad de Tel Aviv&nbsp; Sina\u00ed y Sion &#8211; Rainiero Fontana &#8211; Universidad P\u00fablica de Navarra&nbsp; La vi\u00f1a [&hellip;]<\/p>\n","protected":false},"author":1,"featured_media":0,"comment_status":"open","ping_status":"open","sticky":false,"template":"","format":"standard","meta":{"_et_pb_use_builder":"","_et_pb_old_content":"","_et_gb_content_width":"","footnotes":""},"categories":[25],"tags":[],"class_list":["post-48","post","type-post","status-publish","format-standard","hentry","category-revista-qel-olivoq"],"_links":{"self":[{"href":"https:\/\/cejc-madrid.org\/index.php\/wp-json\/wp\/v2\/posts\/48","targetHints":{"allow":["GET"]}}],"collection":[{"href":"https:\/\/cejc-madrid.org\/index.php\/wp-json\/wp\/v2\/posts"}],"about":[{"href":"https:\/\/cejc-madrid.org\/index.php\/wp-json\/wp\/v2\/types\/post"}],"author":[{"embeddable":true,"href":"https:\/\/cejc-madrid.org\/index.php\/wp-json\/wp\/v2\/users\/1"}],"replies":[{"embeddable":true,"href":"https:\/\/cejc-madrid.org\/index.php\/wp-json\/wp\/v2\/comments?post=48"}],"version-history":[{"count":0,"href":"https:\/\/cejc-madrid.org\/index.php\/wp-json\/wp\/v2\/posts\/48\/revisions"}],"wp:attachment":[{"href":"https:\/\/cejc-madrid.org\/index.php\/wp-json\/wp\/v2\/media?parent=48"}],"wp:term":[{"taxonomy":"category","embeddable":true,"href":"https:\/\/cejc-madrid.org\/index.php\/wp-json\/wp\/v2\/categories?post=48"},{"taxonomy":"post_tag","embeddable":true,"href":"https:\/\/cejc-madrid.org\/index.php\/wp-json\/wp\/v2\/tags?post=48"}],"curies":[{"name":"wp","href":"https:\/\/api.w.org\/{rel}","templated":true}]}}