{"id":481,"date":"2013-11-27T00:00:00","date_gmt":"2013-11-27T00:00:00","guid":{"rendered":"https:\/\/upbeat-goodall.82-223-35-84.plesk.page\/index.php\/2013\/11\/27\/la-alegria-del-evangelio-las-relaciones-con-el-judaismo\/"},"modified":"2013-11-27T00:00:00","modified_gmt":"2013-11-27T00:00:00","slug":"la-alegria-del-evangelio-las-relaciones-con-el-judaismo","status":"publish","type":"post","link":"https:\/\/cejc-madrid.org\/index.php\/2013\/11\/27\/la-alegria-del-evangelio-las-relaciones-con-el-judaismo\/","title":{"rendered":"La Alegr\u00eda del Evangelio &#8211; Las relaciones con el Juda\u00edsmo"},"content":{"rendered":"<h2 style=\"margin: 10pt -8.05pt 0.0001pt 0cm; text-indent: 0cm;\">&nbsp;<\/h2>\n<p style=\"margin-right: -8.05pt; margin-left: 0cm; text-align: center; text-indent: 0cm; line-height: normal;\" align=\"center\"><strong><i><span style=\"font-size: 13.5pt; font-family: 'Times New Roman','serif'; color: #17365d;\">EVANGELII GAUDIUM<\/span><\/i><\/strong><\/p>\n<p style=\"margin-right: -8.05pt; margin-left: 0cm; text-align: center; text-indent: 0cm; line-height: normal;\" align=\"center\"><span style=\"font-size: 9pt; font-family: 'Times New Roman','serif'; color: #17365d;\">EXHORTACI\u00d3N APOST\u00d3LICA<br \/> DEL SANTO PADRE<br \/> <strong>FRANCISCO<\/strong>&nbsp;<br \/> A LOS OBISPOS<br \/> A LOS PRESB\u00cdTEROS Y DI\u00c1CONOS<br \/> A LAS PERSONAS CONSAGRADAS<br \/> Y A LOS FILES LAICOS<br \/> SOBRE<br \/> EL ANUNCIO DEL EVANGELIO<br \/> EN EL MUNDO ACTUAL<\/span><\/p>\n<h2 style=\"margin: 10pt -8.05pt 0.0001pt 0cm; text-indent: 0cm;\"><span><span style=\"font-size: 12pt; line-height: 125%; font-family: 'Calibri','sans-serif'; color: #17365d;\">Las relaciones con el Juda\u00edsmo<\/span><\/span><\/h2>\n<p style=\"margin-right: -8.05pt; margin-left: 0cm; text-align: left; text-indent: 0cm; line-height: normal;\" align=\"left\"><span style=\"font-size: 12pt; color: #17365d;\">247. Una mirada muy especial se dirige al pueblo jud\u00edo, cuya Alianza con Dios jam\u00e1s ha sido revocada, porque \u00ablos dones y el llamado de Dios son irrevocables\u00bb (<i>Rm<\/i>&nbsp;11,29). La Iglesia, que comparte con el Juda\u00edsmo una parte importante de las Sagradas Escrituras, considera al pueblo de la Alianza y su fe como una ra\u00edz sagrada de la propia identidad cristiana (cf.&nbsp;<i>Rm<\/i>&nbsp;11,16-18). Los cristianos no podemos considerar al Juda\u00edsmo como una religi\u00f3n ajena, ni incluimos a los jud\u00edos entre aquellos llamados a dejar los \u00eddolos para convertirse al verdadero Dios (cf.&nbsp;<i>1 Ts<\/i>&nbsp;1,9). Creemos junto con ellos en el \u00fanico Dios que act\u00faa en la historia, y acogemos con ellos la com\u00fan Palabra revelada.<\/span><\/p>\n<p style=\"margin-right: -8.05pt; margin-left: 0cm; text-align: left; text-indent: 0cm; line-height: normal;\" align=\"left\"><span style=\"font-size: 12pt; color: #17365d;\">248. El di\u00e1logo y la amistad con los hijos de Israel son parte de la vida de los disc\u00edpulos de Jes\u00fas. El afecto que se ha desarrollado nos lleva a lamentar sincera y amargamente las terribles persecuciones de las que fueron y son objeto, particularmente aquellas que involucran o involucraron a cristianos.<\/span><\/p>\n<p style=\"margin-right: -8.05pt; margin-left: 0cm; text-align: left; text-indent: 0cm; line-height: normal;\" align=\"left\"><span style=\"font-size: 12pt; color: #17365d;\">249. Dios sigue obrando en el pueblo de la Antigua Alianza y provoca tesoros de sabidur\u00eda que brotan de su encuentro con la Palabra divina. Por eso, la Iglesia tambi\u00e9n se enriquece cuando recoge los valores del Juda\u00edsmo. Si bien algunas convicciones cristianas son inaceptables para el Juda\u00edsmo, y la Iglesia no puede dejar de anunciar a Jes\u00fas como Se\u00f1or y Mes\u00edas, existe una rica complementaci\u00f3n que nos permite leer juntos los textos de la Biblia hebrea y ayudarnos mutuamente a desentra\u00f1ar las riquezas de la Palabra, as\u00ed como compartir muchas convicciones \u00e9ticas y la com\u00fan preocupaci\u00f3n por la justicia y el desarrollo de los pueblos.<\/span><\/p>\n<p style=\"margin-right: -8.05pt; margin-left: 0cm; text-align: left; text-indent: 0cm; line-height: normal;\" align=\"left\">&nbsp;<\/p>\n<p style=\"margin-right: -8.05pt; margin-left: 0cm; text-align: left; text-indent: 0cm; line-height: normal;\" align=\"left\">&nbsp;<\/p>\n<p style=\"margin-right: -8.05pt; margin-left: 0cm; text-align: left; text-indent: 0cm; line-height: normal;\" align=\"left\">&nbsp;<\/p>\n<p style=\"margin-right: -8.05pt; margin-left: 0cm; text-align: left; text-indent: 0cm; line-height: normal;\" align=\"left\"><i><span style=\"font-size: 12pt; color: #17365d;\">Dado en Roma, junto a San Pedro, en la clausura del A\u00f1o de la fe, el 24 de noviembre, Solemnidad de Jesucristo, Rey del Universo, del a\u00f1o 2013, primero de mi Pontificado.<\/span><\/i><\/p>\n<p style=\"margin-right: -8.05pt; margin-left: 0cm; text-align: left; text-indent: 0cm; line-height: normal;\" align=\"left\">&nbsp;<\/p>\n<p style=\"margin-right: -8.05pt; margin-left: 0cm; text-align: center; text-indent: 0cm; line-height: normal;\" align=\"center\"><strong><span style=\"font-size: 12pt; color: #17365d;\">FRANCISCUS<\/span><\/strong><\/p>\n<p style=\"margin-right: -8.05pt; margin-left: 0cm; text-align: left; text-indent: 0cm; line-height: normal;\" align=\"left\">&nbsp;<\/p>\n<p style=\"margin-right: -8.05pt; margin-left: 0cm; text-align: left; text-indent: 0cm; line-height: normal;\" align=\"left\">&nbsp;<\/p>\n","protected":false},"excerpt":{"rendered":"<p>&nbsp; EVANGELII GAUDIUM EXHORTACI\u00d3N APOST\u00d3LICA DEL SANTO PADRE FRANCISCO&nbsp; A LOS OBISPOS A LOS PRESB\u00cdTEROS Y DI\u00c1CONOS A LAS PERSONAS CONSAGRADAS Y A LOS FILES LAICOS SOBRE EL ANUNCIO DEL EVANGELIO EN EL MUNDO ACTUAL Las relaciones con el Juda\u00edsmo 247. Una mirada muy especial se dirige al pueblo jud\u00edo, cuya Alianza con Dios jam\u00e1s [&hellip;]<\/p>\n","protected":false},"author":1,"featured_media":0,"comment_status":"open","ping_status":"open","sticky":false,"template":"","format":"standard","meta":{"_et_pb_use_builder":"","_et_pb_old_content":"","_et_gb_content_width":"","footnotes":""},"categories":[1],"tags":[138,52,137,128],"class_list":["post-481","post","type-post","status-publish","format-standard","hentry","category-uncategorized","tag-alianza","tag-judaismo","tag-la-alegria-del-evangelio","tag-papa-francisco"],"_links":{"self":[{"href":"https:\/\/cejc-madrid.org\/index.php\/wp-json\/wp\/v2\/posts\/481","targetHints":{"allow":["GET"]}}],"collection":[{"href":"https:\/\/cejc-madrid.org\/index.php\/wp-json\/wp\/v2\/posts"}],"about":[{"href":"https:\/\/cejc-madrid.org\/index.php\/wp-json\/wp\/v2\/types\/post"}],"author":[{"embeddable":true,"href":"https:\/\/cejc-madrid.org\/index.php\/wp-json\/wp\/v2\/users\/1"}],"replies":[{"embeddable":true,"href":"https:\/\/cejc-madrid.org\/index.php\/wp-json\/wp\/v2\/comments?post=481"}],"version-history":[{"count":0,"href":"https:\/\/cejc-madrid.org\/index.php\/wp-json\/wp\/v2\/posts\/481\/revisions"}],"wp:attachment":[{"href":"https:\/\/cejc-madrid.org\/index.php\/wp-json\/wp\/v2\/media?parent=481"}],"wp:term":[{"taxonomy":"category","embeddable":true,"href":"https:\/\/cejc-madrid.org\/index.php\/wp-json\/wp\/v2\/categories?post=481"},{"taxonomy":"post_tag","embeddable":true,"href":"https:\/\/cejc-madrid.org\/index.php\/wp-json\/wp\/v2\/tags?post=481"}],"curies":[{"name":"wp","href":"https:\/\/api.w.org\/{rel}","templated":true}]}}