{"id":483,"date":"2013-12-16T16:01:08","date_gmt":"2013-12-16T16:01:08","guid":{"rendered":"https:\/\/upbeat-goodall.82-223-35-84.plesk.page\/index.php\/2013\/12\/16\/circular-n-199-septiembre-diciembre-2013-1\/"},"modified":"2013-12-16T16:01:08","modified_gmt":"2013-12-16T16:01:08","slug":"circular-n-199-septiembre-diciembre-2013-1","status":"publish","type":"post","link":"https:\/\/cejc-madrid.org\/index.php\/2013\/12\/16\/circular-n-199-septiembre-diciembre-2013-1\/","title":{"rendered":"Circular n\u00ba 199 Septiembre-Diciembre 2013"},"content":{"rendered":"<p style=\"margin-bottom: 6pt; text-align: justify;\"><a href=\"images\/Circular_diciembre_2013-email.pdf\"><span style=\"font-size: 10pt;\">Descargar pdf<\/span><\/a><\/p>\n<p style=\"margin-bottom: 6pt; text-align: justify;\"><span style=\"font-size: 10pt;\">N\u00ba 199 (Septiembre-Diciembre 2013) <span>&nbsp;&nbsp;&nbsp;&nbsp;&nbsp;&nbsp;&nbsp;&nbsp;&nbsp;&nbsp;&nbsp;&nbsp;&nbsp;&nbsp;&nbsp;&nbsp;&nbsp;&nbsp;&nbsp;&nbsp;&nbsp;&nbsp;&nbsp;&nbsp;&nbsp;&nbsp;&nbsp;&nbsp;&nbsp;&nbsp;&nbsp;&nbsp;&nbsp;&nbsp;&nbsp;&nbsp;&nbsp;&nbsp;&nbsp;&nbsp;&nbsp; <\/span><\/span><\/p>\n<p style=\"margin-bottom: 2pt; text-align: center;\" align=\"center\"><strong>Inauguraci\u00f3n Curso 2013-2014<\/strong><\/p>\n<p>El 4 de noviembre tuvo lugar la inauguraci\u00f3n del Curso del Centro de Estudios Judeo- Cristianos en el Sal\u00f3n de Plenos del Consejo Escolar del Estado del Ministerio de Educaci\u00f3n.<\/p>\n<p>El Acto fue presidido por D. Samuel Bengio, expresidente de la Comunidad Jud\u00eda de Madrid y miembro de la Comisi\u00f3n Ejecutiva de la Federaci\u00f3n de Comunidades Jud\u00edas de Espa\u00f1a (FCJE) y en representaci\u00f3n del Centro de Estudios Judeo-Cristianos, D.\u00aa Mayte Rodr\u00edguez, con la colaboraci\u00f3n de D. Rub\u00e9n Lerner, de Nagrela Editores.<\/p>\n<p>Bajo el t\u00edtulo \u201cLas relaciones entre el pueblo jud\u00edo y los cat\u00f3licos despu\u00e9s del Concilio Vaticano II\u201d este a\u00f1o se cont\u00f3 con la especial intervenci\u00f3n de Lord Rabbi Jonathan Sacks, Gran Rabino de Gran Breta\u00f1a y Monse\u00f1or D. C\u00e9sar A. Franco Mart\u00ednez, Obispo Auxiliar de Madrid, que pronunciaron dos brillantes conferencias sobre dicho tema, las cualesser\u00e1n publicadas en el pr\u00f3ximo n\u00famero de nuestra revista \u201cEl Olivo\u201d.<\/p>\n<p>Tanto los conferenciantes, en sus magistrales exposiciones, como los miembros de la mesa expresaron la necesidad de la uni\u00f3n de jud\u00edos y cat\u00f3licos, en la defensa de los valores que nos son comunes: la vida, la libertad religiosa, la defensa de las minor\u00edas y el estudio riguroso del juda\u00edsmo en todas sus dimensiones. Todo ello para ayudar a reducir el peligro de un antisemitismo siempre a punto de aparecer bajo rostros diferentes, trabajando contra los prejuicios, respetando las diferencias, dando a conocer el juda\u00edsmo y la ra\u00edz jud\u00eda del cristianismo. Asistieron a dicho acto D. Mois\u00e9s Chocr\u00f3n, Vicepresidente de la CJM, D. Gabriel Prisiallni, Presidente de la Comunidad Masort\u00ed Bet-El, D. Ricardo Garc\u00eda, Subdirector<\/p>\n<p>General de Relaciones con las Confesiones Religiosas, D.\u00aa Eva Benatar, Vicepresidenta&nbsp; de la Fundaci\u00f3n Violeta Friedman, D.\u00aa Renn\u00e9e Mergui, miembro del Consejo Espa\u00f1ol de Mujeres Israelitas, D.\u00aa Laura Garc\u00eda, Coordinadora de Prensa e Informaci\u00f3n de la Embajada de Israel, rabinos y representantes de diversas instituciones.<\/p>\n<p>&nbsp;El CEJC, una vez m\u00e1s, resalt\u00f3 la necesidad de una ense\u00f1anza precisa, objetiva y exacta del juda\u00edsmo, al amparo del deseo del Papa Francisco de que \u201cojala que d\u00e9cadas de desencuentro confluyan en un abrazo\u201d, y por ello seguiremos intentando derribar murallas, construir puentes y fomentar el conocimiento mutuo y la verdadera amistad.<\/p>\n<p>&nbsp;Las clases de hebreo, dentro de nuestro esp\u00edritu de acercamiento a la cultura jud\u00eda a diferentes niveles, ser\u00e1n impartidas con la colaboraci\u00f3n de una profesora israel\u00ed diplomada en ense\u00f1anza de hebreo para extranjeros en la Escuela Rothberg de la Universidad Hebrea de Jerusal\u00e9n y doctora en Literatura Hisp\u00e1nica. Ver programa completo del curso en wwww.cejc-madrid.org<\/p>\n<p>&nbsp;<\/p>\n<p align=\"center\"><strong>Reuni\u00f3n del Comit\u00e9 Internacional<\/strong><\/p>\n<p align=\"center\"><strong>de Enlace Cat\u00f3lico-Jud\u00edo (ILC)<\/strong><\/p>\n<p>&nbsp;<\/p>\n<p>Por iniciativa de la Comisi\u00f3n Pontificia para las Relaciones Religiosas con el Juda\u00edsmo, se celebr\u00f3 en Madrid, del 13 al 17 de octubre 2013, la XXII reuni\u00f3n del International Catholic-Jewish Liason Committee (ILC).<\/p>\n<p>&nbsp;La ILC es el \u00f3rgano oficial de di\u00e1logo de m\u00e1s alto nivel entre la Iglesia Cat\u00f3lica y el mundo jud\u00edo. Desde 1971 se han celebrado reuniones peri\u00f3dicas en distintos lugares del mundo.<\/p>\n<p>&nbsp;El Centro de Estudios Judeo-Cristianos a propuesta de la Comisi\u00f3n Episcopal para las Relaciones Interconfesionales y el Comit\u00e9 Ejecutivo de la Conferencia Episcopal Espa\u00f1ola, fue la \u00fanica instituci\u00f3n cat\u00f3lica espa\u00f1ola invitada a formar parte de la delegaci\u00f3n oficial.<\/p>\n<p>&nbsp;Las conclusiones se han recogido en una declaraci\u00f3n conjunta que ser\u00e1 publicada en el apartado de documentaci\u00f3n en el pr\u00f3ximo n\u00famero de diciembre de la revista \u201cEl Olivo\u201d. (ver p\u00e1gina web)<\/p>\n<p>&nbsp;<\/p>\n<p align=\"center\">El Papa Francisco felicit\u00f3 el A\u00f1o Nuevo Jud\u00edo 5774<\/p>\n<p>&nbsp;El lunes 2 de septiembre, el Papa Francisco recibi\u00f3 en Audiencia a los representantes del Congreso Jud\u00edo Mundial, encabezados por su presidente, Ronald Lauder, a qui\u00e9n felicit\u00f3 por el A\u00f1o Nuevo Jud\u00edo.<\/p>\n<p>&nbsp;Usando las palabras hebreas para decir \u00abFeliz a\u00f1o nuevo\u00bb, \u00e9l dese\u00f3 \u00abShana Tova\u00bb y pidi\u00f3 al CJM que comparta el mensaje con los jud\u00edos de todo el mundo. Por su parte, Lauder le entreg\u00f3 una copa de Kidush -para la bendici\u00f3n del vino- y una torta de miel.<\/p>\n<p>&nbsp;El Papa reiter\u00f3 una declaraci\u00f3n que hizo en junio donde dijo que \u00abun cristiano no puede ser antisemita\u00bb y destac\u00f3 que \u00abpara ser un buen cristiano es necesario entender la historia y tradiciones jud\u00edas\u00bb. Tambi\u00e9n agreg\u00f3 que jud\u00edos y cristianos comparten las mismas ra\u00edces y que el di\u00e1logo es la clave para construir un futuro com\u00fan.<\/p>\n<p>&nbsp;Tras el encuentro Lauder elogi\u00f3 al pont\u00edfice por su compromiso con el di\u00e1logo y dijo que su liderazgo no solo hab\u00eda revigorizado a la Iglesia Cat\u00f3lica, sino que hab\u00eda propiciado una nueva etapa en las relaciones con el juda\u00edsmo.<\/p>\n<p>&nbsp;<\/p>\n<p align=\"center\"><strong>Carta del Papa Francisco al Dr. Scalfari \u2013 Diario la Rep\u00fabblica<\/strong><\/p>\n<p><strong>&nbsp;<\/strong>De la carta de fecha 11 de septiembre dirigida por el Papa Francisco al Dr. Scalfari, cofundador del diario La Repubblica, destacamos el siguiente p\u00e1rrafo:<\/p>\n<p>&nbsp;\u201c(\u2026) Usted me pregunta tambi\u00e9n, al t\u00e9rmino de su primer art\u00edculo, qu\u00e9 debemos decirle a nuestros hermanos jud\u00edos sobre la promesa hecha a ellos por Dios: \u00bfacaso qued\u00f3 en el vac\u00edo? Es esta -cr\u00e9ame- una pregunta que nos desaf\u00eda radicalmente, como cristianos, ya que con la ayuda de Dios, especialmente a partir del Concilio Vaticano II, hemos descubierto que el pueblo jud\u00edo sigue siendo para nosotros, la ra\u00edz santa de la que germin\u00f3 Jes\u00fas. (\u2026) Lo que puedo decirle, con el ap\u00f3stol Pablo, es que nunca ha fallado la fidelidad de Dios a su alianza con Israel y que, a trav\u00e9s de las pruebas terribles de estos siglos, los jud\u00edos han conservado su fe en Dios. Y por esto, con ellos nunca seremos lo suficientemente agradecidos como Iglesia, sino tambi\u00e9n como humanidad. Ellos justamente perseverando en la fe en el Dios de la alianza los invitan a todos, tambi\u00e9n a nosotros cristianos, al estar siempre a la espera, como los peregrinos, del regreso del Se\u00f1or y que por lo tanto, siempre debemos estar abiertos a \u00c9l y nunca cerrarnos ante lo que ya hemos alcanzado.\u201d &nbsp;&nbsp;&nbsp;&nbsp;&nbsp;&nbsp;&nbsp;&nbsp;&nbsp;&nbsp;&nbsp;&nbsp;&nbsp;&nbsp;&nbsp;&nbsp;&nbsp;&nbsp;&nbsp;&nbsp;&nbsp;&nbsp;&nbsp;&nbsp;&nbsp;&nbsp;&nbsp;&nbsp;&nbsp;&nbsp;&nbsp;&nbsp;&nbsp;&nbsp;&nbsp;&nbsp;&nbsp; &nbsp;&nbsp;&nbsp;&nbsp;&nbsp;&nbsp;&nbsp;&nbsp;&nbsp;&nbsp;&nbsp;&nbsp;&nbsp;&nbsp;&nbsp;&nbsp;&nbsp;&nbsp;&nbsp;&nbsp;&nbsp;&nbsp;&nbsp;&nbsp;&nbsp;&nbsp;&nbsp;&nbsp;&nbsp;&nbsp;&nbsp;&nbsp;&nbsp;&nbsp;&nbsp;&nbsp;&nbsp;&nbsp;&nbsp;&nbsp;&nbsp;&nbsp;&nbsp;&nbsp;&nbsp;&nbsp;&nbsp;&nbsp;&nbsp;&nbsp;&nbsp;&nbsp;&nbsp;&nbsp;&nbsp;&nbsp;&nbsp;&nbsp;&nbsp;&nbsp;&nbsp;&nbsp;&nbsp;&nbsp;&nbsp;&nbsp;&nbsp;&nbsp;&nbsp;&nbsp;&nbsp;&nbsp;&nbsp;&nbsp;&nbsp;&nbsp;&nbsp;&nbsp;&nbsp;&nbsp;&nbsp;&nbsp;&nbsp;&nbsp;&nbsp;&nbsp;&nbsp;&nbsp;&nbsp;&nbsp;&nbsp;&nbsp;&nbsp;&nbsp;&nbsp;&nbsp;&nbsp;&nbsp;&nbsp;&nbsp;&nbsp;&nbsp;&nbsp;&nbsp;&nbsp;&nbsp;&nbsp;&nbsp;&nbsp;&nbsp;&nbsp;&nbsp;&nbsp;&nbsp;&nbsp;&nbsp;&nbsp;&nbsp;&nbsp;&nbsp;&nbsp;&nbsp;&nbsp;&nbsp;&nbsp;&nbsp;&nbsp;&nbsp;&nbsp;&nbsp;&nbsp;&nbsp;&nbsp;&nbsp;&nbsp;&nbsp;&nbsp;&nbsp;&nbsp;&nbsp;<\/p>\n<p align=\"center\"><strong>Palabras del Rabino Di Segni sobre el Papa Francisco<\/strong><\/p>\n<p>&nbsp;El gran rabino de Roma, Riccardo Di Segni, admiti\u00f3 que \u201ceste pont\u00edfice no deja de sorprender\u201d, en una carta p\u00fablica de agradecimiento al papa Francisco aparecida en los primeros d\u00edas de septiembre en el diario italiano La Repubblica, a ra\u00edz del art\u00edculo del Papa donde, contestando las desafiantes preguntas planteadas por Eugenio Scalfari, ex editor del diario, realiz\u00f3 declaraciones favorables al juda\u00edsmo.<\/p>\n<p>&nbsp;El l\u00edder religioso reconoci\u00f3 que ello no es nuevo de su parte, pero calific\u00f3 de \u201casombrosas\u201d la \u201cfuerza y capacidad de comunicaci\u00f3n\u201d del Papa respecto del \u201checho que el juda\u00edsmo es la ra\u00edz sagrada del cristianismo\u201d, lo cual es inherente al cristianismo y fue confirmado por el Concilio Vaticano II, si bien \u201cmuchas corrientes teol\u00f3gicas, especialmente en el protestantismo, han tratado de restarle importancia\u201d, y resalt\u00f3 \u201csu expresi\u00f3n de gratitud a los jud\u00edos por su dedicaci\u00f3n a la fe\u201d.<\/p>\n<p>&nbsp;Adem\u00e1s, el gran rabino romano se refiri\u00f3 al argentino Jorge Bergoglio en su pr\u00e9dica de Iom Kipur, publicada por el diario digital Pagine Ebraiche: al mencionar la \u201cespecial dignidad\u201d del pueblo jud\u00edo, \u201cque entendemos que crece en proporci\u00f3n a nuestra fidelidad a la Tor\u00e1\u201d, destacando que \u201cen estos tiempos extra\u00f1os, en estos mismos d\u00edas, una autorizada voz externa nos lo ha recordado, una voz que parad\u00f3jicamente viene de un campo que durante siglos nos ha infligido sufrimiento, humillaci\u00f3n y ofensas porque nos mantenemos fieles a nuestra tradici\u00f3n en la expectativa mesi\u00e1nica\u201d.<\/p>\n<p align=\"center\"><strong>&nbsp;<\/strong><\/p>\n<p style=\"text-align: center;\"><strong>Secretario privado de Juan XXIII <br \/><\/strong><\/p>\n<p align=\"center\"><strong>distinguido por Fundaci\u00f3n Wallenberg<\/strong><\/p>\n<p>&nbsp;Loris Francesco Capovilla, secretario privado y amigo personal del Papa Juan XXIII, fue distinguido con la Medalla del Centenario Raoul Wallenberg. La ceremonia se llev\u00f3 a cabo el 25 de junio de 2013 en Sotto il Monte Giovanni XXIII, Casa del Pellegrino, Italia. Eduardo Eurnekian y Baruj Tenembaum, presidente y fundador de la Fundaci\u00f3n Raoul Wallenberg respectivamente, estuvieron presentes en la ceremonia. El galard\u00f3n a Monse\u00f1or Capovilla, Arzobispo de Mesembria, de 97 a\u00f1os, reconoce su contribuci\u00f3n, por m\u00e1s de medio siglo, en mantener viva la memoria de Angelo Giuseppe Roncalli, Sumo Pont\u00edfice entre 1958 y 1963, de cuyo fallecimiento se cumplieron cincuenta a\u00f1os el pasado 3 de junio, y que ser\u00e1 canonizado el 27 de abril de 2014.<\/p>\n<p>&nbsp;<\/p>\n<p align=\"center\">\u201cEl Piadoso\u201d tambi\u00e9n salvaba jud\u00edos<\/p>\n<p>&nbsp;<\/p>\n<p>El italiano Gino Bartali no s\u00f3lo fue un campe\u00f3n del ciclismo, un deportista que en los a\u00f1os 30 y 40 gan\u00f3 tres Giros de Italia y dos Tours de Francia, as\u00ed como numerosas otras carreras, sino que fue una excelente persona. La prueba es que acaba de ser declarado \u00abJusto entre las Naciones\u00bb por su empe\u00f1\u00f3 en salvar a numerosos jud\u00edos perseguidos en Italia durante la ocupaci\u00f3n alemana. Bartali, conocido como &#8216;El Piadoso&#8217;, recorri\u00f3 grandes distancias a lomos de su bicicleta llevando ocultos en la barra de la misma, numerosos papeles falsos que permitieron que centenares de jud\u00edos se libraran de ser deportados de Italia a Auschwitz y otros campos de exterminio.<\/p>\n<p>&nbsp;La instituci\u00f3n oficial israel\u00ed en memoria de las v\u00edctimas del Holocausto, Yad Vashem, comprob\u00f3 que durante la ocupaci\u00f3n alemana de Italia form\u00f3 parte de una red secreta para salvar jud\u00edos liderada por el entonces rabino de Florencia, Nathan Cassuto, y el arzobispo de esa di\u00f3cesis, Elia Angelo Dalla Costa. Este \u00faltimo ya fue distinguido hace a\u00f1os con el t\u00edtulo de \u201cJusto entre las Naciones\u201d. \u00abEl bien se hace pero no se dice\u00bb, explica su hijo, Andrea Bartali, que era lo que les dec\u00eda su padre para que no contasen nada. Tambi\u00e9n asegur\u00f3 que las personas con las que colaboraba su padre para salvar a los jud\u00edos le hab\u00edan advertido de que si le pillaban \u00able fusilar\u00edan\u00bb.<\/p>\n<p>&nbsp;Sin embargo, como cuenta el libro \u00abEl camino del valor. Gino Bartali, h\u00e9roe silencioso\u00bb, que fue publicado el pasado mayo, el ciclista continu\u00f3 colaborando y salv\u00f3 la vida de 600 jud\u00edos.<\/p>\n<p align=\"center\">&nbsp;<\/p>\n<p align=\"center\"><strong>Cementerios jud\u00edos en Toledo y en \u00c1vila<\/strong><\/p>\n<p>&nbsp;Las excavaciones arqueol\u00f3gicas en el Cerro de la Horca de Toledo han permitido localizar 107 tumbas que conforman el cementerio jud\u00edo de la ciudad y que estuvo en uso durante el siglo XIII.<\/p>\n<p>&nbsp;En la zona hay cementerios romanos, visigodos, cristianos y musulmanes. El m\u00e1s antiguo es el cementerio romano, en la zona de la Avenida de la Reconquista y de la Vega Baja; luego est\u00e1 datado el cementerio visigodo, tambi\u00e9n en la Vega Baja y, con el paso de los a\u00f1os, la zona se convirti\u00f3 en cementerio cristiano, en el eje de Santa Leocadia de Afuera-Circo Romano, e Iglesia de San Ant\u00f3n. En ese eje, adem\u00e1s de las tumbas cristianas, tambi\u00e9n se localiz\u00f3 el cementerio musulm\u00e1n y, con esta excavaci\u00f3n, se ha delimitado el jud\u00edo.<\/p>\n<p>&nbsp;En esta excavaci\u00f3n se ha podido estudiar el ritual de enterramiento, caracterizado por la profundidad de las tumbas, con fosas de hasta 2,5 o 3 metros. \u00abLa finalidad era que el difunto quede conservado eternamente y, adem\u00e1s, los entierran siempre en contacto con tierra virgen, procurando evitar que una tumba entre en contacto con otra\u00bb, detalla Ruiz Taboada, arque\u00f3logo.<\/p>\n<p>&nbsp;Tambi\u00e9n se ha podido detectar el uso de cierres subterr\u00e1neos de la tumba, una pr\u00e1ctica \u00abmuy caracter\u00edstica de Toledo\u00bb que consist\u00eda en la construcci\u00f3n de una b\u00f3veda de ladrillo para cubrir el ata\u00fad del difunto. En este cementerio, que se ha podido fechar en el siglo XIII gracias al hallazgo de una moneda de esa \u00e9poca, tambi\u00e9n se han descubierto peque\u00f1as agrupaciones de tumbas.<\/p>\n<p>&nbsp;Por otro lado, en \u00c1vila el domingo 29 de septiembre, la comunidad Jud\u00eda de Madrid, junto a autoridades locales y nacionales estuvo presente en el acto de homenaje que el Ayuntamiento de la ciudad organiz\u00f3 en la necr\u00f3polis jud\u00eda, que ha recibido el nombre de Jard\u00edn de Sefarad. Acudieron el Presidente de la Federaci\u00f3n de Comunidades Jud\u00edas de Espa\u00f1a, Isaac Querub; el Presidente de la Hebr\u00e1 Kadisha de Madrid, David Levy y el Presidente de la Comunidad Jud\u00eda de Madrid, David Hatchwell. El acto cont\u00f3 tambi\u00e9n con la presencia del rabino Abram Guizburg, del Committee for the Preservation of Jewish Cemeteries in Europe, que se desplaz\u00f3 desde Londres para la ocasi\u00f3n y el rabino educador Yerahmiel Barylka, que fueron los encargados de dirigir las oraciones. El Gobierno espa\u00f1ol tambi\u00e9n estuvo representado en el acto con el subdirector general de Relaciones con las Confesiones del Gobierno de Espa\u00f1a, Ricardo Garc\u00eda; el presidente del Centro Sefarad-Israel, Miguel de Lucas y Fernando Arias, de la Fundaci\u00f3n Pluralismo y Convivencia.<\/p>\n<p>&nbsp;<\/p>\n<p align=\"center\"><strong>Antiguo tesoro al pie del Monte del Templo<\/strong><\/p>\n<p>&nbsp;La Universidad Hebrea de Jerusalem anunci\u00f3 el reciente descubrimiento de un tesoro de oro de 1.400 a\u00f1os que arroja luz sobre un per\u00edodo de la historia&nbsp;jud\u00eda de Jerusal\u00e9n relativamente desconocida. El hallazgo se hizo durante una excavaci\u00f3n arqueol\u00f3gica cerca del pie del Monte del Templo en la Ciudad Vieja de Jerusal\u00e9n y est\u00e1 conectado con el asentamiento jud\u00edo del corto per\u00edodo del dominio persa sobre la ciudad, el cual&nbsp;ocurri\u00f3 a principios del siglo VII de la Era Com\u00fan.<\/p>\n<p>&nbsp;La Dra. Eilat Mazar, arque\u00f3loga de la Universidad Hebrea, revel\u00f3 que las dos partes del tesoro contienen 36 cadenas de oro, joyas de oro y plata, un medall\u00f3n de oro de 10&nbsp;cent\u00edmetros adornado con im\u00e1genes de la menorah -candelabro del templo-, un shofar y un rollo de Tor\u00e1. Mazar ha estado trabajando en excavaciones en el \u00e1rea conocida como Ophel -una porci\u00f3n de tierra entre el Monte del Templo y la Ciudad de David- por casi 30 a\u00f1os, y ha afirmado que el descubrimiento es \u201casombroso, uno de esos que se encuentran&nbsp;una vez en la vida\u201d. El tesoro de oro fue descubierto en una estructura p\u00fablica bizantina a solo 50 metros de la&nbsp;pared sudeste del Monte del Templo. Tambi\u00e9n se encontraron dos monedas de oro y dos grandes pendientes bajo un piso calizo.&nbsp;&nbsp;&nbsp;&nbsp;&nbsp;&nbsp;&nbsp;&nbsp; &nbsp;&nbsp;&nbsp;&nbsp;&nbsp;&nbsp;&nbsp;&nbsp;&nbsp;&nbsp;&nbsp;&nbsp;&nbsp;&nbsp;&nbsp;&nbsp;&nbsp;&nbsp;&nbsp;&nbsp;&nbsp;&nbsp;&nbsp;&nbsp;&nbsp;&nbsp;&nbsp;&nbsp;&nbsp;&nbsp;&nbsp;&nbsp;&nbsp;&nbsp;&nbsp;&nbsp;&nbsp;&nbsp;&nbsp;&nbsp;&nbsp;&nbsp;&nbsp;&nbsp;&nbsp;&nbsp;&nbsp;&nbsp;&nbsp;&nbsp;&nbsp;&nbsp;&nbsp;&nbsp;&nbsp;&nbsp;&nbsp;&nbsp;&nbsp;&nbsp;&nbsp;&nbsp; &nbsp;&nbsp;&nbsp;&nbsp;&nbsp;&nbsp;&nbsp;&nbsp;&nbsp;&nbsp;&nbsp;&nbsp;&nbsp;&nbsp;&nbsp; &nbsp;&nbsp; (Itongadol)<\/p>\n<p>&nbsp;<\/p>\n<p align=\"center\"><strong>El coraje de la Esperanza<\/strong><\/p>\n<p>&nbsp;El 1 de octubre, en la plaza del Campidoglio de Roma, unos 400 l\u00edderes de diversas religiones firmaron una \u201cLlamada a la paz\u201d que condena sin paliativos la violencia ejercida en nombre de la religi\u00f3n. Cardenales, obispos, patriarcas, beatitudes, rabinos e imanes se abrazaron en un momento de la ceremonia y tras encender las velas de dos candelabros en signo de paz, uno a uno firmaron el documento.<\/p>\n<p>\u201cCon la fuerza de nuestras religiones declaramos el empe\u00f1o por la paz. Decimos a todos: nadie puede utilizar la religi\u00f3n para la violencia\u201d. As\u00ed de firmes se pronunciaron los l\u00edderes religiosos en la carta que han firmado, en la que se precisa tambi\u00e9n: \u201cSolemnemente rechazamos el terrorismo religioso: utilizar el nombre de Dios para asesinar es blasfemo. El terrorismo religioso niega en la ra\u00edz la religi\u00f3n\u201d. Y concluye: \u201cNada es imposible si nos dirigimos a Dios con la oraci\u00f3n\u201d y \u201cnosotros, hombres de religiones diversas (\u2026) queremos empe\u00f1arlos en hacer crecer este gran movimiento por la paz. Roma, 1\u00b0 octubre 2013\u201d.<\/p>\n<p>&nbsp;&nbsp;&nbsp;&nbsp;&nbsp;&nbsp; La XXVII Reuni\u00f3n Internacional \u201cEl coraje de la esperanza, Religiones y culturas en di\u00e1logo\u201d fue organizado por la comunidad de San Egidio, participaron m\u00e1s de cinco mil personas, y se realizaron 32 mesas redondas con personalidades de gran importancia que acudieron de diferentes pa\u00edses.<\/p>\n<p>&nbsp;Los dirigentes de San Egidio y diversos l\u00edderes religiosos fueron recibidos por el papa Francisco en el Vaticano: \u201cGracias a la comunidad de san Egidio \u2013dijo el santo padre\u2013 por seguir el camino marcado por el beato Juan Pablo II en el hist\u00f3rico encuentro de As\u00eds en 1986, cuando el papa invit\u00f3 a los l\u00edderes religiosos a rezar por la paz: no m\u00e1s los unos contra los otros, sino los unos junto a los otros<\/p>\n<p>&nbsp; Los representantes de las distintas religiones subieron al estrado delante del Campidoglio donde firmaron la \u201cLlamada a la Paz\u201d. La plaza estaba llena y en los primeros bancos estaban presentes diversos embajadores de los pa\u00edses latinoamericanos.<\/p>\n<p>&nbsp;<\/p>\n<p align=\"center\"><strong>Elegido nuevo Rabino Sefard\u00ed en Israel<\/strong><\/p>\n<p>&nbsp;El 16 de septiembre, en la Gran Sinagoga Raban Yojanan Ben Zacai de Jerusal\u00e9n tuvo lugar la ceremonia inaugural del nuevo Gran Rabino Sefard\u00ed de Israel, titulado Rishon Le-Si\u00f3n (El Primero de Si\u00f3n). La ceremonia incluy\u00f3 la entrega de su nueva vestimenta y un documento, escrito en pergamino, cuyo texto trata de dicho nombramiento y firmado por las autoridades, tanto religiosas como civiles, ceremonia \u00fanica que tiene lugar cada diez a\u00f1os, y actu\u00f3 como anfitri\u00f3n de la ceremonia el Dr. Abraham Haim, Presidente del Consejo de la Comunidad Sefard\u00ed. El nuevo Gran Rabino, Isaac Yosef, nacido en Jerusal\u00e9n, es hijo del ex Gran Rabino Ovadia Yosef, l\u00edder fundador del partido israel\u00ed Shas, que falleci\u00f3 el pasado 7 de octubre.<\/p>\n<p>&nbsp;<\/p>\n<p align=\"center\"><strong>Crece un \u00e1rbol extinguido en Israel<\/strong><\/p>\n<p>&nbsp;La palma datilera de Judea, extinta en el a\u00f1o 70 de nuestra era, ha vuelto a brotar gracias al descubrimiento de una jarra con semillas que llevaba enterrada 2 mil a\u00f1os bajo el palacio del Rey Herodes.<\/p>\n<p>Por miles de a\u00f1os la Phoenix dactylifera, o palma datilera de Judea fue una de las especies m\u00e1s abundantes del Medio Oriente. Se cultivaba en toda la regi\u00f3n de Judea por su fruta dulce y la fresca sombra que ofrec\u00eda a las personas que habitaban el desierto.<\/p>\n<p>Desde su aparici\u00f3n hace unos 3 mil a\u00f1os hasta los albores de la Era Com\u00fan, los \u00e1rboles fueron una fuente de ingresos esencial del Reino de Judea, incluso apareciendo en varias partes de la Biblia. El Rey David llam\u00f3 a su hija \u201cTamar\u201d en honor al nombre hebreo de esa palma.<\/p>\n<p>A ra\u00edz de la sublevaci\u00f3n jud\u00eda del a\u00f1o 70 AD, la represi\u00f3n romana arras\u00f3 Judea, y con ello se destruyeron no s\u00f3lo edificios, sino tambi\u00e9n cultivos y plantaciones, entre las cuales se perdi\u00f3 esta palmera hoy afortunadamente recuperada. En los siglos que le siguieron, el conocimiento de primera mano de este \u00e1rbol se convirti\u00f3 en leyenda. Durante la excavaci\u00f3n en el palacio del Gran Herodes en Israel a principios de 1960, los arque\u00f3logos desenterraron un peque\u00f1o c\u00famulo de semillas guardadas en una jarra de barro que data de hace dos mil a\u00f1os. Por las primeras cuatro d\u00e9cadas, las antiguas semillas fueron guardadas en la Universidad Bar-Ilan de Tel Aviv, pero en 2005 la investigadora bot\u00e1nica Elaine Solowey <span style=\"color: #000000;\"><a href=\"http:\/\/news.nationalgeographic.com\/news\/2005\/11\/1122_051122_old_seed_2.html\" target=\"_blank\" rel=\"noopener\"><span style=\"color: #000000;\">decidi\u00f3 plantar una<\/span><\/a> y v<\/span>er si algo crec\u00eda.<\/p>\n<p>Sorprendentemente, la semilla multimilenaria brot\u00f3, produciendo una especie de \u00e1rbol que no se hab\u00eda visto en siglos y convirti\u00e9ndose en la semilla de \u00e1rbol m\u00e1s antigua en germinar. Este tesoro arqueol\u00f3gico contin\u00faa creciendo e incluso ha brotado una flor.<\/p>\n<p align=\"center\">In Memoriam<\/p>\n<p>&nbsp;Ruth Weyl, una gran amiga y una de las personas m\u00e1s importantes para las relaciones judeo-cristianas, nos dej\u00f3 el 13 de mayo pasado. Fue una de las colaboradoras m\u00e1s relevantes del ICCJ. Es de destacar su participaci\u00f3n en la Conferencia de Seelisberg, as\u00ed como su saber, su inteligencia, su memoria y sobre todo su gran simpat\u00eda que animaba las reuniones judeo-cristianas. Hemos perdido una amiga, pero el recuerdo de lo que hizo quedar\u00e1 siempre vivo en la memoria de los que hemos tenido la gran suerte de haberla conocido (Sor Ionel Mihalovici)<\/p>\n<p>&nbsp;<\/p>\n<p align=\"center\">Actos de CEMI<\/p>\n<p>&nbsp;El 9 de octubre CEMI de Madrid ha inaugurado una nueva modalidad de reuni\u00f3n, distendida y amable, con el fin de recaudar fondos y pasar una tarde en grata compa\u00f1\u00eda.<\/p>\n<p>En el sal\u00f3n de actos, una quincena de mesas, que desped\u00edan un delicado aroma a menta fresca, flanqueaban el espl\u00e9ndido buffet preparado por las compa\u00f1eras, alrededor del cual se trenzaban&nbsp;conversaciones y reencuentros.<\/p>\n<p>La presidenta, D.\u00aa Alegr\u00eda Bendrihem dirigi\u00f3 unas palabras de bienvenida y agradecimiento a las asistentes, y destac\u00f3 la constante labor de un grupo de mujeres cuya meta es ayudar tanto a instituciones comunitarias como a organizaciones israel\u00edes, proporcionando actividades culturales enriquecedoras, amenizadas por exquisiteces culinarias. Es tradici\u00f3n celebrar con la evocadora frase \u00abdulce lo vivas\u00bb.<\/p>\n<p>&nbsp;Conscientes de la enorme dificultad que entra\u00f1a alcanzar los objetivos econ\u00f3micos marcados, el Comit\u00e9 directivo y todas las amigas de CEMI acrecientan su implicaci\u00f3n y participaci\u00f3n en esta singladura com\u00fan, cuyo objetivo final es el bienestar de nuestra Kehil\u00e1, y la manifestaci\u00f3n de nuestra adhesi\u00f3n incondicional a Israel. &nbsp;&nbsp;&nbsp;(Ver\u00f3nica Nehama)<\/p>\n<p>&nbsp;<\/p>\n<p align=\"center\">Premio Samuel Toledano<\/p>\n<p>&nbsp;&nbsp;&nbsp;&nbsp;&nbsp;&nbsp;&nbsp;&nbsp;&nbsp;&nbsp;&nbsp;&nbsp; El 3 de noviembre tuvo lugar el acto de entrega del Premio Samuel Toledano que este a\u00f1o ha sido concedido por parte israel\u00ed al Dr. Nat\u00e1n Lerner, profesor de Derecho Internacional en la Universidad de Tel Aviv por su contribuci\u00f3n al di\u00e1logo interreligioso y la reconciliaci\u00f3n judeo-cristiana en Espa\u00f1a e Israel, y por parte espa\u00f1ola al profesor de Filosof\u00eda de la Universidad Complutense y escritor D. Gabriel Albiac. El diploma de gratitud fue concedido al Instituto de Relaciones Culturales Baleares-Israel por el conjunto de su labor de difusi\u00f3n, en la persona de su presidenta D.\u00aa Jacqueline Tobiass. El maestro de ceremonias fue el Dr. Abraham Haim, Presidente de la Comunidad Sefard\u00ed de Jerusal\u00e9n y secretario de la Comisi\u00f3n del Premio. La ceremonia tuvo como invitado de honor al rabino David Rosen.<\/p>\n<p>Desde el Centro de Estudios Judeo-Cristianos queremos felicitar a nuestro gran amigo y colaborador, el profesor Natan Lerner, por el reconocimiento a su extensa labor en pro del di\u00e1logo judeo-cristiano, y su generosa entrega y colaboraci\u00f3n con nuestro Centro participando desde 1974 en nuestros Simposios Hispano-Israel\u00ed.<\/p>\n<p>&nbsp;<\/p>\n<p>Querido profesor, \u00a1\u00a1Muchas felicidades!!<\/p>\n<p>&nbsp;<\/p>\n<p style=\"text-align: justify;\">&nbsp;<\/p>\n<table style=\"width: 100%;\" cellspacing=\"0\" cellpadding=\"0\">\n<tbody>\n<tr>\n<td>\n<div>\n<p style=\"text-align: center;\" align=\"center\"><i><span style=\"font-size: 8pt; font-family: 'Lucida Calligraphy';\">Deseamos a nuestros socios y amigos <\/span><\/i><\/p>\n<p style=\"text-align: center;\" align=\"center\"><i><span style=\"font-size: 8pt; font-family: 'Lucida Calligraphy';\">que la alegr\u00eda y la luz <\/span><\/i><\/p>\n<p style=\"text-align: center;\" align=\"center\"><i><span style=\"font-size: 8pt; font-family: 'Lucida Calligraphy';\">de Januc\u00e1 y de Navidad <\/span><\/i><\/p>\n<p style=\"text-align: center;\" align=\"center\"><i><span style=\"font-size: 8pt; font-family: 'Lucida Calligraphy';\">les acompa\u00f1en durante <\/span><\/i><\/p>\n<p style=\"text-align: center;\" align=\"center\"><i><span style=\"font-size: 8pt; font-family: 'Lucida Calligraphy';\">todo el A\u00f1o 2014<\/span><\/i><\/p>\n<\/div>\n<\/td>\n<\/tr>\n<\/tbody>\n<\/table>\n<p style=\"text-align: justify;\">&nbsp;<\/p>\n<p style=\"text-align: justify;\">&nbsp;<\/p>\n","protected":false},"excerpt":{"rendered":"<p>Descargar pdf N\u00ba 199 (Septiembre-Diciembre 2013) &nbsp;&nbsp;&nbsp;&nbsp;&nbsp;&nbsp;&nbsp;&nbsp;&nbsp;&nbsp;&nbsp;&nbsp;&nbsp;&nbsp;&nbsp;&nbsp;&nbsp;&nbsp;&nbsp;&nbsp;&nbsp;&nbsp;&nbsp;&nbsp;&nbsp;&nbsp;&nbsp;&nbsp;&nbsp;&nbsp;&nbsp;&nbsp;&nbsp;&nbsp;&nbsp;&nbsp;&nbsp;&nbsp;&nbsp;&nbsp;&nbsp; Inauguraci\u00f3n Curso 2013-2014 El 4 de noviembre tuvo lugar la inauguraci\u00f3n del Curso del Centro de Estudios Judeo- Cristianos en el Sal\u00f3n de Plenos del Consejo Escolar del Estado del Ministerio de Educaci\u00f3n. El Acto fue presidido por D. Samuel Bengio, expresidente de la Comunidad Jud\u00eda de Madrid [&hellip;]<\/p>\n","protected":false},"author":1,"featured_media":0,"comment_status":"open","ping_status":"open","sticky":false,"template":"","format":"standard","meta":{"_et_pb_use_builder":"","_et_pb_old_content":"","_et_gb_content_width":"","footnotes":""},"categories":[4],"tags":[],"class_list":["post-483","post","type-post","status-publish","format-standard","hentry","category-circular"],"_links":{"self":[{"href":"https:\/\/cejc-madrid.org\/index.php\/wp-json\/wp\/v2\/posts\/483","targetHints":{"allow":["GET"]}}],"collection":[{"href":"https:\/\/cejc-madrid.org\/index.php\/wp-json\/wp\/v2\/posts"}],"about":[{"href":"https:\/\/cejc-madrid.org\/index.php\/wp-json\/wp\/v2\/types\/post"}],"author":[{"embeddable":true,"href":"https:\/\/cejc-madrid.org\/index.php\/wp-json\/wp\/v2\/users\/1"}],"replies":[{"embeddable":true,"href":"https:\/\/cejc-madrid.org\/index.php\/wp-json\/wp\/v2\/comments?post=483"}],"version-history":[{"count":0,"href":"https:\/\/cejc-madrid.org\/index.php\/wp-json\/wp\/v2\/posts\/483\/revisions"}],"wp:attachment":[{"href":"https:\/\/cejc-madrid.org\/index.php\/wp-json\/wp\/v2\/media?parent=483"}],"wp:term":[{"taxonomy":"category","embeddable":true,"href":"https:\/\/cejc-madrid.org\/index.php\/wp-json\/wp\/v2\/categories?post=483"},{"taxonomy":"post_tag","embeddable":true,"href":"https:\/\/cejc-madrid.org\/index.php\/wp-json\/wp\/v2\/tags?post=483"}],"curies":[{"name":"wp","href":"https:\/\/api.w.org\/{rel}","templated":true}]}}