{"id":486,"date":"2014-01-22T10:12:45","date_gmt":"2014-01-22T10:12:45","guid":{"rendered":"https:\/\/upbeat-goodall.82-223-35-84.plesk.page\/index.php\/2014\/01\/22\/el-olivo-n-78-1\/"},"modified":"2014-01-22T10:12:45","modified_gmt":"2014-01-22T10:12:45","slug":"el-olivo-n-78-1","status":"publish","type":"post","link":"https:\/\/cejc-madrid.org\/index.php\/2014\/01\/22\/el-olivo-n-78-1\/","title":{"rendered":"El Olivo n\u00ba 78"},"content":{"rendered":"<p style=\"text-align: center;\"><strong>OLIVO N\u00ba 78<\/strong><\/p>\n<p style=\"text-align: center;\">Julio &#8211; Diciembre&nbsp; 2013<strong><br \/><\/strong><\/p>\n<p style=\"text-align: justify;\"><strong>\u00a1Pon o\u00eddo, Pastor! <\/strong>&#8211; Isabel Mata L\u00f3pez &#8211; Universidad de Salamanca<\/p>\n<p style=\"text-align: justify;\"><strong>De la&nbsp;<em>Nostra Aetate<\/em> a nuestros d\u00edas <\/strong>&#8211; Monse\u00f1or C\u00e9sar A. Franco Mart\u00ednez &#8211; Obispo Auxiliar de Madrid<\/p>\n<p style=\"text-align: justify;\"><strong>La vida de los manuscritos b\u00edblicos. Cuando la tradici\u00f3n de lectura se hace Escritura <\/strong>&#8211; Ignacio Carbajosa &#8211; Universidad Eclesi\u00e1stica San D\u00e1maso<\/p>\n<p style=\"text-align: justify;\"><strong>\u00bfHa perdido Europa su alma? &#8211;<\/strong> Rabino Jonathan Sacks&nbsp; &#8211; Gran Rabino de Gran Breta\u00f1a<\/p>\n<p style=\"text-align: justify;\"><strong>Desafios \u00e9ticos y religiosos contempor\u00e1neos a la religi\u00f3n &#8211;<\/strong> Rabino Eugene Korn&nbsp; &#8211; The Israel Jewish Council on Interreligious Relations<\/p>\n<p style=\"text-align: justify;\"><em>Documentaci\u00f3n:<\/em><\/p>\n<p style=\"text-align: justify;\"><strong>XXII Reuni\u00f3n Internacional Catholic-Jewish Liaison Committee. Declaraci\u00f3n conjunta.&nbsp;<\/strong>Madrid, 13-17 de octubre de 2013<\/p>\n<p style=\"text-align: justify;\"><em>Cr\u00edtica bibliogr\u00e1fica:<\/em><\/p>\n<p style=\"text-align: justify;\">Juan Carlos Lara Olmos, <em><strong>Historia de los jud\u00edos en Europa<\/strong>, <\/em>2 vols. Madrid. Editorial Ra\u00edces 2013,&nbsp; &#8211; Carlos Carrete Parrondo<em> <br \/><\/em><\/p>\n<p style=\"text-align: justify;\">Miguel P\u00e9rez Fern\u00e1ndez, Olga Miguel-Ruiz Morell,&nbsp;<strong><em> El beso de Dios. Midr\u00e1s de la Muerte de<\/em><em> Mois\u00e9s,<\/em><\/strong><em>&nbsp;<\/em><em>Edici\u00f3n biblingue hebreo-espa\u00f1ol<\/em>,&nbsp;<strong>&nbsp;<\/strong>Estella, Verbo Divino, 2013 &#8211; Amparo Alba Cecilia<\/p>\n<p style=\"text-align: justify;\">VV.AA., <em><strong>Al Catolicismo y juda\u00edsmo. El di\u00e1logo entre jud\u00edos y cristianos. 40 a\u00f1os de Nostra Aetate: Textos de Juan Pablo II y Benedicto XVI.&nbsp;<\/strong><\/em> Centro de Estudios Judeo-Cristianos de la Archidi\u00f3cesis de Madrid, Madrid, Editorial Planeta, 2005 &#8211; Carlos Carrete Parrondo<\/p>\n<p style=\"text-align: justify;\">&nbsp;<\/p>\n<p style=\"text-align: justify;\"><em>&nbsp;<\/em><\/p>\n","protected":false},"excerpt":{"rendered":"<p>OLIVO N\u00ba 78 Julio &#8211; Diciembre&nbsp; 2013 \u00a1Pon o\u00eddo, Pastor! &#8211; Isabel Mata L\u00f3pez &#8211; Universidad de Salamanca De la&nbsp;Nostra Aetate a nuestros d\u00edas &#8211; Monse\u00f1or C\u00e9sar A. Franco Mart\u00ednez &#8211; Obispo Auxiliar de Madrid La vida de los manuscritos b\u00edblicos. Cuando la tradici\u00f3n de lectura se hace Escritura &#8211; Ignacio Carbajosa &#8211; Universidad Eclesi\u00e1stica [&hellip;]<\/p>\n","protected":false},"author":1,"featured_media":0,"comment_status":"open","ping_status":"open","sticky":false,"template":"","format":"standard","meta":{"_et_pb_use_builder":"","_et_pb_old_content":"","_et_gb_content_width":"","footnotes":""},"categories":[25],"tags":[],"class_list":["post-486","post","type-post","status-publish","format-standard","hentry","category-revista-qel-olivoq"],"_links":{"self":[{"href":"https:\/\/cejc-madrid.org\/index.php\/wp-json\/wp\/v2\/posts\/486","targetHints":{"allow":["GET"]}}],"collection":[{"href":"https:\/\/cejc-madrid.org\/index.php\/wp-json\/wp\/v2\/posts"}],"about":[{"href":"https:\/\/cejc-madrid.org\/index.php\/wp-json\/wp\/v2\/types\/post"}],"author":[{"embeddable":true,"href":"https:\/\/cejc-madrid.org\/index.php\/wp-json\/wp\/v2\/users\/1"}],"replies":[{"embeddable":true,"href":"https:\/\/cejc-madrid.org\/index.php\/wp-json\/wp\/v2\/comments?post=486"}],"version-history":[{"count":0,"href":"https:\/\/cejc-madrid.org\/index.php\/wp-json\/wp\/v2\/posts\/486\/revisions"}],"wp:attachment":[{"href":"https:\/\/cejc-madrid.org\/index.php\/wp-json\/wp\/v2\/media?parent=486"}],"wp:term":[{"taxonomy":"category","embeddable":true,"href":"https:\/\/cejc-madrid.org\/index.php\/wp-json\/wp\/v2\/categories?post=486"},{"taxonomy":"post_tag","embeddable":true,"href":"https:\/\/cejc-madrid.org\/index.php\/wp-json\/wp\/v2\/tags?post=486"}],"curies":[{"name":"wp","href":"https:\/\/api.w.org\/{rel}","templated":true}]}}