{"id":487,"date":"2014-02-14T07:54:39","date_gmt":"2014-02-14T07:54:39","guid":{"rendered":"https:\/\/upbeat-goodall.82-223-35-84.plesk.page\/index.php\/2014\/02\/14\/papa-francisco-y-el-comite-judio-de-eeuu-1\/"},"modified":"2014-02-14T07:54:39","modified_gmt":"2014-02-14T07:54:39","slug":"papa-francisco-y-el-comite-judio-de-eeuu-1","status":"publish","type":"post","link":"https:\/\/cejc-madrid.org\/index.php\/2014\/02\/14\/papa-francisco-y-el-comite-judio-de-eeuu-1\/","title":{"rendered":"Papa Francisco y el Comit\u00e9 Jud\u00edo de EEUU"},"content":{"rendered":"<p style=\"text-align: right;\">&nbsp;<\/p>\n<p><span style=\"font-size: 10pt; font-family: verdana,geneva; color: #282828;\">El Papa Francisco al Comit\u00e9 Jud\u00edo de Estados Unidos:<\/span><\/p>\n<p style=\"text-align: center;\"><strong><span style=\"font-size: 9pt; font-family: 'Verdana','sans-serif'; color: #282828;\">ACTUEMOS JUNTOS POR UN MUNDO MAS JUSTO Y FRATERNO<\/span><\/strong><\/p>\n<p style=\"text-align: justify;\"><span style=\"font-size: 9pt; font-family: 'Verdana','sans-serif'; color: #282828;\"><img loading=\"lazy\" decoding=\"async\" class=\" alignleft size-full wp-image-233\" style=\"margin-right: 3px; float: left;\" src=\"https:\/\/cejc-madrid.org\/wp-content\/uploads\/2014\/02\/POPE-FRANCIS-AJC-DELEGATION-2014-2.jpg\" alt=\"\" width=\"437\" height=\"236\" \/>El 13 de febrero, a las 11.30 en la sala del Consistorio, el Santo Padre recibi\u00f3 a la delegaci\u00f3n del American Jewish Commitee, el Comit\u00e9 Jud\u00edo Estadounidense. En su discurso Francisco agradeci\u00f3 la labor que este comit\u00e9 ha realizado en el curso de los a\u00f1os \u201cuna valiosa contribuci\u00f3n al di\u00e1logo &#8211; dijo &#8211; y a la fraternidad entre hebreos y cristianos\u201d. El Papa record\u00f3 que el pr\u00f3ximo a\u00f1o se conmemorar\u00e1 el quincuag\u00e9simo aniversario de la declaraci\u00f3n <i>Nostra aetate<\/i> del Concilio Vaticano II, \u00abque constituye\u00bb \u2013 afirm\u00f3 \u2013 \u201ca\u00fan hoy para la Iglesia el punto de referencia imprescindible para las relaciones con nuestros hermanos mayores\u201d. <br \/> Junto al di\u00e1logo, subray\u00f3 el Obispo de Roma, es importante destacar que hebreos y cristianos \u201cpueden actuar juntos para la construcci\u00f3n de un mundo m\u00e1s justo y fraterno\u201d y \u201cen modo particular\u201d &#8211; destac\u00f3 &#8211; \u201cel com\u00fan servicio a favor de los pobres, emarginados y sufrientes\u201d. Deber, dijo el Papa, que nos ha confiado Dios y que se funda en las Sagradas Escrituras.<br \/> Francisco record\u00f3 adem\u00e1s la importancia de transmitir a las nuevas generaciones \u201cel patrimonio de conocimiento rec\u00edproco, de estima y de amistad construido en estos a\u00f1os gracias tambi\u00e9n al empe\u00f1o de asociaciones como la vuestra\u201d. Por ello, dijo, \u201c<strong>espero que el tema de las relaciones con el hebra\u00edsmo se mantenga vivo en los seminarios y centros de formaci\u00f3n de los laicos cat\u00f3licos y as\u00ed como conf\u00edo tambi\u00e9n que, en las comunidades jud\u00edas, crezca el inter\u00e9s por el conocimiento del cristianismo\u00bb.<\/strong> <br \/> Finalmente, recordando su pr\u00f3ximo viaje a Jerusal\u00e9n, el Santo Padre pidi\u00f3 que oren por \u00e9l \u201cpara que este viaje d\u00e9 frutos de comuni\u00f3n, esperanza y paz\u201d.<\/p>\n<p> <\/span><\/p>\n<p style=\"text-align: justify;\"><span style=\"font-size: 9pt; font-family: 'Verdana','sans-serif'; color: #282828;\"><a href=\"http:\/\/www.romereports.com\/pg155777-papa-al-american-jewish-committee-trabajemos-juntos-por-la-fraternidad-es\">http:\/\/www.romereports.com\/pg155777-papa-al-american-jewish-committee-trabajemos-juntos-por-la-fraternidad-es<\/a><\/span><\/p>\n","protected":false},"excerpt":{"rendered":"<p>&nbsp; El Papa Francisco al Comit\u00e9 Jud\u00edo de Estados Unidos: ACTUEMOS JUNTOS POR UN MUNDO MAS JUSTO Y FRATERNO El 13 de febrero, a las 11.30 en la sala del Consistorio, el Santo Padre recibi\u00f3 a la delegaci\u00f3n del American Jewish Commitee, el Comit\u00e9 Jud\u00edo Estadounidense. En su discurso Francisco agradeci\u00f3 la labor que este [&hellip;]<\/p>\n","protected":false},"author":1,"featured_media":233,"comment_status":"open","ping_status":"open","sticky":false,"template":"","format":"standard","meta":{"_et_pb_use_builder":"","_et_pb_old_content":"","_et_gb_content_width":"","footnotes":""},"categories":[1],"tags":[],"class_list":["post-487","post","type-post","status-publish","format-standard","has-post-thumbnail","hentry","category-uncategorized"],"_links":{"self":[{"href":"https:\/\/cejc-madrid.org\/index.php\/wp-json\/wp\/v2\/posts\/487","targetHints":{"allow":["GET"]}}],"collection":[{"href":"https:\/\/cejc-madrid.org\/index.php\/wp-json\/wp\/v2\/posts"}],"about":[{"href":"https:\/\/cejc-madrid.org\/index.php\/wp-json\/wp\/v2\/types\/post"}],"author":[{"embeddable":true,"href":"https:\/\/cejc-madrid.org\/index.php\/wp-json\/wp\/v2\/users\/1"}],"replies":[{"embeddable":true,"href":"https:\/\/cejc-madrid.org\/index.php\/wp-json\/wp\/v2\/comments?post=487"}],"version-history":[{"count":0,"href":"https:\/\/cejc-madrid.org\/index.php\/wp-json\/wp\/v2\/posts\/487\/revisions"}],"wp:featuredmedia":[{"embeddable":true,"href":"https:\/\/cejc-madrid.org\/index.php\/wp-json\/wp\/v2\/media\/233"}],"wp:attachment":[{"href":"https:\/\/cejc-madrid.org\/index.php\/wp-json\/wp\/v2\/media?parent=487"}],"wp:term":[{"taxonomy":"category","embeddable":true,"href":"https:\/\/cejc-madrid.org\/index.php\/wp-json\/wp\/v2\/categories?post=487"},{"taxonomy":"post_tag","embeddable":true,"href":"https:\/\/cejc-madrid.org\/index.php\/wp-json\/wp\/v2\/tags?post=487"}],"curies":[{"name":"wp","href":"https:\/\/api.w.org\/{rel}","templated":true}]}}