{"id":489,"date":"2014-03-11T08:42:13","date_gmt":"2014-03-11T08:42:13","guid":{"rendered":"https:\/\/upbeat-goodall.82-223-35-84.plesk.page\/index.php\/2014\/03\/11\/articulo-elio-passeto-1\/"},"modified":"2014-03-11T08:42:13","modified_gmt":"2014-03-11T08:42:13","slug":"articulo-elio-passeto-1","status":"publish","type":"post","link":"https:\/\/cejc-madrid.org\/index.php\/2014\/03\/11\/articulo-elio-passeto-1\/","title":{"rendered":"Art\u00edculo Elio Passeto"},"content":{"rendered":"<p style=\"margin: 0cm 0cm 6pt; text-align: right;\" align=\"center\"><strong><span style=\"font-size: 12pt; font-family: 'Times New Roman','serif';\"><span style=\"font-size: 8pt;\"><strong>S\u00edguenos en <a href=\"https:\/\/www.facebook.com\/centrodeestudios.judeocristianos\"><img loading=\"lazy\" decoding=\"async\" class=\" size-full wp-image-223\" src=\"https:\/\/cejc-madrid.org\/wp-content\/uploads\/2015\/07\/FB.jpg\" alt=\"\" width=\"18\" height=\"18\" srcset=\"https:\/\/cejc-madrid.org\/wp-content\/uploads\/2015\/07\/FB.jpg 160w, https:\/\/cejc-madrid.org\/wp-content\/uploads\/2015\/07\/FB-150x150.jpg 150w\" sizes=\"(max-width: 18px) 100vw, 18px\" \/><\/a><\/strong><\/span><\/span><\/strong><\/p>\n<p style=\"margin: 0cm 0cm 6pt; text-align: center;\" align=\"center\"><span style=\"font-size: 12pt;\"><strong>Nuestra Circular cumple 200 n\u00fameros<\/strong><\/span><\/p>\n<div style=\"margin-bottom: 2pt; text-indent: 14.2pt; text-align: justify;\"><span style=\"font-size: 10pt; font-family: 'TimesNewRomanPSMT','serif';\"><img loading=\"lazy\" decoding=\"async\" class=\" alignleft size-full wp-image-236\" style=\"margin-right: 4px; float: left;\" title=\"Elio Passeto, nds\" src=\"https:\/\/cejc-madrid.org\/wp-content\/uploads\/2014\/03\/Elio.2.jpg\" alt=\"\" width=\"250\" height=\"258\" \/><\/span>Queridos amigos y socios del Centro de Estudios Judeo-Cristianos: estamos encantados de presentarles la CIRCULAR n\u00famero 200 del nuestro Centro. Damos gracias a Dios por estos a\u00f1os de actividad en que este medio de comunicaci\u00f3n transmiti\u00f3 el mensaje del Centro de Estudios. La Circular, comenz\u00f3 su primera edici\u00f3n en enero de 1972, donde se celebraba ya 10 a\u00f1os de existencia de la Amistad Judeo-Cristiana en Espa\u00f1a. Recordamos que la Amistad Judeo-Cristiana, tuvo su inicio en 1963, cuando se respiraba el esp\u00edritu esperanzador del Concilio Vaticano II y la Circular, junto con el Centro de Estudios Judeo-Cristiano, fueron una expresi\u00f3n pionera de la Iglesia de Espa\u00f1a, realizado y desarrollado por las Hermanas de Nuestra Se\u00f1ora de Si\u00f3n.<\/div>\n<div style=\"text-align: justify;\">Los n\u00fameros iniciales de la Circular fueron marcados por la valent\u00eda de los pioneros que participaron en esta labor desde el Centro de Estudios Judeo-Cristianos. En aquel momento, las informaciones sobre la relaci\u00f3n con el juda\u00edsmo estaban en sus comienzos, eran t\u00edmidas, pero llenas de convicci\u00f3n y certeza de que la fe cristiana estaba redescubriendo sus ra\u00edces, reencontr\u00e1ndose as\u00ed con el entorno en el que nacieron y vivieron Jes\u00fas, los Ap\u00f3stoles, Maria y la iglesia primitiva. Las semillas de este inicio de actividades con el transcurso del tiempo se han visto que fueron las mejores; crecieron, dieron sus frutos y estamos celebrando el n\u00famero 200.<\/div>\n<div style=\"text-align: justify;\">En abril de 1992, se public\u00f3 el n\u00famero 100 de la Circular. Este n\u00famero tra\u00eda una carta de declaraci\u00f3n del Arzobispo Ram\u00f3n Torrella, a la Conferencia Central de Rabinos Americanos (23\/3\/1992), este documento valdr\u00eda la pena ser le\u00eddo en su integridad, es una declaraci\u00f3n llena de ense\u00f1anzas para hoy, cito unas pocas frases:<\/div>\n<div style=\"text-align: justify;\">Dec\u00eda el Arzobispo: \u201cPara valorar la extraordinaria importancia de este hecho, basta cambiar la segunda cifra de este a\u00f1o y, en lugar 1992, leer 1492.<\/div>\n<div style=\"text-align: justify;\">No creo que haga falta recordar los tristes acontecimientos de aquella fat\u00eddica fecha. Nos encontramos aqu\u00ed por esta raz\u00f3n.<\/div>\n<div style=\"text-align: justify;\">El hecho que hoy celebramos este encuentro puede darnos la medida no s\u00f3lo, ni principalmente, del tiempo transcurrido, sino de los cambios que estamos presenciando en las relaciones entre jud\u00edos y cristianos.\n<\/div>\n<div style=\"text-align: justify;\">El a\u00f1o de 1992 deber\u00eda ser un a\u00f1o de teshuva para los cristianos y particularmente para los cristianos de Espa\u00f1a. Pero tambi\u00e9n, al mismo tiempo, un a\u00f1o de alegr\u00eda. Teshuva de hecho no destruye, sino que libera, gracias a la misericordia del Se\u00f1or y a la disposici\u00f3n de nuestros hermanos para la reconciliaci\u00f3n&#8230;\u201d<\/div>\n<div style=\"text-align: justify;\">Celebrando ahora el n\u00famero 200, con 42 a\u00f1os de historia, que puede parecer un corto periodo, pero lleno de avances y descubrimientos en relaci\u00f3n con el juda\u00edsmo. Hacemos en este n\u00famero memoria de tantas personas tan dedicadas y leales que nos precedieran y que hicieron posible nuestro presente: menciono a Sor Esperanza que fue la base de esta gran empresa, tanto por su trabajo como por su visi\u00f3n de futuro; luego fue Sor Ionel con su dilatado trabajo y que sigue hoy d\u00eda muy de cerca las actividades del Centro.<\/div>\n<div style=\"text-align: justify;\">En estos a\u00f1os que siguieron al Concilio Vaticano II, la Iglesia ha dado grandes pasos, ha producido muchos documentos relacionados con el juda\u00edsmo, pero sigue existiendo una gran ignorancia por parte de los cristianos de sus or\u00edgenes y de su relaci\u00f3n con el juda\u00edsmo. Este n\u00famero 200 marca esta gran historia ya hecha y apunta a la necesidad de mantener el mismo esp\u00edritu pionero en los principios de la Circular, destacando la necesidad de concienciaci\u00f3n de los cristianos de sus ra\u00edces y llamar a la responsabilidad, a la luz de las ense\u00f1anzas del Concilio Vaticano II, de la importancia para el cristiano de entender el lugar del pueblo jud\u00edo en el plan de la salvaci\u00f3n y de la propia encarnaci\u00f3n y que la relaci\u00f3n con el juda\u00edsmo, es una relaci\u00f3n intr\u00ednseca que pasa por el interior mismo del misterio de la Iglesia.&nbsp;&nbsp;&nbsp; &nbsp;<\/div>\n<div style=\"text-align: justify;\"><em>Elio Passeto, nds<\/em><\/div>\n","protected":false},"excerpt":{"rendered":"<p style=\"margin: 0cm 0cm 6pt; text-align: right;\" align=\"center\"><strong><span style=\"font-size: 12pt; font-family: 'Times New Roman','serif';\"><span style=\"font-size: 8pt;\"><strong>S\u00edguenos en <a href=\"https:\/\/www.facebook.com\/centrodeestudios.judeocristianos\"><img loading=\"lazy\" decoding=\"async\" class=\" size-full wp-image-223\" src=\"https:\/\/cejc-madrid.org\/wp-content\/uploads\/2015\/07\/FB.jpg\" alt=\"\" width=\"18\" height=\"18\" srcset=\"https:\/\/cejc-madrid.org\/wp-content\/uploads\/2015\/07\/FB.jpg 160w, https:\/\/cejc-madrid.org\/wp-content\/uploads\/2015\/07\/FB-150x150.jpg 150w\" sizes=\"(max-width: 18px) 100vw, 18px\" \/><\/a><\/strong><\/span><\/span><\/strong><\/p>\n<p style=\"margin: 0cm 0cm 6pt; text-align: center;\" align=\"center\"><span style=\"font-size: 12pt;\"><strong>Nuestra Circular cumple 200 n\u00fameros<\/strong><\/span><\/p>\n<div style=\"margin-bottom: 2pt; text-indent: 14.2pt; text-align: justify;\"><span style=\"font-size: 10pt; font-family: 'TimesNewRomanPSMT','serif';\"><img loading=\"lazy\" decoding=\"async\" class=\" alignleft size-full wp-image-236\" style=\"margin-right: 4px; float: left;\" title=\"Elio Passeto, nds\" src=\"https:\/\/cejc-madrid.org\/wp-content\/uploads\/2014\/03\/Elio.2.jpg\" alt=\"\" width=\"250\" height=\"258\" \/><\/span>Queridos amigos y socios del Centro de Estudios Judeo-Cristianos: estamos encantados de presentarles la CIRCULAR n\u00famero 200 del nuestro Centro. Damos gracias a Dios por estos a\u00f1os de actividad en que este medio de comunicaci\u00f3n transmiti\u00f3 el mensaje del Centro de Estudios. La Circular, comenz\u00f3 su primera edici\u00f3n en enero de 1972, donde se celebraba ya 10 a\u00f1os de existencia de la Amistad Judeo-Cristiana en Espa\u00f1a. Recordamos que la Amistad Judeo-Cristiana, tuvo su inicio en 1963, cuando se respiraba el esp\u00edritu esperanzador del Concilio Vaticano II y la Circular, junto con el Centro de Estudios Judeo-Cristiano, fueron una expresi\u00f3n pionera de la Iglesia de Espa\u00f1a, realizado y desarrollado por las Hermanas de Nuestra Se\u00f1ora de Si\u00f3n.<\/div>\n<div style=\"text-align: justify;\">Los n\u00fameros iniciales de la Circular fueron marcados por la valent\u00eda de los pioneros que participaron en esta labor desde el Centro de Estudios Judeo-Cristianos. En aquel momento, las informaciones sobre la relaci\u00f3n con el juda\u00edsmo estaban en sus comienzos, eran t\u00edmidas, pero llenas de convicci\u00f3n y certeza de que la fe cristiana estaba redescubriendo sus ra\u00edces, reencontr\u00e1ndose as\u00ed con el entorno en el que nacieron y vivieron Jes\u00fas, los Ap\u00f3stoles, Maria y la iglesia primitiva. Las semillas de este inicio de actividades con el transcurso del tiempo se han visto que fueron las mejores; crecieron, dieron sus frutos y estamos celebrando el n\u00famero 200.<\/div>\n<div style=\"text-align: justify;\">En abril de 1992, se public\u00f3 el n\u00famero 100 de la Circular. Este n\u00famero tra\u00eda una carta de declaraci\u00f3n del Arzobispo Ram\u00f3n Torrella, a la Conferencia Central de Rabinos Americanos (23\/3\/1992), este documento valdr\u00eda la pena ser le\u00eddo en su integridad, es una declaraci\u00f3n llena de ense\u00f1anzas para hoy, cito unas pocas frases:<\/div>\n<div style=\"text-align: justify;\">Dec\u00eda el Arzobispo: \u201cPara valorar la extraordinaria importancia de este hecho, basta cambiar la segunda cifra de este a\u00f1o y, en lugar 1992, leer 1492.<\/div>\n<div style=\"text-align: justify;\">No creo que haga falta recordar los tristes acontecimientos de aquella fat\u00eddica fecha. Nos encontramos aqu\u00ed por esta raz\u00f3n.<\/div>\n<div style=\"text-align: justify;\">El hecho que hoy celebramos este encuentro puede darnos la medida no s\u00f3lo, ni principalmente, del tiempo transcurrido, sino de los cambios que estamos presenciando en las relaciones entre jud\u00edos y cristianos.<\/p>\n","protected":false},"author":1,"featured_media":223,"comment_status":"open","ping_status":"open","sticky":false,"template":"","format":"standard","meta":{"_et_pb_use_builder":"","_et_pb_old_content":"","_et_gb_content_width":"","footnotes":""},"categories":[1],"tags":[],"class_list":["post-489","post","type-post","status-publish","format-standard","has-post-thumbnail","hentry","category-uncategorized"],"_links":{"self":[{"href":"https:\/\/cejc-madrid.org\/index.php\/wp-json\/wp\/v2\/posts\/489","targetHints":{"allow":["GET"]}}],"collection":[{"href":"https:\/\/cejc-madrid.org\/index.php\/wp-json\/wp\/v2\/posts"}],"about":[{"href":"https:\/\/cejc-madrid.org\/index.php\/wp-json\/wp\/v2\/types\/post"}],"author":[{"embeddable":true,"href":"https:\/\/cejc-madrid.org\/index.php\/wp-json\/wp\/v2\/users\/1"}],"replies":[{"embeddable":true,"href":"https:\/\/cejc-madrid.org\/index.php\/wp-json\/wp\/v2\/comments?post=489"}],"version-history":[{"count":0,"href":"https:\/\/cejc-madrid.org\/index.php\/wp-json\/wp\/v2\/posts\/489\/revisions"}],"wp:featuredmedia":[{"embeddable":true,"href":"https:\/\/cejc-madrid.org\/index.php\/wp-json\/wp\/v2\/media\/223"}],"wp:attachment":[{"href":"https:\/\/cejc-madrid.org\/index.php\/wp-json\/wp\/v2\/media?parent=489"}],"wp:term":[{"taxonomy":"category","embeddable":true,"href":"https:\/\/cejc-madrid.org\/index.php\/wp-json\/wp\/v2\/categories?post=489"},{"taxonomy":"post_tag","embeddable":true,"href":"https:\/\/cejc-madrid.org\/index.php\/wp-json\/wp\/v2\/tags?post=489"}],"curies":[{"name":"wp","href":"https:\/\/api.w.org\/{rel}","templated":true}]}}