{"id":49,"date":"2011-11-04T11:15:05","date_gmt":"2011-11-04T11:15:05","guid":{"rendered":"https:\/\/upbeat-goodall.82-223-35-84.plesk.page\/index.php\/2011\/11\/04\/el-olivo-no-45\/"},"modified":"2011-11-04T11:15:05","modified_gmt":"2011-11-04T11:15:05","slug":"el-olivo-no-45","status":"publish","type":"post","link":"https:\/\/cejc-madrid.org\/index.php\/2011\/11\/04\/el-olivo-no-45\/","title":{"rendered":"El Olivo n\u00ba 45"},"content":{"rendered":"<p align=\"center\"><b>EL OLIVO    n\u00ba 45<\/b><\/p>\n<p align=\"center\">\u00a0<\/p>\n<p align=\"center\">Enero &#8211; Junio 1997<\/p>\n<p align=\"center\">\u00a0<\/p>\n<p align=\"center\"><span style=\"text-decoration: underline;\">\u00cdndice<\/span><\/p>\n<p align=\"left\">\u00a0<\/p>\n<p align=\"left\"><b>El Purim de los  Meyuhasim: entre la historia y el folclore<\/b><i> &#8211; Alisa Meyuhas Ginio<\/i> &#8211; Universidad de Tel  Aviv<b>&nbsp;<\/b><\/p>\n<p align=\"left\"><b>El precio de la  fe. Fiscalidad y aljamas en Navarra (1089-1350) &#8211;<\/b><i><b> <\/b>Ferm\u00edn Miranda Garc\u00eda<\/i> &#8211; Universidad P\u00fablica de Navarra<b>&nbsp;<\/b><\/p>\n<p align=\"left\"><b>Mesianismo y  jasidismo &#8211;<\/b><i><b> <\/b>Sor Esperanza Mary &#8211; <\/i>Bayona<b>&nbsp;<\/b><\/p>\n<p align=\"left\"><b>Theodor Herzl:  de la literatura y el periodismo a la redacci\u00f3n de <i>Der Judenstaat<\/i> y la  fundaci\u00f3n del movimiento sionista &#8211; <\/b><i>Ana  Kowarik  &#8211; <\/i>Centro de Estudios Judeo-Cristianos de  Madrid<\/p>\n<p align=\"left\">\u00a0<\/p>\n<p align=\"left\"><strong>Documentaci\u00f3n<\/strong><b>&nbsp;<\/b><\/p>\n<p align=\"left\"><b>Discurso de Juan  Pabo II a los miembros del Consejo Central de los Jud\u00edos  (23-6-96)<\/b><\/p>\n<p align=\"left\"><b>Textos le\u00eddos en  el Instituto Cat\u00f3lico de Paris el 25 de marzo de 1997, en el acto de imposici\u00f3n  de la medalla de <i>Juste parmi les nations<\/i>, a t\u00edtulo p\u00f3stumo, al Padre  Th\u00e9omir Devaux, de la Congregaci\u00f3n de Nuestra Se\u00f1ora de Si\u00f3n<\/b><\/p>\n<p align=\"left\"><b>Alocuci\u00f3n de  homenaje dirigida al Papa por el cardenal Etchegaray, Presidente del Comit\u00e9 del  Gran Jubileo del a\u00f1o 2000<\/b><\/p>\n<blockquote>\n","protected":false},"excerpt":{"rendered":"<p>EL OLIVO n\u00ba 45 \u00a0 Enero &#8211; Junio 1997 \u00a0 \u00cdndice \u00a0 El Purim de los Meyuhasim: entre la historia y el folclore &#8211; Alisa Meyuhas Ginio &#8211; Universidad de Tel Aviv&nbsp; El precio de la fe. Fiscalidad y aljamas en Navarra (1089-1350) &#8211; Ferm\u00edn Miranda Garc\u00eda &#8211; Universidad P\u00fablica de Navarra&nbsp; Mesianismo y jasidismo [&hellip;]<\/p>\n","protected":false},"author":1,"featured_media":0,"comment_status":"open","ping_status":"open","sticky":false,"template":"","format":"standard","meta":{"_et_pb_use_builder":"","_et_pb_old_content":"","_et_gb_content_width":"","footnotes":""},"categories":[25],"tags":[],"class_list":["post-49","post","type-post","status-publish","format-standard","hentry","category-revista-qel-olivoq"],"_links":{"self":[{"href":"https:\/\/cejc-madrid.org\/index.php\/wp-json\/wp\/v2\/posts\/49","targetHints":{"allow":["GET"]}}],"collection":[{"href":"https:\/\/cejc-madrid.org\/index.php\/wp-json\/wp\/v2\/posts"}],"about":[{"href":"https:\/\/cejc-madrid.org\/index.php\/wp-json\/wp\/v2\/types\/post"}],"author":[{"embeddable":true,"href":"https:\/\/cejc-madrid.org\/index.php\/wp-json\/wp\/v2\/users\/1"}],"replies":[{"embeddable":true,"href":"https:\/\/cejc-madrid.org\/index.php\/wp-json\/wp\/v2\/comments?post=49"}],"version-history":[{"count":0,"href":"https:\/\/cejc-madrid.org\/index.php\/wp-json\/wp\/v2\/posts\/49\/revisions"}],"wp:attachment":[{"href":"https:\/\/cejc-madrid.org\/index.php\/wp-json\/wp\/v2\/media?parent=49"}],"wp:term":[{"taxonomy":"category","embeddable":true,"href":"https:\/\/cejc-madrid.org\/index.php\/wp-json\/wp\/v2\/categories?post=49"},{"taxonomy":"post_tag","embeddable":true,"href":"https:\/\/cejc-madrid.org\/index.php\/wp-json\/wp\/v2\/tags?post=49"}],"curies":[{"name":"wp","href":"https:\/\/api.w.org\/{rel}","templated":true}]}}