{"id":492,"date":"2014-05-21T15:31:30","date_gmt":"2014-05-21T15:31:30","guid":{"rendered":"https:\/\/upbeat-goodall.82-223-35-84.plesk.page\/index.php\/2014\/05\/21\/embajador-de-israel-ante-la-santa-sede-1\/"},"modified":"2014-05-21T15:31:30","modified_gmt":"2014-05-21T15:31:30","slug":"embajador-de-israel-ante-la-santa-sede-1","status":"publish","type":"post","link":"https:\/\/cejc-madrid.org\/index.php\/2014\/05\/21\/embajador-de-israel-ante-la-santa-sede-1\/","title":{"rendered":"Embajador de Israel ante la Santa Sede"},"content":{"rendered":"<div style=\"text-align: justify;\"><span style=\"font-size: 11pt;\"><img loading=\"lazy\" decoding=\"async\" class=\" alignleft size-full wp-image-491\" style=\"margin-left: 7px; float: left;\" title=\"Cartel del viaje del Papa Francisco\" src=\"https:\/\/cejc-madrid.org\/wp-content\/uploads\/2014\/05\/Foto-Jerusaln-Papa-Francisco.jpg\" alt=\"Cartel del viaje del Papa Francisco\" width=\"313\" height=\"217\" srcset=\"https:\/\/cejc-madrid.org\/wp-content\/uploads\/2014\/05\/Foto-Jerusaln-Papa-Francisco.jpg 410w, https:\/\/cejc-madrid.org\/wp-content\/uploads\/2014\/05\/Foto-Jerusaln-Papa-Francisco-300x208.jpg 300w\" sizes=\"(max-width: 313px) 100vw, 313px\" \/><span style=\"color: #000000;\">Roma.- En los pr\u00f3ximos d\u00edas, el papa Francisco conmemorar\u00e1 el 50 aniversario del hist\u00f3rico abrazo entre Pablo VI y Aten\u00e1goras reuni\u00e9ndose en Tierra Santa con el actual patriarca de Constantinopla, Bartolomeo, pero, inevitablemente, su visita tendr\u00e1 tambi\u00e9n una dimensi\u00f3n pol\u00edtica internacional que levanta pol\u00e9micas en esa regi\u00f3n tan vol\u00e1til del Medio Oriente.<\/span><\/span><\/div>\n<div style=\"text-align: justify;\"><span style=\"font-size: 11pt; color: #000000;\"><span style=\"font-size: 11pt; color: #000000;\">Mientras se celebraba en Roma el Concilio Vaticano II, el 5 de enero de 1964, el papa Pablo VI (a pocos meses de morir su antecesor san Juan XXIII) se dio cita en Jerusal\u00e9n con Aten\u00e1goras, marcando un importante hito en el acercamiento de las iglesias cristianas tan deseado por el recientemente canonizado \u00abPapa bueno\u00bb.<\/span><\/span><br \/>\n<span style=\"font-size: 11pt; color: #000000;\">Hoy en d\u00eda, no s\u00f3lo se ha avanzado mucho en esa direcci\u00f3n del ecumenismo cristiano, sino tambi\u00e9n se han dado pasos fundamentales en el di\u00e1logo interreligioso, principalmente con el juda\u00edsmo y el islam. Precisamente, la visita actual de Francisco contempla una profundizaci\u00f3n de esta tendencia, incluir\u00e1 Jordania, la Autonom\u00eda Palestina e Israel, por lo que no son pocas las tensiones que se generan entre cristianos, jud\u00edos y musulmanes sobre lo que dir\u00e1 o dejar\u00e1 de decir el Pont\u00edfice, las divisiones entre quienes oir\u00e1n sus palaras con la esperanza de que influyan en pro de la paz y quienes lo etiquetar\u00e1n como un enemigo.<\/span><\/div>\n<div style=\"text-align: justify;\"><span style=\"font-size: 11pt; color: #000000;\">El Papa se ha referido muchas veces al conflicto en Siria, por lo que se espera que lo haga esta vez tambi\u00e9n, visitar\u00e1 campos de refugiados palestinos y se reunir\u00e1 con autoridades de las tres religiones monote\u00edstas. Las expectativas, as\u00ed como los recelos, abundan en todos los sectores.<\/span><\/div>\n<div style=\"text-align: justify;\"><span style=\"font-size: 11pt; color: #000000;\">Manifestando que est\u00e1 \u00abencantado\u00bb de escoger a Jerusal\u00e9n para este nuevo encuentro, el embajador de Israel ante la Santa Sede, Zion Evrony, habl\u00f3 ante diplom\u00e1ticos y periodistas en esta capital explicando sus puntos de vista sobre el significado y las expectativas de la visita papal a su pa\u00eds, \u00abque marca un nuevo hito en la historia de las relaciones entre ambos estados, as\u00ed como entre la iglesia cat\u00f3lica y el pueblo jud\u00edo\u00bb.<\/span><\/div>\n<div style=\"text-align: justify;\"><span style=\"font-size: 11pt; color: #000000;\">\u00abHay mucha emoci\u00f3n, todos los israel\u00edes, independientemente de sus creencias religiosas, est\u00e1n esperando al papa Francisco con el coraz\u00f3n abierto y con toda calidez, ser\u00e1 bienvenido como un amigo verdadero del pueblo jud\u00edo y recibir\u00e1 los mayores honores\u00bb, dijo.<\/span><\/div>\n<div style=\"text-align: justify;\"><span style=\"font-size: 11pt; color: #000000;\">Sin embargo, la prensa internacional ha hablado sobre las tensiones que se est\u00e1n generando entre las poblaciones en eterno conflicto, lo que l\u00f3gicamente llev\u00f3 a la diplomacia vaticana a considerar tres sectores por igual, cristianos, jud\u00edos y musulmanes, en los tres estados que visitar\u00e1 Francisco, creando las mismas expectativas y las mismas cr\u00edticas en los tres. Incluso se ha informado de recientes actos vand\u00e1licos en contra de iglesias cristianas en Israel, a lo que el diplom\u00e1tico precis\u00f3: \u00abse trata de unos pocos extremistas que no representan la pol\u00edtica del gobierno, ni los sentimientos de la mayor\u00eda de los israel\u00edes. Fueron condenados por l\u00edderes pol\u00edticos y religiosos, condena a la que me sumo yo. Las fuerzas de seguridad est\u00e1n haciendo esfuerzos para encontrar a los responsables, que ser\u00e1n juzgados y castigados\u00bb.<\/span><\/div>\n<div style=\"text-align: justify;\"><span style=\"font-size: 11pt; color: #000000;\">\u00abLos cristianos en Israel son ciudadanos igualitarios, con plenos derechos y est\u00e1n representados en el Parlamento y en todas las profesiones. Se les garantiza la libertad religiosa y de culto. Es el \u00fanico pa\u00eds del Medio Oriente con una poblaci\u00f3n cristiana en crecimiento (2.000 anuales), de 34.000 que hab\u00eda en 1948 -cuando se fund\u00f3 el Estado de Israel- hoy son 157.000. Es un serio contraste con la&nbsp;con las condiciones de las comunidades cristianas en muchos lugares de la regi\u00f3n, donde son atacadas, perseguidas y viven inseguras\u00bb, agreg\u00f3.<\/span><\/div>\n<div style=\"text-align: justify;\"><span style=\"font-size: 11pt; color: #000000;\">En las dos d\u00e9cadas de relaciones diplom\u00e1ticas entre la Santa Sede y el Estado de Israel ha habido altibajos, pero el di\u00e1logo ha continuado. \u00abEste a\u00f1o ser\u00e1 importante por una serie de razones: la celebraci\u00f3n del 20 aniversario del establecimiento de relaciones, esta visita del papa Francisco a Israel y la posibilidad de completar el Acuerdo Econ\u00f3mico Financiero, que trata de temas de propiedad e impuestos. Este a\u00f1o ser\u00e1 una oportunidad para celebrar y tambi\u00e9n para pensar y planificar juntos el futuro de nuestras relaciones\u00bb, dijo.<\/span><\/div>\n<div style=\"text-align: justify;\"><span style=\"font-size: 11pt; color: #000000;\">En cuanto al \u00ablargamente esperado\u00bb Acuerdo Econ\u00f3mico Financiero que Israel aspira a firmar pronto con la Santa Sede, Evrony explic\u00f3 que a\u00fan se est\u00e1 trabajando para superar algunos obst\u00e1culos, se centra principalmente en definir cu\u00e1les propiedades deben pagar impuestos, porque el Vaticano no s\u00f3lo se ocupa de lugares de culto, sino que tambi\u00e9n gerencia alojamientos de peregrinos, pensiones, hoteles y restaurantes- que hasta ahora no han sido tasados. Este tema tambi\u00e9n ha sido objeto de discusi\u00f3n en Italia por las propiedades vaticanas de actividades remuneradas en territorio italiano.<\/span><\/div>\n<div style=\"text-align: justify;\"><span style=\"font-size: 11pt; color: #000000;\">En el caso de Israel, hay un punto de discusi\u00f3n en torno a la propiedad del Cen\u00e1culo, el lugar donde, seg\u00fan la tradici\u00f3n, se realiz\u00f3 la Ultima Cena de Jesucristo y los ap\u00f3stoles, se trata de un tema muy sensible para los jud\u00edos porque est\u00e1 situado en un complejo arqueol\u00f3gico en el que se encuentra tambi\u00e9n la tumba del rey David y ruinas referentes a Salom\u00f3n, cambi\u00f3 muchas veces de propietario, fue musulmana, incluso hubo alguna vez una mezquita-, cristiana y jud\u00eda. Al respecto el embajador precis\u00f3, aclarando versiones de prensa en su pa\u00eds, que \u00abno hay intenci\u00f3n alguna de transferir al Vaticano la soberan\u00eda o la propiedad de la tumba de David\u00bb.<br \/> Adem\u00e1s del mencionado acuerdo, Evrony considera que los desaf\u00edos para afrontar en el futuro son: \u00abprofundizar las relaciones y comenzar un di\u00e1logo pol\u00edtico m\u00e1s significativo y amplio sobre temas de inter\u00e9s com\u00fan, como el destino de las minor\u00edas en Medio Oriente, el auge del Islam radical, y Siria;&nbsp; lograr una mayor cooperaci\u00f3n en la lucha contra el antisemitismo creando un programa universal de educaci\u00f3n realista, apoyado no solo por la Iglesia cat\u00f3lica sino por la comunidades jud\u00edas, pero tambi\u00e9n por la red de embajadas de Israel y la Santa Sede alrededor del mundo, centr\u00e1ndolo en tres aspectos: el esp\u00edritu y mensaje de Nostra Aetate, la importancia singular del Estado de Israel en la identidad jud\u00eda y el Israel moderno, m\u00e1s all\u00e1 de los Sitios sagrados\u00bb.<br \/> \u00abLas palabras fuertes del papa Francisco contra el antisemitismo, -a causa de nuestras ra\u00edces comunes, un cristiano no puede ser antisemita- deben ser expandidas a los lugares m\u00e1s lejanos del mundo. Tambi\u00e9n es importante educar a los jud\u00edos en la nueva actitud de la iglesia cat\u00f3lica hacia el juda\u00edsmo\u00bb, concluy\u00f3.<\/span><\/div>\n<div style=\"text-align: justify;\"><span style=\"font-size: 11pt;\"><span style=\"color: #000000;\"><span class=\"autor\"><span style=\"font-size: 11pt; border: 1pt none windowtext; padding: 0cm;\">ELIANA LOZA SCHIANO<\/span><\/span><span style=\"font-size: 11pt;\">&nbsp;|&nbsp;<span class=\"hora\"><span style=\"border: 1pt none windowtext; padding: 0cm;\">20\/05\/14<\/span><\/span><\/span> Fuente Latina<\/span><br \/><\/span><\/div>\n","protected":false},"excerpt":{"rendered":"<div style=\"text-align: justify;\"><span style=\"font-size: 11pt;\"><img loading=\"lazy\" decoding=\"async\" class=\" alignleft size-full wp-image-491\" style=\"margin-left: 7px; float: left;\" title=\"Cartel del viaje del Papa Francisco\" src=\"https:\/\/cejc-madrid.org\/wp-content\/uploads\/2014\/05\/Foto-Jerusaln-Papa-Francisco.jpg\" alt=\"Cartel del viaje del Papa Francisco\" width=\"313\" height=\"217\" srcset=\"https:\/\/cejc-madrid.org\/wp-content\/uploads\/2014\/05\/Foto-Jerusaln-Papa-Francisco.jpg 410w, https:\/\/cejc-madrid.org\/wp-content\/uploads\/2014\/05\/Foto-Jerusaln-Papa-Francisco-300x208.jpg 300w\" sizes=\"(max-width: 313px) 100vw, 313px\" \/><span style=\"color: #000000;\">Roma.- En los pr\u00f3ximos d\u00edas, el papa Francisco conmemorar\u00e1 el 50 aniversario del hist\u00f3rico abrazo entre Pablo VI y Aten\u00e1goras reuni\u00e9ndose en Tierra Santa con el actual patriarca de Constantinopla, Bartolomeo, pero, inevitablemente, su visita tendr\u00e1 tambi\u00e9n una dimensi\u00f3n pol\u00edtica internacional que levanta pol\u00e9micas en esa regi\u00f3n tan vol\u00e1til del Medio Oriente.<\/span><\/span><\/div>\n<div style=\"text-align: justify;\"><span style=\"font-size: 11pt; color: #000000;\"><span style=\"font-size: 11pt; color: #000000;\">Mientras se celebraba en Roma el Concilio Vaticano II, el 5 de enero de 1964, el papa Pablo VI (a pocos meses de morir su antecesor san Juan XXIII) se dio cita en Jerusal\u00e9n con Aten\u00e1goras, marcando un importante hito en el acercamiento de las iglesias cristianas tan deseado por el recientemente canonizado \u00abPapa bueno\u00bb.<\/span><\/span><\/p>\n","protected":false},"author":1,"featured_media":491,"comment_status":"open","ping_status":"open","sticky":false,"template":"","format":"standard","meta":{"_et_pb_use_builder":"","_et_pb_old_content":"","_et_gb_content_width":"","footnotes":""},"categories":[1],"tags":[],"class_list":["post-492","post","type-post","status-publish","format-standard","has-post-thumbnail","hentry","category-uncategorized"],"_links":{"self":[{"href":"https:\/\/cejc-madrid.org\/index.php\/wp-json\/wp\/v2\/posts\/492","targetHints":{"allow":["GET"]}}],"collection":[{"href":"https:\/\/cejc-madrid.org\/index.php\/wp-json\/wp\/v2\/posts"}],"about":[{"href":"https:\/\/cejc-madrid.org\/index.php\/wp-json\/wp\/v2\/types\/post"}],"author":[{"embeddable":true,"href":"https:\/\/cejc-madrid.org\/index.php\/wp-json\/wp\/v2\/users\/1"}],"replies":[{"embeddable":true,"href":"https:\/\/cejc-madrid.org\/index.php\/wp-json\/wp\/v2\/comments?post=492"}],"version-history":[{"count":0,"href":"https:\/\/cejc-madrid.org\/index.php\/wp-json\/wp\/v2\/posts\/492\/revisions"}],"wp:featuredmedia":[{"embeddable":true,"href":"https:\/\/cejc-madrid.org\/index.php\/wp-json\/wp\/v2\/media\/491"}],"wp:attachment":[{"href":"https:\/\/cejc-madrid.org\/index.php\/wp-json\/wp\/v2\/media?parent=492"}],"wp:term":[{"taxonomy":"category","embeddable":true,"href":"https:\/\/cejc-madrid.org\/index.php\/wp-json\/wp\/v2\/categories?post=492"},{"taxonomy":"post_tag","embeddable":true,"href":"https:\/\/cejc-madrid.org\/index.php\/wp-json\/wp\/v2\/tags?post=492"}],"curies":[{"name":"wp","href":"https:\/\/api.w.org\/{rel}","templated":true}]}}