{"id":493,"date":"2014-05-26T16:07:58","date_gmt":"2014-05-26T16:07:58","guid":{"rendered":"https:\/\/upbeat-goodall.82-223-35-84.plesk.page\/index.php\/2014\/05\/26\/discurso-papa-francisco-a-los-rabinos-de-israel-1\/"},"modified":"2014-05-26T16:07:58","modified_gmt":"2014-05-26T16:07:58","slug":"discurso-papa-francisco-a-los-rabinos-de-israel-1","status":"publish","type":"post","link":"https:\/\/cejc-madrid.org\/index.php\/2014\/05\/26\/discurso-papa-francisco-a-los-rabinos-de-israel-1\/","title":{"rendered":"Discurso Papa Francisco a los Rabinos de Israel"},"content":{"rendered":"<div><strong><span style=\"font-family: 'Times New Roman','serif'; color: #282828;\">Discurso del Papa Francisco a los Grandes Rabinos de Israel<\/span><\/strong><\/div>\n<div><span style=\"font-family: 'Times New Roman','serif'; color: #282828;\">26 de mayo 2014<\/span><\/div>\n<div><span style=\"font-family: 'Times New Roman','serif'; color: #282828;\">En el Centro Hechal Shlomo, sede del gran Rabinato de Israel, al lado mismo de la Gran Sinagoga, el Papa Francisco hizo una visita de cortes\u00eda a los dos grandes rabinos de Israel: el gran rabino Askenazi, David Lau y el gran rabino, Sefardita, Yitzhak Yosef<\/span><\/div>\n<div><span style=\"font-family: 'Times New Roman','serif'; color: #282828;\"><span style=\"font-family: 'Times New Roman','serif'; color: #282828;\">Estimados Grandes Rabinos de Israel,<br \/> <img loading=\"lazy\" decoding=\"async\" class=\" alignleft size-full wp-image-239\" style=\"margin-right: 4px; margin-bottom: 4px; margin-left: 7px; float: left;\" title=\"Papa Francisco con los dos Grandes Rabinos de Israel\" src=\"https:\/\/cejc-madrid.org\/wp-content\/uploads\/2014\/05\/Papa-Francisco-y-los-dos-rabinos.jpg\" alt=\"Papa Francisco con los dos Grandes Rabinos de Israel\" width=\"379\" height=\"213\" \/>Queridos hermanos y hermanas:<br \/> Me alegra enormemente poder estar hoy con Ustedes: les agradezco su calurosa acogida y las atentas palabras de bienvenida que me han dirigido.<br \/> Como saben, desde que era Arzobispo de Buenos Aires, he podido contar con la amistad de muchos hermanos jud\u00edos. Hoy est\u00e1n aqu\u00ed dos Rabinos amigos. Juntos organizamos provechosas iniciativas de encuentro y di\u00e1logo, y con ellos viv\u00ed tambi\u00e9n momentos significativos de intercambio en el plano espiritual. En los primeros meses de pontificado tuve la ocasi\u00f3n de recibir a diversas organizaciones y representantes del Juda\u00edsmo mundial. Estas peticiones de encuentro son numerosas, como ya suced\u00eda con mis predecesores. Y, sumadas a las m\u00faltiples iniciativas que se desarrollan a escala nacional o local, manifiestan el deseo rec\u00edproco de conocernos mejor, de escucharnos, de construir lazos de aut\u00e9ntica fraternidad.<\/span><\/span><br \/>\n<span style=\"font-family: 'Times New Roman','serif'; color: #282828;\"><br \/> Este camino de amistad representa uno de los frutos del Concilio Vaticano II, en particular de la Declaraci\u00f3n Nostra aetate, que tanta importancia ha tenido y cuyo 50\u00ba aniversario recordaremos el pr\u00f3ximo a\u00f1o. En realidad, estoy convencido de que cuanto ha sucedido en los \u00faltimos decenios en las relaciones entre jud\u00edos y cat\u00f3licos ha sido un aut\u00e9ntico don de Dios, una de las maravillas que \u00c9l ha realizado, y por las cuales estamos llamados a bendecir su nombre: \u201cDen gracias al Se\u00f1or de los Se\u00f1ores, \/porque es eterna su misericordia. \/ S\u00f3lo \u00e9l hizo grandes maravillas, \/ porque es eterna su misericordia\u201d (Sal 136,3-4).<br \/> <img loading=\"lazy\" decoding=\"async\" class=\" alignleft size-full wp-image-240\" style=\"margin: 4px; float: left;\" title=\"Discurso ante los Rabinos\" src=\"https:\/\/cejc-madrid.org\/wp-content\/uploads\/2014\/05\/Francisco-discurso-ante-los-rabinos.png\" alt=\"Discurso ante los Rabinos\" width=\"315\" height=\"213\" \/>Un don de Dios, que, sin embargo, no hubiera podido manifestarse sin el esfuerzo de much\u00edsimas personas entusiastas y generosas, tanto jud\u00edos como cristianos. En especial, quisiera hacer menci\u00f3n aqu\u00ed de la importancia que ha adquirido el di\u00e1logo entre el Gran Rabinato de Israel y la Comisi\u00f3n de la Santa Sede para las relaciones religiosas con el Juda\u00edsmo. Un di\u00e1logo que, inspirado por la visita del santo Papa Juan Pablo II a Tierra Santa, comenz\u00f3 en 2002 y hoy ya lleva doce a\u00f1os de recorrido. Me gustar\u00eda pensar que, como el Bar Mitzvah de la tradici\u00f3n jud\u00eda, est\u00e1 ya pr\u00f3ximo a la edad adulta: conf\u00edo en que pueda continuar y tenga un futuro luminoso por delante.<br \/> No se trata solamente de establecer, en un plano humano, relaciones de respeto rec\u00edproco: estamos llamados, como cristianos y como jud\u00edos, a profundizar en el significado espiritual del v\u00ednculo que nos une. Se trata de un v\u00ednculo que viene de lo alto, que sobrepasa nuestra voluntad y que mantiene su integridad, a pesar de las dificultades en las relaciones experimentadas en la historia.<br \/> Por parte cat\u00f3lica, ciertamente tenemos la intenci\u00f3n de valorar plenamente el sentido de las ra\u00edces jud\u00edas de nuestra fe. Conf\u00edo, con su ayuda, que tambi\u00e9n por parte jud\u00eda se mantenga y, si es posible, aumente el inter\u00e9s por el conocimiento del cristianismo, tambi\u00e9n en esta bendita tierra en la que reconoce sus or\u00edgenes y especialmente entre las j\u00f3venes generaciones.<br \/> El conocimiento rec\u00edproco de nuestro patrimonio espiritual, la valoraci\u00f3n de lo que tenemos en com\u00fan y el respeto en lo que nos separa, podr\u00e1n marcar la pauta para el futuro desarrollo de nuestras relaciones, que ponemos en las manos de Dios. Juntos podremos dar un gran impulso a la causa de la paz; juntos podremos dar testimonio, en un mundo en r\u00e1pida transformaci\u00f3n, del significado perenne del plan divino de la creaci\u00f3n; juntos podremos afrontar con firmeza toda forma de antisemitismo y cualquier otra forma de discriminaci\u00f3n. El Se\u00f1or nos ayude a avanzar con confianza y fortaleza de \u00e1nimo en sus caminos. \u00a1Shalom!<\/p>\n<p> <\/span><\/div>\n","protected":false},"excerpt":{"rendered":"<div><strong><span style=\"font-family: 'Times New Roman','serif'; color: #282828;\">Discurso del Papa Francisco a los Grandes Rabinos de Israel<\/span><\/strong><\/div>\n<div><span style=\"font-family: 'Times New Roman','serif'; color: #282828;\">26 de mayo 2014<\/span><\/div>\n<div><span style=\"font-family: 'Times New Roman','serif'; color: #282828;\">En el Centro Hechal Shlomo, sede del gran Rabinato de Israel, al lado mismo de la Gran Sinagoga, el Papa Francisco hizo una visita de cortes\u00eda a los dos grandes rabinos de Israel: el gran rabino Askenazi, David Lau y el gran rabino, Sefardita, Yitzhak Yosef<\/span><\/div>\n<div><span style=\"font-family: 'Times New Roman','serif'; color: #282828;\"><span style=\"font-family: 'Times New Roman','serif'; color: #282828;\">Estimados Grandes Rabinos de Israel,<br \/> <img loading=\"lazy\" decoding=\"async\" class=\" alignleft size-full wp-image-239\" style=\"margin-right: 4px; margin-bottom: 4px; margin-left: 7px; float: left;\" title=\"Papa Francisco con los dos Grandes Rabinos de Israel\" src=\"https:\/\/cejc-madrid.org\/wp-content\/uploads\/2014\/05\/Papa-Francisco-y-los-dos-rabinos.jpg\" alt=\"Papa Francisco con los dos Grandes Rabinos de Israel\" width=\"379\" height=\"213\" \/>Queridos hermanos y hermanas:<br \/> Me alegra enormemente poder estar hoy con Ustedes: les agradezco su calurosa acogida y las atentas palabras de bienvenida que me han dirigido.<br \/> Como saben, desde que era Arzobispo de Buenos Aires, he podido contar con la amistad de muchos hermanos jud\u00edos. Hoy est\u00e1n aqu\u00ed dos Rabinos amigos. Juntos organizamos provechosas iniciativas de encuentro y di\u00e1logo, y con ellos viv\u00ed tambi\u00e9n momentos significativos de intercambio en el plano espiritual. En los primeros meses de pontificado tuve la ocasi\u00f3n de recibir a diversas organizaciones y representantes del Juda\u00edsmo mundial. Estas peticiones de encuentro son numerosas, como ya suced\u00eda con mis predecesores. Y, sumadas a las m\u00faltiples iniciativas que se desarrollan a escala nacional o local, manifiestan el deseo rec\u00edproco de conocernos mejor, de escucharnos, de construir lazos de aut\u00e9ntica fraternidad.<\/span><\/span><\/p>\n","protected":false},"author":1,"featured_media":239,"comment_status":"open","ping_status":"open","sticky":false,"template":"","format":"standard","meta":{"_et_pb_use_builder":"","_et_pb_old_content":"","_et_gb_content_width":"","footnotes":""},"categories":[1],"tags":[],"class_list":["post-493","post","type-post","status-publish","format-standard","has-post-thumbnail","hentry","category-uncategorized"],"_links":{"self":[{"href":"https:\/\/cejc-madrid.org\/index.php\/wp-json\/wp\/v2\/posts\/493","targetHints":{"allow":["GET"]}}],"collection":[{"href":"https:\/\/cejc-madrid.org\/index.php\/wp-json\/wp\/v2\/posts"}],"about":[{"href":"https:\/\/cejc-madrid.org\/index.php\/wp-json\/wp\/v2\/types\/post"}],"author":[{"embeddable":true,"href":"https:\/\/cejc-madrid.org\/index.php\/wp-json\/wp\/v2\/users\/1"}],"replies":[{"embeddable":true,"href":"https:\/\/cejc-madrid.org\/index.php\/wp-json\/wp\/v2\/comments?post=493"}],"version-history":[{"count":0,"href":"https:\/\/cejc-madrid.org\/index.php\/wp-json\/wp\/v2\/posts\/493\/revisions"}],"wp:featuredmedia":[{"embeddable":true,"href":"https:\/\/cejc-madrid.org\/index.php\/wp-json\/wp\/v2\/media\/239"}],"wp:attachment":[{"href":"https:\/\/cejc-madrid.org\/index.php\/wp-json\/wp\/v2\/media?parent=493"}],"wp:term":[{"taxonomy":"category","embeddable":true,"href":"https:\/\/cejc-madrid.org\/index.php\/wp-json\/wp\/v2\/categories?post=493"},{"taxonomy":"post_tag","embeddable":true,"href":"https:\/\/cejc-madrid.org\/index.php\/wp-json\/wp\/v2\/tags?post=493"}],"curies":[{"name":"wp","href":"https:\/\/api.w.org\/{rel}","templated":true}]}}