{"id":495,"date":"2014-05-29T09:07:07","date_gmt":"2014-05-29T09:07:07","guid":{"rendered":"https:\/\/upbeat-goodall.82-223-35-84.plesk.page\/index.php\/2014\/05\/29\/papa-francisco-en-el-muro-occidental-1\/"},"modified":"2014-05-29T09:07:07","modified_gmt":"2014-05-29T09:07:07","slug":"papa-francisco-en-el-muro-occidental-1","status":"publish","type":"post","link":"https:\/\/cejc-madrid.org\/index.php\/2014\/05\/29\/papa-francisco-en-el-muro-occidental-1\/","title":{"rendered":"Papa Francisco en el Muro Occidental"},"content":{"rendered":"<p style=\"text-align: center;\"><strong><span style=\"font-family: 'Times New Roman','serif'; color: #282828;\">EL PAPA FRANCISCO EN EL MURO OCCIDENTAL<\/span><\/strong><\/p>\n<p>&nbsp;<span style=\"font-size: 11pt; font-family: 'Times New Roman','serif'; color: #282828;\"><img loading=\"lazy\" decoding=\"async\" class=\" alignleft size-full wp-image-245\" style=\"margin-right: 4px; margin-bottom: 2px; margin-left: 2px; float: left;\" title=\"Papa Francisco en el Muro Occidental\" src=\"https:\/\/cejc-madrid.org\/wp-content\/uploads\/2014\/05\/el-papa-francisco-en-Muro-con-Rabino.jpg\" alt=\"Papa Francisco en el Muro Occidental\" width=\"311\" height=\"208\" \/><img loading=\"lazy\" decoding=\"async\" class=\" size-full wp-image-246\" title=\"Papa Francisco en el Muro Occidental-2\" src=\"https:\/\/cejc-madrid.org\/wp-content\/uploads\/2014\/05\/el-papa-180-26-05-14.jpg\" alt=\"Papa Francisco en el Muro Occidental-2\" width=\"345\" height=\"191\" srcset=\"https:\/\/cejc-madrid.org\/wp-content\/uploads\/2014\/05\/el-papa-180-26-05-14.jpg 320w, https:\/\/cejc-madrid.org\/wp-content\/uploads\/2014\/05\/el-papa-180-26-05-14-300x166.jpg 300w\" sizes=\"(max-width: 345px) 100vw, 345px\" \/><\/span><\/p>\n<p>&nbsp;<span style=\"font-size: 11pt; font-family: 'Times New Roman','serif'; color: #282828;\">\u00abQuisiera con mucha humildad, decir que el terrorismo, es malo. Es malo en su origen y es malo en sus resultados. Es malo porque nace del odio. Es malo en sus resultados porque no construye, destruye. En nuestros pueblos comprendan que el camino del terrorismo no ayuda. El camino del terrorismo es fundamentalmente criminal. Por eso por todas esas v\u00edctimas, y por todas las v\u00edctimas del terrorismo en el mundo, por favor nunca m\u00e1s terrorismo, es una calle sin salida\u00bb<\/span><\/p>\n<p>&nbsp;<\/p>\n","protected":false},"excerpt":{"rendered":"<p>EL PAPA FRANCISCO EN EL MURO OCCIDENTAL &nbsp; &nbsp;\u00abQuisiera con mucha humildad, decir que el terrorismo, es malo. Es malo en su origen y es malo en sus resultados. Es malo porque nace del odio. Es malo en sus resultados porque no construye, destruye. En nuestros pueblos comprendan que el camino del terrorismo no ayuda. [&hellip;]<\/p>\n","protected":false},"author":1,"featured_media":245,"comment_status":"open","ping_status":"open","sticky":false,"template":"","format":"standard","meta":{"_et_pb_use_builder":"","_et_pb_old_content":"","_et_gb_content_width":"","footnotes":""},"categories":[1],"tags":[],"class_list":["post-495","post","type-post","status-publish","format-standard","has-post-thumbnail","hentry","category-uncategorized"],"_links":{"self":[{"href":"https:\/\/cejc-madrid.org\/index.php\/wp-json\/wp\/v2\/posts\/495","targetHints":{"allow":["GET"]}}],"collection":[{"href":"https:\/\/cejc-madrid.org\/index.php\/wp-json\/wp\/v2\/posts"}],"about":[{"href":"https:\/\/cejc-madrid.org\/index.php\/wp-json\/wp\/v2\/types\/post"}],"author":[{"embeddable":true,"href":"https:\/\/cejc-madrid.org\/index.php\/wp-json\/wp\/v2\/users\/1"}],"replies":[{"embeddable":true,"href":"https:\/\/cejc-madrid.org\/index.php\/wp-json\/wp\/v2\/comments?post=495"}],"version-history":[{"count":0,"href":"https:\/\/cejc-madrid.org\/index.php\/wp-json\/wp\/v2\/posts\/495\/revisions"}],"wp:featuredmedia":[{"embeddable":true,"href":"https:\/\/cejc-madrid.org\/index.php\/wp-json\/wp\/v2\/media\/245"}],"wp:attachment":[{"href":"https:\/\/cejc-madrid.org\/index.php\/wp-json\/wp\/v2\/media?parent=495"}],"wp:term":[{"taxonomy":"category","embeddable":true,"href":"https:\/\/cejc-madrid.org\/index.php\/wp-json\/wp\/v2\/categories?post=495"},{"taxonomy":"post_tag","embeddable":true,"href":"https:\/\/cejc-madrid.org\/index.php\/wp-json\/wp\/v2\/tags?post=495"}],"curies":[{"name":"wp","href":"https:\/\/api.w.org\/{rel}","templated":true}]}}