{"id":496,"date":"2014-05-30T07:33:57","date_gmt":"2014-05-30T07:33:57","guid":{"rendered":"https:\/\/upbeat-goodall.82-223-35-84.plesk.page\/index.php\/2014\/05\/30\/discurso-en-honor-del-papa-francisco-muro-occidental-1\/"},"modified":"2014-05-30T07:33:57","modified_gmt":"2014-05-30T07:33:57","slug":"discurso-en-honor-del-papa-francisco-muro-occidental-1","status":"publish","type":"post","link":"https:\/\/cejc-madrid.org\/index.php\/2014\/05\/30\/discurso-en-honor-del-papa-francisco-muro-occidental-1\/","title":{"rendered":"Discurso en honor del Papa Francisco &#8211; Muro Occidental"},"content":{"rendered":"<div style=\"margin-bottom: 0.0001pt; text-align: center; line-height: normal;\" dir=\"RTL\" align=\"center\"><strong><span style=\"color: #000000;\" dir=\"LTR\"><span style=\"font-size: 11pt; line-height: 115%;\">Discurso en honor del Papa Francisco en su visita al Muro Occidental<\/span><\/span><\/strong><\/div>\n<div style=\"margin-bottom: 0.0001pt; text-align: center; line-height: normal;\" dir=\"RTL\" align=\"center\"><span dir=\"LTR\">26 Iyar, 5774 \u2013 26 de mayo de 2014<\/span><\/div>\n<div style=\"margin-bottom: 0.0001pt; text-align: left; line-height: normal;\" dir=\"RTL\" align=\"right\"><span dir=\"LTR\">Distinguido visitante, Papa Francisco<\/span><\/div>\n<div style=\"margin-bottom: 0.0001pt; text-align: left; line-height: normal;\" dir=\"RTL\" align=\"right\"><span dir=\"LTR\">Bienvenido a la Ciudad Santa, Jerusal\u00e9n.<\/span><\/div>\n<div style=\"margin-bottom: 0.0001pt; text-align: left; line-height: normal;\" dir=\"RTL\" align=\"right\"><span dir=\"LTR\">El Rey David, el agradable cantante de Israel, escribi\u00f3 en el libro de los Salmos: \u00abCuando el Se\u00f1or retorne a los repatriados a Si\u00f3n, seremos como los so\u00f1adores\u00bb. La Jerusal\u00e9n a la que ha llegado, Su Santidad, no es s\u00f3lo la Jerusal\u00e9n realista. Tambi\u00e9n es la Jerusal\u00e9n de los sue\u00f1os; los sue\u00f1os de millones de jud\u00edos exiliados durante dos mil a\u00f1os. Jerusal\u00e9n es el sue\u00f1o cumplido, y seguimos caminando en ella como so\u00f1adores.<\/span><\/div>\n<div style=\"margin-bottom: 0.0001pt; text-align: left; line-height: normal;\" dir=\"RTL\" align=\"right\"><span dir=\"LTR\">Hay un famoso grabado sobre el arco de triunfo que Tito construy\u00f3 en Roma, en honor de su victoria sobre la naci\u00f3n jud\u00eda y la destrucci\u00f3n del Templo de Jerusal\u00e9n. El grabado representa a los jud\u00edos cautivos que llevaban al exilio los tesoros robados del Templo. La verdad es que Tito logr\u00f3 saquear la Menor\u00e1 y los utensilios del <span style=\"color: #1f497d;\">T<\/span>emplo, pero la luz de la fe y la esperanza de volver a la tierra de nuestros antepasados \u200b\u200b\u2013 no la logr\u00f3 extinguir.<\/span><\/div>\n<div style=\"margin-bottom: 0.0001pt; text-align: left; line-height: normal;\" dir=\"RTL\" align=\"right\"><span dir=\"LTR\"><span dir=\"LTR\">Hemos recorrido un largo camino de regreso a casa. Recorriendo las cuatro esquinas de la Tierra. Durante dos mil a\u00f1os hemos sufrido el desprecio, tenido nuestra parte de dolor, pero cada d\u00eda hemos orado y cre\u00eddo \u00abEl pr\u00f3ximo a\u00f1o en Jerusal\u00e9n\u00bb. Tuvimos el privilegio,&nbsp; y en los \u00faltimos siglos, volvimos a la tierra, y se restableci\u00f3 el reino de Israel. Y una vez m\u00e1s somos due\u00f1os de nuestro destino y podemos cumplir con el objetivo y el reto diario \u00bb Y vosotros ser\u00e9is para m\u00ed un reino de pr\u00edncipes y una naci\u00f3n santa\u00bb.<\/span><\/span><br \/>\n<span dir=\"LTR\"><\/span><\/div>\n<div style=\"margin-bottom: 0.0001pt; text-align: left; line-height: normal;\" dir=\"RTL\" align=\"right\"><span dir=\"LTR\">Distinguidos invitados,<\/span><\/div>\n<div style=\"margin-bottom: 0.0001pt; text-align: left; line-height: normal;\" dir=\"RTL\" align=\"right\"><span dir=\"LTR\">La naci\u00f3n de Israel que se encuentra en Jerusal\u00e9n es la m\u00e1xima prueba del poder de la fe para cambiar la realidad. La fe es lo que trajo Najm\u00e1nides, rabino Moses ben Nahman, de Espa\u00f1a a Jerusal\u00e9n con el fin de restablecer el asentamiento jud\u00edo hace cuatrocientos a\u00f1os. La fe es lo que trajo el rabino Yehuda Hassid y sus estudiantes al emigrar a Israel desde Polonia hace doscientos a\u00f1os y crear su casa en Jerusal\u00e9n. La fe es lo que faculta a Tierra de Israel y a Jerusal\u00e9n.<\/span><\/div>\n<div style=\"margin-bottom: 0.0001pt; text-align: left; line-height: normal;\" dir=\"RTL\" align=\"right\"><span dir=\"LTR\">La Jerusal\u00e9n reconstruida es un milagro que tuvo lugar por la fuerza de la fe. \u00a1Bendito el que hizo por nosotros un milagro en este lugar!<\/span><\/div>\n<div style=\"margin-bottom: 0.0001pt; text-align: left; line-height: normal;\" dir=\"RTL\" align=\"right\"><span dir=\"LTR\">Creemos que el pueblo jud\u00edo tiene un papel especial en este mundo. Incluso durante los a\u00f1os m\u00e1s dif\u00edciles, cuando el antisemitismo nos persigui\u00f3 y nos gan\u00f3 sin piedad por todo el mundo, seguimos creyendo en los antiguos versos \u00bb sois hijos del Se\u00f1or tu Di<span style=\"color: #1f497d;\">&#8211;<\/span>s\u00bb. No por orgullo, sino por un profundo sentido de misi\u00f3n y un deseo de reparar el mundo en el Reino de Di<span style=\"color: #1f497d;\">&#8211;<\/span>s. De hecho, la contribuci\u00f3n de la naci\u00f3n jud\u00eda a la historia del mundo es inconmensurablemente mayor que sus n\u00fameros relativos de poblaci\u00f3n.<\/span><\/div>\n<div style=\"margin-bottom: 0.0001pt; text-align: left; line-height: normal;\" dir=\"RTL\" align=\"right\"><span dir=\"LTR\">Distinguidos invitados,<\/span><\/div>\n<div style=\"margin-bottom: 0.0001pt; text-align: left; line-height: normal;\" dir=\"RTL\" align=\"right\"><span dir=\"LTR\">Jerusal\u00e9n es el lugar donde debemos estar por encima de toda disputa.<\/span><\/div>\n<div style=\"margin-bottom: 0.0001pt; text-align: left; line-height: normal;\" dir=\"RTL\" align=\"right\"><span dir=\"LTR\">Jerusal\u00e9n es el lugar donde hay que levantar la mirada al cielo y bajar nuestros corazones con humildad.<\/span><\/div>\n<div style=\"margin-bottom: 0.0001pt; text-align: left; line-height: normal;\" dir=\"RTL\" align=\"right\"><span dir=\"LTR\">Durante demasiados a\u00f1os, la fe estaba en la ra\u00edz de los conflictos, el odio y el dolor en todo el mundo. Desde aqu\u00ed, desde este lugar, que es sagrado para usted, para m\u00ed, y para muchos millones m\u00e1s en todo el mundo, <span style=\"color: #1f497d;\">deseo<\/span> dirigirme &#8211; junto con usted &#8211; a los fieles de todas las religiones, para transmitirles desde Jerusal\u00e9n una bendici\u00f3n de Shalom &#8211; la paz.<\/span><\/div>\n<div style=\"margin-bottom: 0.0001pt; text-align: left; line-height: normal;\" dir=\"RTL\" align=\"right\"><span dir=\"LTR\">Porque de Si\u00f3n saldr\u00e1 la Tor\u00e1 y la palabra de Di<span style=\"color: #1f497d;\">-s<\/span> de Jerusal\u00e9n.<\/span><\/div>\n<div style=\"margin-bottom: 0.0001pt; line-height: normal;\" dir=\"RTL\"><span dir=\"LTR\">En nombre de todos nosotros, voy a recitar el Libro de los Salmos, cap\u00edtulo 121<\/span><\/div>\n","protected":false},"excerpt":{"rendered":"<div style=\"margin-bottom: 0.0001pt; text-align: center; line-height: normal;\" dir=\"RTL\" align=\"center\"><strong><span style=\"color: #000000;\" dir=\"LTR\"><span style=\"font-size: 11pt; line-height: 115%;\">Discurso en honor del Papa Francisco en su visita al Muro Occidental<\/span><\/span><\/strong><\/div>\n<div style=\"margin-bottom: 0.0001pt; text-align: center; line-height: normal;\" dir=\"RTL\" align=\"center\"><span dir=\"LTR\">26 Iyar, 5774 \u2013 26 de mayo de 2014<\/span><\/div>\n<div style=\"margin-bottom: 0.0001pt; text-align: left; line-height: normal;\" dir=\"RTL\" align=\"right\"><span dir=\"LTR\">Distinguido visitante, Papa Francisco<\/span><\/div>\n<div style=\"margin-bottom: 0.0001pt; text-align: left; line-height: normal;\" dir=\"RTL\" align=\"right\"><span dir=\"LTR\">Bienvenido a la Ciudad Santa, Jerusal\u00e9n.<\/span><\/div>\n<div style=\"margin-bottom: 0.0001pt; text-align: left; line-height: normal;\" dir=\"RTL\" align=\"right\"><span dir=\"LTR\">El Rey David, el agradable cantante de Israel, escribi\u00f3 en el libro de los Salmos: \u00abCuando el Se\u00f1or retorne a los repatriados a Si\u00f3n, seremos como los so\u00f1adores\u00bb. La Jerusal\u00e9n a la que ha llegado, Su Santidad, no es s\u00f3lo la Jerusal\u00e9n realista. Tambi\u00e9n es la Jerusal\u00e9n de los sue\u00f1os; los sue\u00f1os de millones de jud\u00edos exiliados durante dos mil a\u00f1os. Jerusal\u00e9n es el sue\u00f1o cumplido, y seguimos caminando en ella como so\u00f1adores.<\/span><\/div>\n<div style=\"margin-bottom: 0.0001pt; text-align: left; line-height: normal;\" dir=\"RTL\" align=\"right\"><span dir=\"LTR\">Hay un famoso grabado sobre el arco de triunfo que Tito construy\u00f3 en Roma, en honor de su victoria sobre la naci\u00f3n jud\u00eda y la destrucci\u00f3n del Templo de Jerusal\u00e9n. El grabado representa a los jud\u00edos cautivos que llevaban al exilio los tesoros robados del Templo. La verdad es que Tito logr\u00f3 saquear la Menor\u00e1 y los utensilios del <span style=\"color: #1f497d;\">T<\/span>emplo, pero la luz de la fe y la esperanza de volver a la tierra de nuestros antepasados \u200b\u200b\u2013 no la logr\u00f3 extinguir.<\/span><\/div>\n<div style=\"margin-bottom: 0.0001pt; text-align: left; line-height: normal;\" dir=\"RTL\" align=\"right\"><span dir=\"LTR\"><span dir=\"LTR\">Hemos recorrido un largo camino de regreso a casa. Recorriendo las cuatro esquinas de la Tierra. Durante dos mil a\u00f1os hemos sufrido el desprecio, tenido nuestra parte de dolor, pero cada d\u00eda hemos orado y cre\u00eddo \u00abEl pr\u00f3ximo a\u00f1o en Jerusal\u00e9n\u00bb. Tuvimos el privilegio,&nbsp; y en los \u00faltimos siglos, volvimos a la tierra, y se restableci\u00f3 el reino de Israel. Y una vez m\u00e1s somos due\u00f1os de nuestro destino y podemos cumplir con el objetivo y el reto diario \u00bb Y vosotros ser\u00e9is para m\u00ed un reino de pr\u00edncipes y una naci\u00f3n santa\u00bb.<\/span><\/span><\/p>\n","protected":false},"author":1,"featured_media":0,"comment_status":"open","ping_status":"open","sticky":false,"template":"","format":"standard","meta":{"_et_pb_use_builder":"","_et_pb_old_content":"","_et_gb_content_width":"","footnotes":""},"categories":[1],"tags":[],"class_list":["post-496","post","type-post","status-publish","format-standard","hentry","category-uncategorized"],"_links":{"self":[{"href":"https:\/\/cejc-madrid.org\/index.php\/wp-json\/wp\/v2\/posts\/496","targetHints":{"allow":["GET"]}}],"collection":[{"href":"https:\/\/cejc-madrid.org\/index.php\/wp-json\/wp\/v2\/posts"}],"about":[{"href":"https:\/\/cejc-madrid.org\/index.php\/wp-json\/wp\/v2\/types\/post"}],"author":[{"embeddable":true,"href":"https:\/\/cejc-madrid.org\/index.php\/wp-json\/wp\/v2\/users\/1"}],"replies":[{"embeddable":true,"href":"https:\/\/cejc-madrid.org\/index.php\/wp-json\/wp\/v2\/comments?post=496"}],"version-history":[{"count":0,"href":"https:\/\/cejc-madrid.org\/index.php\/wp-json\/wp\/v2\/posts\/496\/revisions"}],"wp:attachment":[{"href":"https:\/\/cejc-madrid.org\/index.php\/wp-json\/wp\/v2\/media?parent=496"}],"wp:term":[{"taxonomy":"category","embeddable":true,"href":"https:\/\/cejc-madrid.org\/index.php\/wp-json\/wp\/v2\/categories?post=496"},{"taxonomy":"post_tag","embeddable":true,"href":"https:\/\/cejc-madrid.org\/index.php\/wp-json\/wp\/v2\/tags?post=496"}],"curies":[{"name":"wp","href":"https:\/\/api.w.org\/{rel}","templated":true}]}}