{"id":497,"date":"2014-05-30T07:41:12","date_gmt":"2014-05-30T07:41:12","guid":{"rendered":"https:\/\/upbeat-goodall.82-223-35-84.plesk.page\/index.php\/2014\/05\/30\/papa-francisco-reza-el-padrenuestro-en-el-muro-occidental-1\/"},"modified":"2014-05-30T07:41:12","modified_gmt":"2014-05-30T07:41:12","slug":"papa-francisco-reza-el-padrenuestro-en-el-muro-occidental-1","status":"publish","type":"post","link":"https:\/\/cejc-madrid.org\/index.php\/2014\/05\/30\/papa-francisco-reza-el-padrenuestro-en-el-muro-occidental-1\/","title":{"rendered":"Papa Francisco reza el Padrenuestro en el Muro Occidental"},"content":{"rendered":"<div style=\"line-height: 130%; background: none repeat scroll 0% 0% white; text-align: center;\"><span style=\"font-size: 10pt;\"><strong><span style=\"color: #555555;\">El Papa Francisco rez\u00f3 el Padrenuestro en el Muro Occidental<\/span><\/strong><\/span><\/div>\n<div style=\"line-height: 130%; background: none repeat scroll 0% 0% white;\"><span style=\"color: #555555; font-size: 8pt;\"><span style=\"color: #555555; font-size: 8pt;\">&nbsp;<br \/><\/span><\/span><\/div>\n<div style=\"line-height: 130%; background: none repeat scroll 0% 0% white;\"><span style=\"color: #555555; font-size: 8pt;\"><img loading=\"lazy\" decoding=\"async\" class=\" size-full wp-image-249\" src=\"https:\/\/cejc-madrid.org\/wp-content\/uploads\/2014\/05\/Papa-Francisco-rezando-el-Padrenuestro.jpg\" alt=\"\" width=\"482\" height=\"265\" srcset=\"https:\/\/cejc-madrid.org\/wp-content\/uploads\/2014\/05\/Papa-Francisco-rezando-el-Padrenuestro.jpg 482w, https:\/\/cejc-madrid.org\/wp-content\/uploads\/2014\/05\/Papa-Francisco-rezando-el-Padrenuestro-480x264.jpg 480w\" sizes=\"(min-width: 0px) and (max-width: 480px) 480px, (min-width: 481px) 482px, 100vw\" \/>&nbsp;<img loading=\"lazy\" decoding=\"async\" class=\" size-full wp-image-250\" title=\"Padrenuestro del Papa Francisco\" src=\"https:\/\/cejc-madrid.org\/wp-content\/uploads\/2014\/05\/Padrenuestro-Papa-Francisco.jpg\" alt=\"Padrenuestro del Papa Francisco\" width=\"200\" height=\"283\" srcset=\"https:\/\/cejc-madrid.org\/wp-content\/uploads\/2014\/05\/Padrenuestro-Papa-Francisco.jpg 390w, https:\/\/cejc-madrid.org\/wp-content\/uploads\/2014\/05\/Padrenuestro-Papa-Francisco-212x300.jpg 212w\" sizes=\"(max-width: 200px) 100vw, 200px\" \/><\/span><\/div>\n<div style=\"line-height: 130%; background: none repeat scroll 0% 0% white;\"><span style=\"color: #555555; font-size: 8pt;\"><span style=\"color: #555555; font-size: 8pt;\"><span style=\"color: #555555; font-size: 8pt;\"><span style=\"font-size: 10pt;\">Oraci\u00f3n y reflexi\u00f3n. Un minuto y 40 segundos de silencio.<\/span><\/span><\/span><\/span><\/div>\n<div style=\"line-height: 130%; background: none repeat scroll 0% 0% white;\"><span style=\"color: #555555; font-size: 10pt;\">As\u00ed inicia su plegaria escrita en espa\u00f1ol y difundida por la \u00abFundaci\u00f3n de la Herencia del Kotel\u00bb tras recibir el permiso del Vaticano, ha publicado el texto que el Papa Francisco introdujo en el Muro Occidental, est\u00e1 escrito a mano en espa\u00f1ol<br \/><\/span><\/div>\n<div style=\"line-height: 130%; background: none repeat scroll 0% 0% white;\"><span style=\"font-size: 10pt;\"><i><span style=\"color: #555555;\"><span style=\"color: #555555;\">\u00abPadre nuestro que est\u00e1s en Cielo.<\/span><\/span><\/i><\/span><\/div>\n<div style=\"line-height: 130%; background: none repeat scroll 0% 0% white;\"><span style=\"font-size: 10pt;\"><i><span style=\"color: #555555;\">Sea santificado tu nombre, venga a nosotros tu Reino;<\/span><\/i><\/span><\/div>\n<div style=\"line-height: 130%; background: none repeat scroll 0% 0% white;\"><span style=\"font-size: 10pt;\"><i><span style=\"color: #555555;\">h\u00e1gase tu voluntad aqu\u00ed en la tierra como en el Cielo.<\/span><\/i><\/span><\/div>\n<div style=\"line-height: 130%; background: none repeat scroll 0% 0% white;\"><span style=\"font-size: 10pt;\"><i><span style=\"color: #555555;\">D\u00e1nos hoy nuestro pan de cada d\u00eda.<\/span><\/i><\/span><\/div>\n<div style=\"line-height: 130%; background: none repeat scroll 0% 0% white;\"><span style=\"font-size: 10pt;\"><i><span style=\"color: #555555;\">Perd\u00f3nanos nuestras ofensas como tambi\u00e9n nosotros<\/span><\/i><\/span><\/div>\n<div style=\"line-height: 130%; background: none repeat scroll 0% 0% white;\"><span style=\"font-size: 10pt;\"><i><span style=\"color: #555555;\">perdonamos a los que nos ofenden.<\/span><\/i><\/span><\/div>\n<div style=\"line-height: 130%; background: none repeat scroll 0% 0% white;\"><span style=\"font-size: 10pt;\"><i><span style=\"color: #555555;\">Y no nos dejes caer en la tentaci\u00f3n.<\/span><\/i><\/span><\/div>\n<div style=\"line-height: 130%; background: none repeat scroll 0% 0% white;\"><span style=\"font-size: 10pt;\"><i><span style=\"color: #555555;\">L\u00edbranos del mal<\/span><\/i><\/span><\/div>\n<div style=\"line-height: 130%; background: none repeat scroll 0% 0% white;\"><span style=\"font-size: 10pt;\"><i><span style=\"color: #555555;\">&nbsp;&nbsp;&nbsp;&nbsp;&nbsp;&nbsp;&nbsp;&nbsp;&nbsp;&nbsp; Am\u00e9n<\/span><\/i><\/span><\/div>\n<div style=\"line-height: 130%; background: none repeat scroll 0% 0% white;\"><span style=\"font-size: 8pt;\"><i><span style=\"color: #555555;\"><span style=\"font-size: 10pt;\">&nbsp;&nbsp;&nbsp;&nbsp;&nbsp;&nbsp;&nbsp;&nbsp;&nbsp;&nbsp;&nbsp;&nbsp;&nbsp;&nbsp;&nbsp;&nbsp;&nbsp;&nbsp;&nbsp;&nbsp;&nbsp;&nbsp;&nbsp;&nbsp;&nbsp;&nbsp;&nbsp;&nbsp;&nbsp;&nbsp;&nbsp;&nbsp;&nbsp;&nbsp; Francisco<\/span> <\/span><\/i><\/span><\/div>\n","protected":false},"excerpt":{"rendered":"<p>El Papa Francisco rez\u00f3 el Padrenuestro en el Muro Occidental &nbsp; &nbsp; Oraci\u00f3n y reflexi\u00f3n. Un minuto y 40 segundos de silencio. As\u00ed inicia su plegaria escrita en espa\u00f1ol y difundida por la \u00abFundaci\u00f3n de la Herencia del Kotel\u00bb tras recibir el permiso del Vaticano, ha publicado el texto que el Papa Francisco introdujo en [&hellip;]<\/p>\n","protected":false},"author":1,"featured_media":249,"comment_status":"open","ping_status":"open","sticky":false,"template":"","format":"standard","meta":{"_et_pb_use_builder":"","_et_pb_old_content":"","_et_gb_content_width":"","footnotes":""},"categories":[1],"tags":[],"class_list":["post-497","post","type-post","status-publish","format-standard","has-post-thumbnail","hentry","category-uncategorized"],"_links":{"self":[{"href":"https:\/\/cejc-madrid.org\/index.php\/wp-json\/wp\/v2\/posts\/497","targetHints":{"allow":["GET"]}}],"collection":[{"href":"https:\/\/cejc-madrid.org\/index.php\/wp-json\/wp\/v2\/posts"}],"about":[{"href":"https:\/\/cejc-madrid.org\/index.php\/wp-json\/wp\/v2\/types\/post"}],"author":[{"embeddable":true,"href":"https:\/\/cejc-madrid.org\/index.php\/wp-json\/wp\/v2\/users\/1"}],"replies":[{"embeddable":true,"href":"https:\/\/cejc-madrid.org\/index.php\/wp-json\/wp\/v2\/comments?post=497"}],"version-history":[{"count":0,"href":"https:\/\/cejc-madrid.org\/index.php\/wp-json\/wp\/v2\/posts\/497\/revisions"}],"wp:featuredmedia":[{"embeddable":true,"href":"https:\/\/cejc-madrid.org\/index.php\/wp-json\/wp\/v2\/media\/249"}],"wp:attachment":[{"href":"https:\/\/cejc-madrid.org\/index.php\/wp-json\/wp\/v2\/media?parent=497"}],"wp:term":[{"taxonomy":"category","embeddable":true,"href":"https:\/\/cejc-madrid.org\/index.php\/wp-json\/wp\/v2\/categories?post=497"},{"taxonomy":"post_tag","embeddable":true,"href":"https:\/\/cejc-madrid.org\/index.php\/wp-json\/wp\/v2\/tags?post=497"}],"curies":[{"name":"wp","href":"https:\/\/api.w.org\/{rel}","templated":true}]}}