{"id":498,"date":"2014-05-30T09:43:00","date_gmt":"2014-05-30T09:43:00","guid":{"rendered":"https:\/\/upbeat-goodall.82-223-35-84.plesk.page\/index.php\/2014\/05\/30\/mensaje-escsrito-del-papa-francisco-en-yad-vashem-1\/"},"modified":"2014-05-30T09:43:00","modified_gmt":"2014-05-30T09:43:00","slug":"mensaje-escsrito-del-papa-francisco-en-yad-vashem-1","status":"publish","type":"post","link":"https:\/\/cejc-madrid.org\/index.php\/2014\/05\/30\/mensaje-escsrito-del-papa-francisco-en-yad-vashem-1\/","title":{"rendered":"Mensaje escsrito del Papa Francisco en Yad Vashem"},"content":{"rendered":"<p style=\"text-align: center;\"><span style=\"font-size: 10pt;\"><strong>Mensaje del Papa Francisco escrito en el libro de Visitas del Yad Vashem<\/strong><\/span><\/p>\n<p><span><span><img loading=\"lazy\" decoding=\"async\" class=\" size-full wp-image-252\" title=\"Mensaje escrito del Papa en Yad Vashem\" src=\"https:\/\/cejc-madrid.org\/wp-content\/uploads\/2014\/05\/Escrito-del-Papa-Francisco-en-Yad-Vashem.jpg\" alt=\"Mensaje escrito del Papa en Yad Vashem\" width=\"510\" height=\"340\" srcset=\"https:\/\/cejc-madrid.org\/wp-content\/uploads\/2014\/05\/Escrito-del-Papa-Francisco-en-Yad-Vashem.jpg 510w, https:\/\/cejc-madrid.org\/wp-content\/uploads\/2014\/05\/Escrito-del-Papa-Francisco-en-Yad-Vashem-480x320.jpg 480w\" sizes=\"(min-width: 0px) and (max-width: 480px) 480px, (min-width: 481px) 510px, 100vw\" \/><\/span><\/span><\/p>\n<p><span>\u201cCon la verg\u00fcenza de lo que el hombre, creado a imagen y semejanza de Dios, fue capaz de hacer. Con la verg\u00fcenza de que el hombre se haya hecho due\u00f1o del mal, con la verg\u00fcenza de que el hombre, crey\u00e9ndose dios, haya sacrificado as\u00ed a sus hermanos. <\/span><\/p>\n<p><span>\u00a1\u00a1Nunca m\u00e1s!! \u00a1\u00a1Nunca m\u00e1s!!<\/span><\/p>\n<p><span>Francisco 26-5-2014<\/span><\/p>\n","protected":false},"excerpt":{"rendered":"<p>Mensaje del Papa Francisco escrito en el libro de Visitas del Yad Vashem \u201cCon la verg\u00fcenza de lo que el hombre, creado a imagen y semejanza de Dios, fue capaz de hacer. Con la verg\u00fcenza de que el hombre se haya hecho due\u00f1o del mal, con la verg\u00fcenza de que el hombre, crey\u00e9ndose dios, haya [&hellip;]<\/p>\n","protected":false},"author":1,"featured_media":252,"comment_status":"open","ping_status":"open","sticky":false,"template":"","format":"standard","meta":{"_et_pb_use_builder":"","_et_pb_old_content":"","_et_gb_content_width":"","footnotes":""},"categories":[1],"tags":[],"class_list":["post-498","post","type-post","status-publish","format-standard","has-post-thumbnail","hentry","category-uncategorized"],"_links":{"self":[{"href":"https:\/\/cejc-madrid.org\/index.php\/wp-json\/wp\/v2\/posts\/498","targetHints":{"allow":["GET"]}}],"collection":[{"href":"https:\/\/cejc-madrid.org\/index.php\/wp-json\/wp\/v2\/posts"}],"about":[{"href":"https:\/\/cejc-madrid.org\/index.php\/wp-json\/wp\/v2\/types\/post"}],"author":[{"embeddable":true,"href":"https:\/\/cejc-madrid.org\/index.php\/wp-json\/wp\/v2\/users\/1"}],"replies":[{"embeddable":true,"href":"https:\/\/cejc-madrid.org\/index.php\/wp-json\/wp\/v2\/comments?post=498"}],"version-history":[{"count":0,"href":"https:\/\/cejc-madrid.org\/index.php\/wp-json\/wp\/v2\/posts\/498\/revisions"}],"wp:featuredmedia":[{"embeddable":true,"href":"https:\/\/cejc-madrid.org\/index.php\/wp-json\/wp\/v2\/media\/252"}],"wp:attachment":[{"href":"https:\/\/cejc-madrid.org\/index.php\/wp-json\/wp\/v2\/media?parent=498"}],"wp:term":[{"taxonomy":"category","embeddable":true,"href":"https:\/\/cejc-madrid.org\/index.php\/wp-json\/wp\/v2\/categories?post=498"},{"taxonomy":"post_tag","embeddable":true,"href":"https:\/\/cejc-madrid.org\/index.php\/wp-json\/wp\/v2\/tags?post=498"}],"curies":[{"name":"wp","href":"https:\/\/api.w.org\/{rel}","templated":true}]}}