{"id":5,"date":"2011-10-19T15:22:17","date_gmt":"2011-10-19T15:22:17","guid":{"rendered":"https:\/\/upbeat-goodall.82-223-35-84.plesk.page\/index.php\/2011\/10\/19\/historia-cejc-congregacion-nsra-de-sion\/"},"modified":"2011-10-19T15:22:17","modified_gmt":"2011-10-19T15:22:17","slug":"historia-cejc-congregacion-nsra-de-sion","status":"publish","type":"post","link":"https:\/\/cejc-madrid.org\/index.php\/2011\/10\/19\/historia-cejc-congregacion-nsra-de-sion\/","title":{"rendered":"Historia CEJC"},"content":{"rendered":"<p>Las religiosas de<span style=\"color: #000000;\"> Nuestra Se\u00f1ora de Si\u00f3n<\/span> llegaron a Espa\u00f1a en 1959. Partiendo de su carisma <i>\u00abdar testimonio de la fidelidad del amor de Dios por el pueblo jud\u00edo, y apresurar el cumplimiento de las promesas concernientes a jud\u00edos y gentiles\u00bb<\/i>, iniciaron las relaciones judeo-cristianas.<\/p>\n<p>El primer paso fue la Amistad Judeo-Cristiana, que foment\u00f3 la lucha contra los prejuicios y anim\u00f3 al conocimiento mutuo.<\/p>\n<p>Para poder llegar a un p\u00fablico m\u00e1s amplio y realizar un programa m\u00e1s extenso se fund\u00f3 en 1972 el Centro de Estudios Judeo-Cristiano.<\/p>\n<p>Fue erigido, con car\u00e1cter diocesano, por el Cardenal Taranc\u00f3n y encomendada su gesti\u00f3n a la Congregaci\u00f3n de Nuestra Se\u00f1ora de Si\u00f3n, para cumplir con las siguientes finalidades:<\/p>\n<p>Dar a conocer el Juda\u00edsmo y las ra\u00edces jud\u00edas del Cristianismo, la persona de Jes\u00fas y el ambiente en el que vivi\u00f3 como jud\u00edo.<\/p>\n<p>El estudio de la Biblia, Palabra de Dios para jud\u00edos y cristianos.<\/p>\n<p>Fomentar el conocimiento mutuo y la verdadera amistad; profundizar en lo que une a jud\u00edos y cristianos, y respetar las diferencias.<\/p>\n<p>Trabajar contra los prejuicios que engendraron las falsas acusaciones de cr\u00edmenes rituales, los conceptos antijud\u00edos basados en una err\u00f3nea interpretaci\u00f3n de las Sagradas Escrituras, y otras opiniones discriminatorias que todav\u00eda se expresan a menudo en muchas ocasiones.<\/p>\n<p>Apreciar a los jud\u00edos como el pueblo de la Alianza, escogido por Dios para llevar al mundo su conocimiento, pueblo heredero de la Tierra que Dios prometi\u00f3 a Abraham.<\/p>\n<p>Reflexionar acerca del significado de la Shoa, de la Alianza nunca derogada, del significado de la Tierra para el pueblo de Israel.<\/p>\n<p>Reflexionar sobre las nuevas ense\u00f1anzas del Papa Juan Pablo II acerca del Juda\u00edsmo y de las relaciones con el pueblo jud\u00edo, y su aplicaci\u00f3n en la ex\u00e9gesis y en la teolog\u00eda.<\/p>\n<p style=\"text-align: justify;\" align=\"center\">La labor del CEJC est\u00e1 basada en la Declaraci\u00f3n Conciliar <i>\u00abNostra Aetate\u00bb<\/i> y en los documentos posteriores que orientan las relaciones de la Iglesia con el pueblo jud\u00edo y en las orientaciones del Papa Juan Pablo II.<\/p>\n<p style=\"text-align: justify;\" align=\"center\">Siendo este Centro una organizaci\u00f3n sin \u00e1nimo de lucro, toda su trabajo se mantiene gracias a la aportaci\u00f3n de los amigos y socios.<\/p>\n<p style=\"text-align: justify;\" align=\"center\">La colaboraci\u00f3n de todos es muy importante, tanto en las actividades como en el apoyo econ\u00f3mico, a fin de poder desarrollar, siempre con m\u00e1s entusiasmo, los objetivos marcados.<\/p>\n","protected":false},"excerpt":{"rendered":"<p>Las religiosas de Nuestra Se\u00f1ora de Si\u00f3n llegaron a Espa\u00f1a en 1959. Partiendo de su carisma \u00abdar testimonio de la fidelidad del amor de Dios por el pueblo jud\u00edo, y apresurar el cumplimiento de las promesas concernientes a jud\u00edos y gentiles\u00bb, iniciaron las relaciones judeo-cristianas. El primer paso fue la Amistad Judeo-Cristiana, que foment\u00f3 la [&hellip;]<\/p>\n","protected":false},"author":1,"featured_media":0,"comment_status":"open","ping_status":"open","sticky":false,"template":"","format":"standard","meta":{"_et_pb_use_builder":"","_et_pb_old_content":"","_et_gb_content_width":"","footnotes":""},"categories":[14],"tags":[],"class_list":["post-5","post","type-post","status-publish","format-standard","hentry","category-historia-del-centro-de-estudios-judeo-cristianos-historia-del-centro"],"_links":{"self":[{"href":"https:\/\/cejc-madrid.org\/index.php\/wp-json\/wp\/v2\/posts\/5","targetHints":{"allow":["GET"]}}],"collection":[{"href":"https:\/\/cejc-madrid.org\/index.php\/wp-json\/wp\/v2\/posts"}],"about":[{"href":"https:\/\/cejc-madrid.org\/index.php\/wp-json\/wp\/v2\/types\/post"}],"author":[{"embeddable":true,"href":"https:\/\/cejc-madrid.org\/index.php\/wp-json\/wp\/v2\/users\/1"}],"replies":[{"embeddable":true,"href":"https:\/\/cejc-madrid.org\/index.php\/wp-json\/wp\/v2\/comments?post=5"}],"version-history":[{"count":0,"href":"https:\/\/cejc-madrid.org\/index.php\/wp-json\/wp\/v2\/posts\/5\/revisions"}],"wp:attachment":[{"href":"https:\/\/cejc-madrid.org\/index.php\/wp-json\/wp\/v2\/media?parent=5"}],"wp:term":[{"taxonomy":"category","embeddable":true,"href":"https:\/\/cejc-madrid.org\/index.php\/wp-json\/wp\/v2\/categories?post=5"},{"taxonomy":"post_tag","embeddable":true,"href":"https:\/\/cejc-madrid.org\/index.php\/wp-json\/wp\/v2\/tags?post=5"}],"curies":[{"name":"wp","href":"https:\/\/api.w.org\/{rel}","templated":true}]}}