{"id":50,"date":"2011-11-04T11:15:32","date_gmt":"2011-11-04T11:15:32","guid":{"rendered":"https:\/\/upbeat-goodall.82-223-35-84.plesk.page\/index.php\/2011\/11\/04\/el-olivo-no-46\/"},"modified":"2011-11-04T11:15:32","modified_gmt":"2011-11-04T11:15:32","slug":"el-olivo-no-46","status":"publish","type":"post","link":"https:\/\/cejc-madrid.org\/index.php\/2011\/11\/04\/el-olivo-no-46\/","title":{"rendered":"El Olivo n\u00ba 46"},"content":{"rendered":"<p align=\"center\"><b>EL OLIVO    n\u00ba 46<\/b><\/p>\n<p align=\"center\">\u00a0<\/p>\n<p align=\"center\">Julio &#8211; Diciembre 1997<\/p>\n<p align=\"center\">\u00a0<\/p>\n<p align=\"center\"><span style=\"text-decoration: underline;\">\u00cdndice<\/span><\/p>\n<p align=\"left\">\u00a0<\/p>\n<p align=\"left\"><b>El hombre entre  el tiempo y la muerte. Comentario literario a Qo 12, 1-7<\/b><i> &#8211; Ricardo Mu\u00f1oz Solla <\/i>&#8211; Universidad de  Salamanca<b>&nbsp;<\/b><\/p>\n<p align=\"left\"><b>Inter\u00e9s de los  manuscritos del Mar Muerto para jud\u00edos y cristianos &#8211;<\/b><i><b> <\/b>Florentino Garc\u00eda Mart\u00ednez<\/i> &#8211; Universidad de Groningen<b>&nbsp;<\/b><\/p>\n<p align=\"left\"><b>Las Takkanot de  Valladolid: una aportaci\u00f3n al Derecho Hispano &#8211; <\/b><i>Fernando Su\u00e1rez Bilbao &#8211; <\/i>Universidad de Complutense<b>&nbsp;<\/b><\/p>\n<p align=\"left\"><b>Hablar de Dios  hoy &#8211;<\/b><i><b> <\/b>Elizabeth Sara  &#8211; <\/i>Movimiento de Sinagogas  Reformadas de Gran Breta\u00f1a &#8211;  Londres<b>&nbsp;<\/b><\/p>\n<p align=\"left\"><b>Las alternativas  de Levinas &#8211;<\/b><i><b> <\/b>Miguel Garc\u00eda-Bar\u00f3    &#8211; <\/i>CSIC &#8211; Universidad Complutense<b>&nbsp;<\/b><\/p>\n<p align=\"left\"><b>M\u00e1rgenes del  Estado. Una lectura levinasiana de <i>Samuel I &#8211;<\/i><\/b><i>Alberto Sucasas    &#8211; <\/i>Ferrol<b>&nbsp;<\/b><\/p>\n<p align=\"left\"><b>El sue\u00f1o de  Jacob &#8211;<\/b><i><b> <\/b>Carlos de la Rica<\/i><i><b>&nbsp;<\/b><\/i><\/p>\n<p align=\"left\">\u00a0<\/p>\n<p style=\"text-align: justify;\" align=\"left\"><i><b>Documentaci\u00f3n<\/b><\/i><b>&nbsp;<\/b><\/p>\n<p style=\"text-align: justify;\" align=\"left\"><b>Discurso de Juan  Pabo II pronunciado ante los participantes del Simposio sobre \u00abLas ra\u00edces del  antijuda\u00edsmo en los ambientes cristianos\u00bb celebrado en Roma el 31 de octubre al  2 de noviembre de 1997<\/b><b>&nbsp;<\/b><\/p>\n<p style=\"text-align: justify;\" align=\"left\"><b>Alocuci\u00f3n de  homenaje dirigida al Papa por el cardenal Etchegaray, Presidente del Comit\u00e9 del  Gran Jubileo del a\u00f1o 2000<\/b><\/p>\n<blockquote><\/blockquote>\n","protected":false},"excerpt":{"rendered":"<p>EL OLIVO n\u00ba 46 \u00a0 Julio &#8211; Diciembre 1997 \u00a0 \u00cdndice \u00a0 El hombre entre el tiempo y la muerte. Comentario literario a Qo 12, 1-7 &#8211; Ricardo Mu\u00f1oz Solla &#8211; Universidad de Salamanca&nbsp; Inter\u00e9s de los manuscritos del Mar Muerto para jud\u00edos y cristianos &#8211; Florentino Garc\u00eda Mart\u00ednez &#8211; Universidad de Groningen&nbsp; Las Takkanot [&hellip;]<\/p>\n","protected":false},"author":1,"featured_media":0,"comment_status":"open","ping_status":"open","sticky":false,"template":"","format":"standard","meta":{"_et_pb_use_builder":"","_et_pb_old_content":"","_et_gb_content_width":"","footnotes":""},"categories":[25],"tags":[],"class_list":["post-50","post","type-post","status-publish","format-standard","hentry","category-revista-qel-olivoq"],"_links":{"self":[{"href":"https:\/\/cejc-madrid.org\/index.php\/wp-json\/wp\/v2\/posts\/50","targetHints":{"allow":["GET"]}}],"collection":[{"href":"https:\/\/cejc-madrid.org\/index.php\/wp-json\/wp\/v2\/posts"}],"about":[{"href":"https:\/\/cejc-madrid.org\/index.php\/wp-json\/wp\/v2\/types\/post"}],"author":[{"embeddable":true,"href":"https:\/\/cejc-madrid.org\/index.php\/wp-json\/wp\/v2\/users\/1"}],"replies":[{"embeddable":true,"href":"https:\/\/cejc-madrid.org\/index.php\/wp-json\/wp\/v2\/comments?post=50"}],"version-history":[{"count":0,"href":"https:\/\/cejc-madrid.org\/index.php\/wp-json\/wp\/v2\/posts\/50\/revisions"}],"wp:attachment":[{"href":"https:\/\/cejc-madrid.org\/index.php\/wp-json\/wp\/v2\/media?parent=50"}],"wp:term":[{"taxonomy":"category","embeddable":true,"href":"https:\/\/cejc-madrid.org\/index.php\/wp-json\/wp\/v2\/categories?post=50"},{"taxonomy":"post_tag","embeddable":true,"href":"https:\/\/cejc-madrid.org\/index.php\/wp-json\/wp\/v2\/tags?post=50"}],"curies":[{"name":"wp","href":"https:\/\/api.w.org\/{rel}","templated":true}]}}