{"id":504,"date":"2014-10-13T15:19:22","date_gmt":"2014-10-13T15:19:22","guid":{"rendered":"https:\/\/upbeat-goodall.82-223-35-84.plesk.page\/index.php\/2014\/10\/13\/acto-28-de-octubre-universidad-comillas-1\/"},"modified":"2014-10-13T15:19:22","modified_gmt":"2014-10-13T15:19:22","slug":"acto-28-de-octubre-universidad-comillas-1","status":"publish","type":"post","link":"https:\/\/cejc-madrid.org\/index.php\/2014\/10\/13\/acto-28-de-octubre-universidad-comillas-1\/","title":{"rendered":"Acto 28 de octubre Universidad Comillas"},"content":{"rendered":"<p>&nbsp;<\/p>\n<p style=\"text-align: center;\"><span style=\"font-size: 14pt;\"><strong>ACTO ACAD\u00c9MICO<\/strong><\/span><\/p>\n<div style=\"text-align: center;\"><span style=\"font-size: 12pt;\">&nbsp;<strong>50 a\u00f1os de la Declaraci\u00f3n Nostra Aetate: <\/strong><\/span><\/div>\n<div style=\"text-align: center;\"><span style=\"font-size: 12pt;\"><strong>Dos Papas Santos para el Di\u00e1logo Judeo-Cristianos<\/strong><\/span><br \/> El Centro de Estudios Judeo-Cristianos en colaboraci\u00f3n con la Universidad Pontificia Comillas organiz\u00f3 un Acto en Homenaje a San Juan XXIII y a San Juan Pablo II, el 28 de octubre fecha de promulgaci\u00f3n de la Declaraci\u00f3n Nostra Aetate. Ambos papas marcaron un hito de suma importancia en las relac<span class=\"text_exposed_hide\">iones<\/span><span class=\"text_exposed_show\"> y di\u00e1logo entre jud\u00edos y cristianos, impulsando y desarrollando dicha declaraci\u00f3n. <\/span><\/div>\n<div><span class=\"text_exposed_show\"><a href=\"http:\/\/www.rtve.es\/alacarta\/videos\/shalom\/\"><img loading=\"lazy\" decoding=\"async\" class=\" size-full wp-image-265\" style=\"margin-right: auto; display: block; margin-left: auto;\" src=\"https:\/\/cejc-madrid.org\/wp-content\/uploads\/2014\/10\/Centro-de-Estudios-Judeo-Cristianos-28-10-2014Comprimida12.JPG\" alt=\"\" width=\"470\" height=\"312\" srcset=\"https:\/\/cejc-madrid.org\/wp-content\/uploads\/2014\/10\/Centro-de-Estudios-Judeo-Cristianos-28-10-2014Comprimida12.JPG 1024w, https:\/\/cejc-madrid.org\/wp-content\/uploads\/2014\/10\/Centro-de-Estudios-Judeo-Cristianos-28-10-2014Comprimida12-300x200.jpg 300w, https:\/\/cejc-madrid.org\/wp-content\/uploads\/2014\/10\/Centro-de-Estudios-Judeo-Cristianos-28-10-2014Comprimida12-768x512.jpg 768w, https:\/\/cejc-madrid.org\/wp-content\/uploads\/2014\/10\/Centro-de-Estudios-Judeo-Cristianos-28-10-2014Comprimida12-480x320.jpg 480w\" sizes=\"(max-width: 470px) 100vw, 470px\" \/><\/a><\/span><\/div>\n<div style=\"text-align: center;\"><span style=\"font-size: 12pt;\">&nbsp;Ver reportaje del Acto en el Programa Shalom<\/span><\/div>\n<div style=\"text-align: center;\"><span class=\"text_exposed_show\" style=\"font-size: 12pt;\"><a href=\"http:\/\/www.rtve.es\/alacarta\/videos\/shalom\/\">http:\/\/www.rtve.es\/alacarta\/videos\/shalom\/<\/a><\/span><\/div>\n","protected":false},"excerpt":{"rendered":"<p>&nbsp; ACTO ACAD\u00c9MICO &nbsp;50 a\u00f1os de la Declaraci\u00f3n Nostra Aetate: Dos Papas Santos para el Di\u00e1logo Judeo-Cristianos El Centro de Estudios Judeo-Cristianos en colaboraci\u00f3n con la Universidad Pontificia Comillas organiz\u00f3 un Acto en Homenaje a San Juan XXIII y a San Juan Pablo II, el 28 de octubre fecha de promulgaci\u00f3n de la Declaraci\u00f3n Nostra [&hellip;]<\/p>\n","protected":false},"author":1,"featured_media":265,"comment_status":"open","ping_status":"open","sticky":false,"template":"","format":"standard","meta":{"_et_pb_use_builder":"","_et_pb_old_content":"","_et_gb_content_width":"","footnotes":""},"categories":[1],"tags":[],"class_list":["post-504","post","type-post","status-publish","format-standard","has-post-thumbnail","hentry","category-uncategorized"],"_links":{"self":[{"href":"https:\/\/cejc-madrid.org\/index.php\/wp-json\/wp\/v2\/posts\/504","targetHints":{"allow":["GET"]}}],"collection":[{"href":"https:\/\/cejc-madrid.org\/index.php\/wp-json\/wp\/v2\/posts"}],"about":[{"href":"https:\/\/cejc-madrid.org\/index.php\/wp-json\/wp\/v2\/types\/post"}],"author":[{"embeddable":true,"href":"https:\/\/cejc-madrid.org\/index.php\/wp-json\/wp\/v2\/users\/1"}],"replies":[{"embeddable":true,"href":"https:\/\/cejc-madrid.org\/index.php\/wp-json\/wp\/v2\/comments?post=504"}],"version-history":[{"count":0,"href":"https:\/\/cejc-madrid.org\/index.php\/wp-json\/wp\/v2\/posts\/504\/revisions"}],"wp:featuredmedia":[{"embeddable":true,"href":"https:\/\/cejc-madrid.org\/index.php\/wp-json\/wp\/v2\/media\/265"}],"wp:attachment":[{"href":"https:\/\/cejc-madrid.org\/index.php\/wp-json\/wp\/v2\/media?parent=504"}],"wp:term":[{"taxonomy":"category","embeddable":true,"href":"https:\/\/cejc-madrid.org\/index.php\/wp-json\/wp\/v2\/categories?post=504"},{"taxonomy":"post_tag","embeddable":true,"href":"https:\/\/cejc-madrid.org\/index.php\/wp-json\/wp\/v2\/tags?post=504"}],"curies":[{"name":"wp","href":"https:\/\/api.w.org\/{rel}","templated":true}]}}