{"id":505,"date":"2014-11-21T16:32:40","date_gmt":"2014-11-21T16:32:40","guid":{"rendered":"https:\/\/upbeat-goodall.82-223-35-84.plesk.page\/index.php\/2014\/11\/21\/charla-coloquio-padre-gabriel-naddaf-1\/"},"modified":"2014-11-21T16:32:40","modified_gmt":"2014-11-21T16:32:40","slug":"charla-coloquio-padre-gabriel-naddaf-1","status":"publish","type":"post","link":"https:\/\/cejc-madrid.org\/index.php\/2014\/11\/21\/charla-coloquio-padre-gabriel-naddaf-1\/","title":{"rendered":"Charla Coloquio Padre Gabriel Naddaf"},"content":{"rendered":"<p style=\"text-align: center;\"><span style=\"font-size: 14pt;\"><strong><span style=\"font-size: 12pt;\"><img loading=\"lazy\" decoding=\"async\" class=\" alignleft size-full wp-image-267\" style=\"margin-right: 7px; float: left;\" src=\"https:\/\/cejc-madrid.org\/wp-content\/uploads\/2014\/11\/Padre-Gabriel-Naddaf.png\" alt=\"\" width=\"175\" height=\"281\" \/><\/span>CHARLA-COLOQUIO CON EL PADRE GABRIEL NADDAF<\/strong><\/span><\/p>\n<p style=\"text-align: center;\"><span style=\"font-size: 12pt;\"><strong>28 de noviembre 19,00 horas <\/strong><\/span><\/p>\n<p style=\"text-align: center;\"><span style=\"font-size: 12pt;\"><strong>Sal\u00f3n de Actos Parroquia San Juan Cris\u00f3stomo, Dom\u00e9nico Scarlatti, 2<\/strong><\/span><\/p>\n<p style=\"text-align: justify;\"><span style=\"font-size: 12pt;\">El Padre Gabriel Naddaf es un sacerdote cristiano ortodoxo de Nazaret, es \u00e1rabe y l\u00edder de la comunidad \u00e1rabe cristiana muy activo en la denuncia del acoso que sufren los cristianos, (ortodoxos, cat\u00f3licos, evang\u00e9licos, etc,) en Oriente Medio. <\/span><br \/><span style=\"font-size: 12pt;\"> Por tratarse de una realidad que nos toca tan de cerca, esperamos vuestra asistencia. Entrada libre hasta completar aforo.<\/span><\/p>\n<p style=\"text-align: justify;\">&nbsp;<\/p>\n<p><a>http:\/\/elmed.io\/la-valentia-del-padre-gabriel-y-sus-hermanos-arabe-israelies\/<\/a><\/p>\n<p><a>http:\/\/www.libertaddigital.com\/internacional\/oriente-medio\/2014-12-02\/gabriel-nadaf-si-no-hacen-nada-el-extremismo-islamico-llegara-aqui-1276535027\/<\/a> <\/p>\n<p><a href=\"http:\/\/www.radiosefarad.com\/israel-un-oasis-de-tolerancia-religiosa-en-oriente-medio-con-el-sacerdote-arabe-cristiano-gabriel-naddaf\/\">http:\/\/www.radiosefarad.com\/israel-un-oasis-de-tolerancia-religiosa-en-oriente-medio-con-el-sacerdote-arabe-cristiano-gabriel-naddaf\/<\/a><\/p>\n","protected":false},"excerpt":{"rendered":"<p>CHARLA-COLOQUIO CON EL PADRE GABRIEL NADDAF 28 de noviembre 19,00 horas Sal\u00f3n de Actos Parroquia San Juan Cris\u00f3stomo, Dom\u00e9nico Scarlatti, 2 El Padre Gabriel Naddaf es un sacerdote cristiano ortodoxo de Nazaret, es \u00e1rabe y l\u00edder de la comunidad \u00e1rabe cristiana muy activo en la denuncia del acoso que sufren los cristianos, (ortodoxos, cat\u00f3licos, evang\u00e9licos, [&hellip;]<\/p>\n","protected":false},"author":1,"featured_media":267,"comment_status":"open","ping_status":"open","sticky":false,"template":"","format":"standard","meta":{"_et_pb_use_builder":"","_et_pb_old_content":"","_et_gb_content_width":"","footnotes":""},"categories":[1],"tags":[],"class_list":["post-505","post","type-post","status-publish","format-standard","has-post-thumbnail","hentry","category-uncategorized"],"_links":{"self":[{"href":"https:\/\/cejc-madrid.org\/index.php\/wp-json\/wp\/v2\/posts\/505","targetHints":{"allow":["GET"]}}],"collection":[{"href":"https:\/\/cejc-madrid.org\/index.php\/wp-json\/wp\/v2\/posts"}],"about":[{"href":"https:\/\/cejc-madrid.org\/index.php\/wp-json\/wp\/v2\/types\/post"}],"author":[{"embeddable":true,"href":"https:\/\/cejc-madrid.org\/index.php\/wp-json\/wp\/v2\/users\/1"}],"replies":[{"embeddable":true,"href":"https:\/\/cejc-madrid.org\/index.php\/wp-json\/wp\/v2\/comments?post=505"}],"version-history":[{"count":0,"href":"https:\/\/cejc-madrid.org\/index.php\/wp-json\/wp\/v2\/posts\/505\/revisions"}],"wp:featuredmedia":[{"embeddable":true,"href":"https:\/\/cejc-madrid.org\/index.php\/wp-json\/wp\/v2\/media\/267"}],"wp:attachment":[{"href":"https:\/\/cejc-madrid.org\/index.php\/wp-json\/wp\/v2\/media?parent=505"}],"wp:term":[{"taxonomy":"category","embeddable":true,"href":"https:\/\/cejc-madrid.org\/index.php\/wp-json\/wp\/v2\/categories?post=505"},{"taxonomy":"post_tag","embeddable":true,"href":"https:\/\/cejc-madrid.org\/index.php\/wp-json\/wp\/v2\/tags?post=505"}],"curies":[{"name":"wp","href":"https:\/\/api.w.org\/{rel}","templated":true}]}}