{"id":506,"date":"2014-12-18T17:18:26","date_gmt":"2014-12-18T17:18:26","guid":{"rendered":"https:\/\/upbeat-goodall.82-223-35-84.plesk.page\/index.php\/2014\/12\/18\/programa-rtve-2-1\/"},"modified":"2014-12-18T17:18:26","modified_gmt":"2014-12-18T17:18:26","slug":"programa-rtve-2-1","status":"publish","type":"post","link":"https:\/\/cejc-madrid.org\/index.php\/2014\/12\/18\/programa-rtve-2-1\/","title":{"rendered":"Programa RTVE-2"},"content":{"rendered":"<p style=\"text-align: center;\"><span style=\"font-size: 14pt;\"><strong>VIERNES d\u00eda 19 de diciembre, RTVE-2 <\/strong>televisi\u00f3n<\/span><\/p>\n<p style=\"text-align: center;\">&nbsp;<\/p>\n<div style=\"text-align: justify;\"><span style=\"font-size: 12pt;\"><img loading=\"lazy\" decoding=\"async\" class=\" alignright size-full wp-image-269\" style=\"margin-right: 4px; float: right;\" src=\"https:\/\/cejc-madrid.org\/wp-content\/uploads\/2014\/12\/Gabriel-Naddaf.png\" alt=\"Padre Gabriel Naddaf\" width=\"130\" height=\"147\" \/><\/span><\/div>\n<div style=\"text-align: justify;\"><span style=\"font-size: 12pt;\">Emitir\u00e1 a las <\/span><span style=\"font-size: 12pt;\"><img loading=\"lazy\" decoding=\"async\" class=\" alignleft size-full wp-image-270\" style=\"margin-right: 4px; float: left;\" title=\"Elio Passeto\" src=\"https:\/\/cejc-madrid.org\/wp-content\/uploads\/2014\/12\/Elio-1.jpg\" alt=\"Elio Passeto\" width=\"165\" height=\"137\" srcset=\"https:\/\/cejc-madrid.org\/wp-content\/uploads\/2014\/12\/Elio-1.jpg 347w, https:\/\/cejc-madrid.org\/wp-content\/uploads\/2014\/12\/Elio-1-300x249.jpg 300w\" sizes=\"(max-width: 165px) 100vw, 165px\" \/><\/span><span style=\"font-size: 12pt;\">10,00 horas un programa dedicado a los \u201cCristianos perseguidos en Orient<\/span><span style=\"font-size: 12pt;\">e Medio\u201d,p<\/span><span style=\"font-size: 12pt;\">roducid<\/span><span style=\"font-size: 12pt;\">o por<\/span><span style=\"font-size: 12pt;\"> la UNED. <\/span><span style=\"font-size: 14pt;\"><span style=\"font-size: 12pt;\">Puede verse en: <\/span><\/span><span style=\"font-size: 12pt;\"><a href=\"https:\/\/canal.uned.es\/mmobj\/index\/id\/23265\">\u00c1rabes cristianos en Israel<\/a><\/span><\/p>\n<div style=\"text-align: justify;\">&nbsp;<\/div>\n<p><span style=\"font-size: 12pt;\"> Entre otras personas intervendr\u00e1n, <strong>el Hermano Elio Passeto<\/strong>, de los Religiosos de Nuestra Se\u00f1ora de Sion, Direc<\/span><span style=\"font-size: 12pt;\">tor del Instituto Rat<\/span><span style=\"font-size: 12pt;\">isbonne de Jerusal\u00e9n, y miembro de la Direcci\u00f3n del Centro de Es<\/span><span style=\"font-size: 12pt;\">tudios Judeo-Crist<\/span><span style=\"font-size: 12pt;\">ianos y el <strong>Padre Gabriel Naddaf<\/strong>, s<\/span><span style=\"font-size: 12pt;\">acerdote representante de la Iglesia Ortodoxa de Yafia, c<\/span><span style=\"font-size: 12pt;\">erca de Nazaret, \u00e1rabe y <\/span><span style=\"font-size: 12pt;\">l\u00edder de la comunidad \u00e1rabe cristiana muy activo en la denuncia del acoso que sufren los cristianos, (ortodoxos, cat\u00f3licos, evang\u00e9licos, etc,) en Oriente Medi<\/span><span style=\"font-size: 12pt;\">o.<\/span><br \/><span style=\"font-size: 12pt;\"> Posteriormen<\/span><span style=\"font-size: 12pt;\">t<\/span><span style=\"font-size: 12pt;\">e a este d\u00eda de emisi\u00f3n, el programa se podr\u00e1 ver en internet<\/span><span style=\"font-size: 12pt;\"> en la p\u00e1gina de <\/span><strong><span style=\"font-size: 12pt;\">RTVE a la car<\/span><span style=\"font-size: 12pt;\">ta.<\/span><\/strong><\/div>\n<div style=\"text-align: justify;\">&nbsp;<\/div>\n","protected":false},"excerpt":{"rendered":"<p>VIERNES d\u00eda 19 de diciembre, RTVE-2 televisi\u00f3n &nbsp; Emitir\u00e1 a las 10,00 horas un programa dedicado a los \u201cCristianos perseguidos en Oriente Medio\u201d,producido por la UNED. Puede verse en: \u00c1rabes cristianos en Israel &nbsp; Entre otras personas intervendr\u00e1n, el Hermano Elio Passeto, de los Religiosos de Nuestra Se\u00f1ora de Sion, Director del Instituto Ratisbonne de [&hellip;]<\/p>\n","protected":false},"author":1,"featured_media":269,"comment_status":"open","ping_status":"open","sticky":false,"template":"","format":"standard","meta":{"_et_pb_use_builder":"","_et_pb_old_content":"","_et_gb_content_width":"","footnotes":""},"categories":[1],"tags":[],"class_list":["post-506","post","type-post","status-publish","format-standard","has-post-thumbnail","hentry","category-uncategorized"],"_links":{"self":[{"href":"https:\/\/cejc-madrid.org\/index.php\/wp-json\/wp\/v2\/posts\/506","targetHints":{"allow":["GET"]}}],"collection":[{"href":"https:\/\/cejc-madrid.org\/index.php\/wp-json\/wp\/v2\/posts"}],"about":[{"href":"https:\/\/cejc-madrid.org\/index.php\/wp-json\/wp\/v2\/types\/post"}],"author":[{"embeddable":true,"href":"https:\/\/cejc-madrid.org\/index.php\/wp-json\/wp\/v2\/users\/1"}],"replies":[{"embeddable":true,"href":"https:\/\/cejc-madrid.org\/index.php\/wp-json\/wp\/v2\/comments?post=506"}],"version-history":[{"count":0,"href":"https:\/\/cejc-madrid.org\/index.php\/wp-json\/wp\/v2\/posts\/506\/revisions"}],"wp:featuredmedia":[{"embeddable":true,"href":"https:\/\/cejc-madrid.org\/index.php\/wp-json\/wp\/v2\/media\/269"}],"wp:attachment":[{"href":"https:\/\/cejc-madrid.org\/index.php\/wp-json\/wp\/v2\/media?parent=506"}],"wp:term":[{"taxonomy":"category","embeddable":true,"href":"https:\/\/cejc-madrid.org\/index.php\/wp-json\/wp\/v2\/categories?post=506"},{"taxonomy":"post_tag","embeddable":true,"href":"https:\/\/cejc-madrid.org\/index.php\/wp-json\/wp\/v2\/tags?post=506"}],"curies":[{"name":"wp","href":"https:\/\/api.w.org\/{rel}","templated":true}]}}