{"id":508,"date":"2015-01-08T09:10:07","date_gmt":"2015-01-08T09:10:07","guid":{"rendered":"https:\/\/upbeat-goodall.82-223-35-84.plesk.page\/index.php\/2015\/01\/08\/supervivientes-de-auschwitz-saludan-al-papa-1\/"},"modified":"2015-01-08T09:10:07","modified_gmt":"2015-01-08T09:10:07","slug":"supervivientes-de-auschwitz-saludan-al-papa-1","status":"publish","type":"post","link":"https:\/\/cejc-madrid.org\/index.php\/2015\/01\/08\/supervivientes-de-auschwitz-saludan-al-papa-1\/","title":{"rendered":"Supervivientes de Auschwitz saludan al Papa"},"content":{"rendered":"<p style=\"text-align: center;\"><strong><span style=\"font-size: 24pt; font-family: 'Times New Roman','serif';\">Seis supervivientes de Auschwitz <\/span><\/strong><\/p>\n<p style=\"text-align: center;\"><strong><span style=\"font-size: 24pt; font-family: 'Times New Roman','serif';\">saludan al Papa en la audiencia general<\/span><\/strong><\/p>\n<p><span style=\"font-size: 12pt; font-family: 'Times New Roman','serif';\">Al acabar la audiencia general del mi\u00e9rcoles 7 de enero, <strong>6 supervivientes<\/strong> del campo de concentraci\u00f3n nazi de Auschwitz saludaron al Papa Francisco.<\/span><\/p>\n<p><span style=\"font-size: 12pt; font-family: 'Times New Roman','serif';\">Vest\u00edan una<strong> bufanda hecha con los uniformes<\/strong> que llevaron en el campo de exterminio. Contaron al Papa sus historias. Una de las supervivientes mostr\u00f3 al Papa una medalla con un Cristo con la corona de espinas que le entreg\u00f3 un prisionero antes de ser asesinado.&nbsp;<\/span><\/p>\n<p><span style=\"font-size: 12pt; font-family: 'Times New Roman','serif';\">El 27 de enero se cumplen <strong>70 a\u00f1os de la liberaci\u00f3n<\/strong> del campo por el ej\u00e9rcito sovi\u00e9tico.<\/span><\/p>\n<p><span style=\"font-size: 12pt; font-family: 'Times New Roman','serif';\"><a href=\"http:\/\/www.romereports.com\/pg159806-seis-supervivientes-de-auschwitz-saludan-al-papa-en-la-audiencia-general-es#.VK5G9kgoxW8.facebook\">Supervivientes de Auschwitz saludan al Papa (Video)<\/a><\/span><\/p>\n","protected":false},"excerpt":{"rendered":"<p>Seis supervivientes de Auschwitz saludan al Papa en la audiencia general Al acabar la audiencia general del mi\u00e9rcoles 7 de enero, 6 supervivientes del campo de concentraci\u00f3n nazi de Auschwitz saludaron al Papa Francisco. Vest\u00edan una bufanda hecha con los uniformes que llevaron en el campo de exterminio. Contaron al Papa sus historias. Una de [&hellip;]<\/p>\n","protected":false},"author":1,"featured_media":0,"comment_status":"open","ping_status":"open","sticky":false,"template":"","format":"standard","meta":{"_et_pb_use_builder":"","_et_pb_old_content":"","_et_gb_content_width":"","footnotes":""},"categories":[1],"tags":[],"class_list":["post-508","post","type-post","status-publish","format-standard","hentry","category-uncategorized"],"_links":{"self":[{"href":"https:\/\/cejc-madrid.org\/index.php\/wp-json\/wp\/v2\/posts\/508","targetHints":{"allow":["GET"]}}],"collection":[{"href":"https:\/\/cejc-madrid.org\/index.php\/wp-json\/wp\/v2\/posts"}],"about":[{"href":"https:\/\/cejc-madrid.org\/index.php\/wp-json\/wp\/v2\/types\/post"}],"author":[{"embeddable":true,"href":"https:\/\/cejc-madrid.org\/index.php\/wp-json\/wp\/v2\/users\/1"}],"replies":[{"embeddable":true,"href":"https:\/\/cejc-madrid.org\/index.php\/wp-json\/wp\/v2\/comments?post=508"}],"version-history":[{"count":0,"href":"https:\/\/cejc-madrid.org\/index.php\/wp-json\/wp\/v2\/posts\/508\/revisions"}],"wp:attachment":[{"href":"https:\/\/cejc-madrid.org\/index.php\/wp-json\/wp\/v2\/media?parent=508"}],"wp:term":[{"taxonomy":"category","embeddable":true,"href":"https:\/\/cejc-madrid.org\/index.php\/wp-json\/wp\/v2\/categories?post=508"},{"taxonomy":"post_tag","embeddable":true,"href":"https:\/\/cejc-madrid.org\/index.php\/wp-json\/wp\/v2\/tags?post=508"}],"curies":[{"name":"wp","href":"https:\/\/api.w.org\/{rel}","templated":true}]}}