{"id":509,"date":"2015-01-08T10:42:29","date_gmt":"2015-01-08T10:42:29","guid":{"rendered":"https:\/\/upbeat-goodall.82-223-35-84.plesk.page\/index.php\/2015\/01\/08\/papa-francisco-reza-por-victimas-atentado-de-paris-1\/"},"modified":"2015-01-08T10:42:29","modified_gmt":"2015-01-08T10:42:29","slug":"papa-francisco-reza-por-victimas-atentado-de-paris-1","status":"publish","type":"post","link":"https:\/\/cejc-madrid.org\/index.php\/2015\/01\/08\/papa-francisco-reza-por-victimas-atentado-de-paris-1\/","title":{"rendered":"Papa Francisco reza por victimas atentado de Paris"},"content":{"rendered":"<p style=\"text-align: center;\"><span style=\"font-size: 12pt;\"><strong>EL PAPA FRANCISCO REZA POR LAS VICTIMAS DEL ATENTADO DE PARIS&nbsp;&nbsp;&nbsp;&nbsp; <a href=\"https:\/\/www.facebook.com\/centrodeestudios.judeocristianos\"><img loading=\"lazy\" decoding=\"async\" class=\" size-full wp-image-223\" src=\"https:\/\/cejc-madrid.org\/wp-content\/uploads\/2015\/07\/FB.jpg\" alt=\"\" width=\"17\" height=\"17\" srcset=\"https:\/\/cejc-madrid.org\/wp-content\/uploads\/2015\/07\/FB.jpg 160w, https:\/\/cejc-madrid.org\/wp-content\/uploads\/2015\/07\/FB-150x150.jpg 150w\" sizes=\"(max-width: 17px) 100vw, 17px\" \/><\/a><\/strong><\/span><\/p>\n<div><span style=\"font-size: 10pt;\"><img loading=\"lazy\" decoding=\"async\" class=\" size-full wp-image-276\" style=\"display: block; margin-left: auto; margin-right: auto;\" src=\"https:\/\/cejc-madrid.org\/wp-content\/uploads\/2015\/01\/Papa-Francisco-8-enero-Misa-Santa-Marta.jpg\" alt=\"\" width=\"336\" height=\"238\" \/>J<span style=\"font-size: 12pt;\">ueves 8 de enero: El Papa Francisco celebr\u00f3 la primera Misa del A\u00f1o Nuevo en la Capilla de la Casa de Santa Marta por las v\u00edctimas de Par\u00eds, tras la firme condena del d\u00eda anterior contra el horrendo atentado y su llamamiento a aponerse a la difusi\u00f3n del odio.<\/span><\/span><\/div>\n<div style=\"text-align: justify;\"><span style=\"font-size: 12pt;\"><strong>Tanta crueldad humana<\/strong><\/span><\/div>\n<div style=\"text-align: justify;\"><span style=\"font-size: 12pt;\">Las primeras palabras del Papa Bergoglio al inicio de la celebraci\u00f3n estuvieron dedicadas al ataque contra la sede del semanario sat\u00edrico <strong>\u201cCharlie Hebdo<\/strong>\u201d, en el centro de la capital francesa:<\/span><\/div>\n<div style=\"text-align: justify;\"><span style=\"font-size: 12pt;\"><strong>\u201cEl atentado de ayer en Par\u00eds nos hace pensar en tanta crueldad, crueldad humana; en tanto terrorismo, ya sea el terrorismo aislado, o el terrorismo de Estado. Pero \u00a1la crueldad de la que el hombre es capaz! Oremos en esta Misa por las v\u00edctimas de esta crueldad. \u00a1Tantas! Y pidamos tambi\u00e9n por los crueles, para que el Se\u00f1or cambie su coraz\u00f3n\u201d.<\/strong><\/span><\/div>\n","protected":false},"excerpt":{"rendered":"<p>EL PAPA FRANCISCO REZA POR LAS VICTIMAS DEL ATENTADO DE PARIS&nbsp;&nbsp;&nbsp;&nbsp; Jueves 8 de enero: El Papa Francisco celebr\u00f3 la primera Misa del A\u00f1o Nuevo en la Capilla de la Casa de Santa Marta por las v\u00edctimas de Par\u00eds, tras la firme condena del d\u00eda anterior contra el horrendo atentado y su llamamiento a aponerse [&hellip;]<\/p>\n","protected":false},"author":1,"featured_media":223,"comment_status":"open","ping_status":"open","sticky":false,"template":"","format":"standard","meta":{"_et_pb_use_builder":"","_et_pb_old_content":"","_et_gb_content_width":"","footnotes":""},"categories":[1],"tags":[],"class_list":["post-509","post","type-post","status-publish","format-standard","has-post-thumbnail","hentry","category-uncategorized"],"_links":{"self":[{"href":"https:\/\/cejc-madrid.org\/index.php\/wp-json\/wp\/v2\/posts\/509","targetHints":{"allow":["GET"]}}],"collection":[{"href":"https:\/\/cejc-madrid.org\/index.php\/wp-json\/wp\/v2\/posts"}],"about":[{"href":"https:\/\/cejc-madrid.org\/index.php\/wp-json\/wp\/v2\/types\/post"}],"author":[{"embeddable":true,"href":"https:\/\/cejc-madrid.org\/index.php\/wp-json\/wp\/v2\/users\/1"}],"replies":[{"embeddable":true,"href":"https:\/\/cejc-madrid.org\/index.php\/wp-json\/wp\/v2\/comments?post=509"}],"version-history":[{"count":0,"href":"https:\/\/cejc-madrid.org\/index.php\/wp-json\/wp\/v2\/posts\/509\/revisions"}],"wp:featuredmedia":[{"embeddable":true,"href":"https:\/\/cejc-madrid.org\/index.php\/wp-json\/wp\/v2\/media\/223"}],"wp:attachment":[{"href":"https:\/\/cejc-madrid.org\/index.php\/wp-json\/wp\/v2\/media?parent=509"}],"wp:term":[{"taxonomy":"category","embeddable":true,"href":"https:\/\/cejc-madrid.org\/index.php\/wp-json\/wp\/v2\/categories?post=509"},{"taxonomy":"post_tag","embeddable":true,"href":"https:\/\/cejc-madrid.org\/index.php\/wp-json\/wp\/v2\/tags?post=509"}],"curies":[{"name":"wp","href":"https:\/\/api.w.org\/{rel}","templated":true}]}}