{"id":510,"date":"2014-01-22T10:12:45","date_gmt":"2014-01-22T10:12:45","guid":{"rendered":"https:\/\/upbeat-goodall.82-223-35-84.plesk.page\/index.php\/2014\/01\/22\/el-olivo-n-79-80-1\/"},"modified":"2014-01-22T10:12:45","modified_gmt":"2014-01-22T10:12:45","slug":"el-olivo-n-79-80-1","status":"publish","type":"post","link":"https:\/\/cejc-madrid.org\/index.php\/2014\/01\/22\/el-olivo-n-79-80-1\/","title":{"rendered":"El Olivo n\u00ba 79-80"},"content":{"rendered":"<p style=\"text-align: center;\"><strong>OLIVO N\u00ba 79-80<\/strong><\/p>\n<p style=\"text-align: center;\">Enero &#8211; Diciembre&nbsp; 2014<strong><br \/><\/strong><\/p>\n<p style=\"text-align: center;\">&nbsp;<\/p>\n<p style=\"text-align: justify;\"><em>El Centro de Estudios Judeo-Cristianos ha querido dedicar este n\u00famero doble de El Olivo al 50 Aniversario de la Declaraci\u00f3n conciliar Nostra Aetate, que se celebrar\u00e1 el pr\u00f3ximo a\u00f1o 2015. Para este fin, se han recopilado diversas ponencias y documentos relacionados con dicha declaraci\u00f3n.<\/em><\/p>\n<p style=\"text-align: justify;\"><em>El Olivo quiere sumarse as\u00ed a la memoria debida por la importancia capital que supuso la promulgaci\u00f3n de la Delcaraci\u00f3n Nostra Aetate para las relaciones de la Iglesia Cat\u00f3lica con el Juda\u00edsmo, y por ello quiere dejar constancia de la excepcional relevancia de los personajes que trabajaron en ella para lograr su culminaci\u00f3n.<\/em><\/p>\n<p style=\"text-align: justify;\">&nbsp;<\/p>\n<p style=\"text-align: justify;\">&nbsp;<\/p>\n<p style=\"text-align: justify;\"><strong>Quinto centenario de la Biblia Pol\u00edglota Computense <\/strong>&#8211; Luis Vegas Montaner &#8211; Universidad Complutense<\/p>\n<p style=\"text-align: justify;\"><strong>In\u00e9dito del Santo Padre Benedicto XVI<\/strong>&#8211; Publicado con ocasi\u00f3n del 50 aniversario de la apertura del Concilio Vaticano II<\/p>\n<p style=\"text-align: justify;\"><strong>Discurso del Santo Padre Francisco a una delegaci\u00f3n del IJCIC <\/strong>&#8211; 24 de junio de 2013<\/p>\n<p style=\"text-align: justify;\"><strong>El di\u00e1logo judeo-cat\u00f3lico a cincuenta a\u00f1os de <em>Nostra Aetate<\/em>. Una perspectiva latinoamericana &#8211;<\/strong> Rabino Abraham Skorka&nbsp; &#8211; Comunidad Benei Tikva<\/p>\n<p style=\"text-align: justify;\"><strong>Cincuenta a\u00f1os de di\u00e1logo entre jud\u00edos y cat\u00f3licos &#8211;<\/strong> Cardenal Kurt Koch &#8211; Presidente de la Comisi\u00f3n para las Relaciones Religiosas con el Juda\u00edsmo ante la Santa Sede<\/p>\n<p style=\"text-align: justify;\"><strong>Los jud\u00edos y la preparaci\u00f3n del texto conciliar <em>Nostra Aetae<\/em> <\/strong>&#8211; Th\u00e9rese-Martine Adfrevon &#8211; Instituto Cat\u00f3lico de Paris<\/p>\n<p style=\"text-align: justify;\"><em><strong>Nostra Aetate, <\/strong><\/em><strong>cuarenta a\u00f1os despu\u00e9s del Vaticano II. Perspectivas presentes y futuras &#8211;<\/strong>David Rosen &#8211; Didrector Internacional de Asuntos Interreligiosos del American Jewish Committee<\/p>\n<p style=\"text-align: justify;\"><strong>La relaci\u00f3n entre la Iglesia y el pueblo jud\u00edo: de la Declaraci\u00f3n <em>Nostra Aetate<\/em> hasta hoy &#8211;<\/strong>Elio Passeto, nds &#8211; Jerusalem, Israel<\/p>\n<p style=\"text-align: justify;\"><strong>Juan Pablo II y los jud\u00edos <\/strong>&#8211; Isaac Querub &#8211; Presidente FCJE<\/p>\n<p style=\"text-align: justify;\"><strong>Juan Pablo II sobre el juda\u00edsmo: resumen de su pensamiento en una plegaria y otros textos <\/strong>&#8211; Luis Gir\u00f3n Blanc &#8211; Universidad Complutense<\/p>\n<p style=\"text-align: justify;\"><strong>El Cardenal Bea, \u00abarquitecto\u00bb de la declaraci\u00f3n <em>Nostra Aetate<\/em> del Concilio Vaticano II<\/strong>&#8211; Santiago Madrigal, SJ &#8211; Universidad Comillas<\/p>\n<p style=\"text-align: justify;\"><strong>El estudio del juda\u00edsmo en medios cristianos <\/strong>&#8211; Guadalupe Seijas de los Rios-Zarzosa &#8211; Universidad Complutense<\/p>\n<p style=\"text-align: justify;\"><strong>La Escritura Memorable <\/strong>&#8211; Selecci\u00f3n de textos a cargo de Javier Fern\u00e1ndez Vallina y Luis Vegas Montaner<\/p>\n<p>&nbsp;<\/p>\n<p style=\"text-align: justify;\"><em>Cr\u00edtica bibliogr\u00e1fica:<\/em><\/p>\n<p style=\"text-align: justify;\">R. Rosell\u00f3 i Vaquer-A. Murillo i Tudur\u00ed, <em><strong>Els jueus dins la societat menorquina del segle<\/strong> XIV<\/em>, Menorca, Institut Menorqu\u00ed d&#8217;Estudis, 1990. &#8211; Carlos Carrete Parrondo<\/p>\n<p style=\"text-align: justify;\">Jacobo Israel Garz\u00f3n, <em><strong>Cuentos del destierro<\/strong><\/em>. Madrid. Hebraica Ediciones 2014,&nbsp; &#8211; Luis Vegas Montaner<em><br \/><\/em><\/p>\n<p>Arnoldo Liberman, <em><strong>Simplemente,<\/strong><\/em><strong> adem\u00e1s<\/strong>, Collado Villalba, Sefarad Ediciones, 2014 &#8211; Francisco Javier Fern\u00e1ndez Vallina<br style=\"text-align: justify;\" \/><\/p>\n","protected":false},"excerpt":{"rendered":"<p>OLIVO N\u00ba 79-80 Enero &#8211; Diciembre&nbsp; 2014 &nbsp; El Centro de Estudios Judeo-Cristianos ha querido dedicar este n\u00famero doble de El Olivo al 50 Aniversario de la Declaraci\u00f3n conciliar Nostra Aetate, que se celebrar\u00e1 el pr\u00f3ximo a\u00f1o 2015. Para este fin, se han recopilado diversas ponencias y documentos relacionados con dicha declaraci\u00f3n. El Olivo quiere [&hellip;]<\/p>\n","protected":false},"author":1,"featured_media":0,"comment_status":"open","ping_status":"open","sticky":false,"template":"","format":"standard","meta":{"_et_pb_use_builder":"","_et_pb_old_content":"","_et_gb_content_width":"","footnotes":""},"categories":[25],"tags":[],"class_list":["post-510","post","type-post","status-publish","format-standard","hentry","category-revista-qel-olivoq"],"_links":{"self":[{"href":"https:\/\/cejc-madrid.org\/index.php\/wp-json\/wp\/v2\/posts\/510","targetHints":{"allow":["GET"]}}],"collection":[{"href":"https:\/\/cejc-madrid.org\/index.php\/wp-json\/wp\/v2\/posts"}],"about":[{"href":"https:\/\/cejc-madrid.org\/index.php\/wp-json\/wp\/v2\/types\/post"}],"author":[{"embeddable":true,"href":"https:\/\/cejc-madrid.org\/index.php\/wp-json\/wp\/v2\/users\/1"}],"replies":[{"embeddable":true,"href":"https:\/\/cejc-madrid.org\/index.php\/wp-json\/wp\/v2\/comments?post=510"}],"version-history":[{"count":0,"href":"https:\/\/cejc-madrid.org\/index.php\/wp-json\/wp\/v2\/posts\/510\/revisions"}],"wp:attachment":[{"href":"https:\/\/cejc-madrid.org\/index.php\/wp-json\/wp\/v2\/media?parent=510"}],"wp:term":[{"taxonomy":"category","embeddable":true,"href":"https:\/\/cejc-madrid.org\/index.php\/wp-json\/wp\/v2\/categories?post=510"},{"taxonomy":"post_tag","embeddable":true,"href":"https:\/\/cejc-madrid.org\/index.php\/wp-json\/wp\/v2\/tags?post=510"}],"curies":[{"name":"wp","href":"https:\/\/api.w.org\/{rel}","templated":true}]}}