{"id":513,"date":"2015-03-25T10:04:16","date_gmt":"2015-03-25T10:04:16","guid":{"rendered":"https:\/\/upbeat-goodall.82-223-35-84.plesk.page\/index.php\/2015\/03\/25\/circular-n-203-enero-marzo-2015-1\/"},"modified":"2015-03-25T10:04:16","modified_gmt":"2015-03-25T10:04:16","slug":"circular-n-203-enero-marzo-2015-1","status":"publish","type":"post","link":"https:\/\/cejc-madrid.org\/index.php\/2015\/03\/25\/circular-n-203-enero-marzo-2015-1\/","title":{"rendered":"Circular n\u00ba 203 Enero-Marzo 2015"},"content":{"rendered":"<p style=\"margin-bottom: 6pt; text-align: justify;\"><a href=\"index.php?option=com_content&amp;view=article&amp;id=348;circular-n-203-enero-marzo-2015&amp;catid=93;circulares-2015&amp;Itemid=254\">DESCARGAR PDF<\/a><\/p>\n<p style=\"margin-bottom: 6pt; text-align: justify;\"><span style=\"font-size: 10pt;\">N\u00ba 203 (Enero-Marzo 2015) <span>&nbsp;&nbsp;&nbsp;&nbsp;&nbsp;&nbsp;&nbsp;&nbsp;&nbsp;&nbsp;&nbsp;&nbsp;&nbsp;&nbsp;&nbsp;&nbsp;&nbsp;&nbsp;&nbsp;&nbsp;&nbsp;&nbsp;&nbsp;&nbsp;&nbsp;&nbsp; <\/span><\/span><\/p>\n<p style=\"margin-bottom: 6pt; text-align: center;\" align=\"center\"><span style=\"font-size: 12pt;\"><strong>Fiesta de Nuestra Se\u00f1ora de Si\u00f3n<\/strong><\/span><\/p>\n<p style=\"margin-bottom: 3pt; text-align: justify; text-indent: 14.2pt;\"><span style=\"font-size: 10pt;\">El martes, 20 de enero, el Centro de Estudios Judeo-Cristianos, celebr\u00f3 la fiesta de Nuestra Se\u00f1ora de Sion. Tuvimos el placer y la alegr\u00eda de recibir en nuestra sede a nuestro <strong>Arzobispo de Madrid, Monse\u00f1or Carlos Osoro Sierra<\/strong>, que nos dispens\u00f3 el honor de presidir la Eucarist\u00eda. Concelebraron: D. Isa\u00edas Barroso, Director del Centro de Estudios Judeo-Cristianos y D. Manuel Gonz\u00e1lez L\u00f3pez-Corps, delegado diocesano para el rito moz\u00e1rabe. <\/span><\/p>\n<p style=\"margin-bottom: 3pt; text-align: justify;\"><span style=\"font-size: 10pt;\">A continuaci\u00f3n tuvo lugar un encuentro entra\u00f1able con los socios y amigos del Centro que acudieron a la celebraci\u00f3n con los que Monse\u00f1or Osoro departi\u00f3 compartiendo experiencias e impresiones.<\/span><\/p>\n<p style=\"margin-bottom: 3pt; text-align: justify; text-indent: 14.2pt;\"><span style=\"font-size: 10pt;\">La c<span class=\"textexposedshow\">elebraci\u00f3n de esta fiesta es ya tradicional en nuestro Centro, y como en a\u00f1os anteriores reuni\u00f3 a socios, amigos y alumnos, contando con la presencia del Presidente de la Federaci\u00f3n de las Comunidades Jud\u00edas de Espa\u00f1a, D. Isaac Querub, secretario de la misma D. Mauricio Toledano, Presidente de la Comunidad Jud\u00eda de Madrid, D. David Hatchwell, Presidente de la Comunidad Jud\u00eda Bet-El, D. Gabriel Perry y representante de la Iglesia Ordodoxa rumana, Padre Te\u00f3filo Moldovan, en esta ocasi\u00f3n nos acompa\u00f1\u00f3 la portavoz de la Embajada de Israel, D.\u00aa Hamutal Rogel, as\u00ed como profesores de la universidad, representantes de la Junta Directiva y miembros de ambas comunidades. <\/span><\/span><\/p>\n<p style=\"margin-bottom: 3pt; text-align: justify; text-indent: 14.2pt;\"><span class=\"textexposedshow\"><span style=\"font-size: 10pt;\">En este acto fraterno Monse\u00f1or Osoro constat\u00f3 una vez m\u00e1s, las buenas relaciones de amistad, di\u00e1logo y colaboraci\u00f3n entre los miembros de las comunidades jud\u00eda y cat\u00f3lica que son labor principal de nuestro Centro, cuyo carisma es tender puentes de di\u00e1logo con las comunidades jud\u00edas y derribar prejuicios. <\/span><\/span><\/p>\n<p style=\"margin-bottom: 3pt; text-align: justify; text-indent: 14.2pt;\"><span class=\"textexposedshow\"><span style=\"font-size: 10pt;\">Al finalizar el acto Monse\u00f1or Osoro dedic\u00f3 unas palabras cari\u00f1osas a nuestro Centro firmando en el Libro de Visitas y posando amablemente con algunos de los representantes de las instituciones.<\/span><\/span><\/p>\n<p style=\"margin-bottom: 3pt; text-align: center;\" align=\"center\"><span style=\"font-size: 12pt;\"><strong>70 Aniversario de la liberaci\u00f3n del Campo de Auschwitz<\/strong><\/span><\/p>\n<p style=\"margin-bottom: 3pt; text-align: justify; text-indent: 14.2pt;\"><span style=\"font-size: 10pt; color: black;\">El 27 de enero,<\/span><span style=\"font-size: 10pt; color: black; letter-spacing: 0.25pt;\"> Su Majestad el Rey Felipe VI presidi\u00f3 el acto del D\u00eda Oficial de la Memoria del Holocausto y la Prevenci\u00f3n de los Cr\u00edmenes contra la Humanidad que tuvo lugar en el Palacio del Senado. El Rey comenz\u00f3 su intervenci\u00f3n transmitiendo al pueblo franc\u00e9s y al pueblo griego las condolencias y solidaridad del pueblo espa\u00f1ol por las v\u00edctimas del accidente ocurrido en la base a\u00e9rea de Los Llanos. Tambi\u00e9n, al final del acto, record\u00f3 a \u00abjud\u00edos y gitanos de diferentes nacionalidades, creyentes de todas las religiones, luchadores por la libertad de todos los pa\u00edses, discapacitados y todos aquellos discriminados\u00bb que \u00absufrieron una brutal agresi\u00f3n ajena a toda referencia de humanidad\u00bb. \u00abLa memoria y el dolor permanecen a\u00fan en el preciso d\u00eda en que se conmemoran 7 d\u00e9cadas de la liberaci\u00f3n del campo de exterminio de Auschwitz-Birkenau, convertido en capital de la geograf\u00eda siniestra que va de Mathausen a Treblinka y de Majdanek a Bergen-Belsen\u00bb.<\/span><\/p>\n<p style=\"margin-bottom: 3pt; text-align: justify; text-indent: 14.2pt;\"><span style=\"font-size: 10pt; color: black; letter-spacing: 0.25pt;\">El Rey traz\u00f3 un paralelismo de esos acontecimientos con los sucedidos recientemente \u00aben un pa\u00eds tan cercano y querido como Francia \u2500sin olvidar los que desgraciadamente est\u00e1n ocurriendo en muchos pa\u00edses, sobre todo en \u00c1frica y Oriente Pr\u00f3ximo\u2500\u00bb, afirmando que \u00abnos recuerdan que la barbarie puede surgir en el momento y la forma m\u00e1s inesperada, y que ninguna sociedad est\u00e1 definitivamente protegida frente a la sinraz\u00f3n\u00bb. Asimismo, Don Felipe puso de relieve que \u00aben torno a esta efem\u00e9ride comparecen esta ma\u00f1ana en la C\u00e1mara del Senado representantes de los colectivos que sufrieron la barbarie. Y junto a ellos, ministros, diputados, senadores, representantes de la sociedad civil, Embajadores de naciones amigas; todos unidos en el recuerdo conmovido y en una tarea inexcusable: la de investigar, educar, prevenir, y extender los valores democr\u00e1ticos como garant\u00eda de respeto y de convivencia\u00bb. <\/span><\/p>\n<p style=\"text-align: justify; text-indent: 14.2pt; background: none repeat scroll 0% 0% white;\"><span style=\"font-size: 10pt; color: black;\">Isaac Querub, Presidente de la <\/span><span style=\"font-size: 10pt; color: black;\">Federaci\u00f3n<\/span><span style=\"font-size: 10pt; color: black;\"> de Comunidades Jud\u00edas de Espa\u00f1a, ha agradecido a Su Majestad el Rey su presencia en esta conmemoraci\u00f3n simb\u00f3lica de la liberaci\u00f3n de Auschwitz, donde un mill\u00f3n de personas fueron asesinadas. Querub ha dicho que \u201cnuestra obligaci\u00f3n es imaginar la atrocidad que supuso el Holocausto\u201d&nbsp;<\/span><\/p>\n<p style=\"text-align: justify; text-indent: 14.2pt; background: none repeat scroll 0% 0% white;\"><span style=\"font-size: 10pt; color: black;\">\u201cTenemos que ser contundentes contra la incitaci\u00f3n al odio. Los jud\u00edos seguimos siendo objetivo s\u00f3lo por ser jud\u00edos. Aprendimos que la indiferencia es colaboradora necesaria del mal y que donde surge el antisemitismo, se fragua la tragedia. Partidos europeos y el Islam radical ponen sus ojos hoy en el pueblo jud\u00edo. Los viejos fantasmas reaparecen de nuevo. Hoy no s\u00f3lo contra los jud\u00edos, tambi\u00e9n contra los cristianos en Nigeria e Irak. Espa\u00f1a no es antisemita, pero permanecen vestigios antisemitas. <\/span><\/p>\n<p style=\"text-align: justify; text-indent: 14.2pt; background: none repeat scroll 0% 0% white;\"><span style=\"font-size: 10pt; color: black;\">Tenemos que abrir los ojos a esta realidad, a trav\u00e9s de la educaci\u00f3n. Majestad, represent\u00e1is un futuro mejor para Espa\u00f1a. Los espa\u00f1oles, tambi\u00e9n los jud\u00edos, nos vemos reflejados en los valores del Rey Juan Carlos y ahora en Usted. <\/span><\/p>\n<p style=\"margin-bottom: 3pt; text-align: justify; text-indent: 14.2pt; background: none repeat scroll 0% 0% white;\"><span style=\"font-size: 10pt; color: black;\">La Educaci\u00f3n es la clave para combatir el antisemitismo, latente en parte de nuestra sociedad y en la europea. Israel fue nuestra respuesta a Auschwitz. Hoy es deslegitimado y demonizado. El antisionismo es el antisemitismo justificado al alcance de todos. Aunque el dolor jud\u00edo tenga 6 millones de l\u00e1grimas no caeremos en el victimismo y seguiremos luchando por el bien universal, el progreso y la humanidad\u201d.<\/span><\/p>\n<p style=\"margin-bottom: 3pt; text-align: center; text-indent: 14.2pt;\" align=\"center\"><span style=\"font-size: 12pt;\"><strong><span style=\"color: #313131; letter-spacing: 0.25pt;\">Acto de Recuerdo en la Asamblea de Madrid<\/span><\/strong><\/span><\/p>\n<p style=\"margin-bottom: 3pt; text-align: justify; text-indent: 14.2pt;\"><span style=\"font-size: 10pt; color: black; letter-spacing: 0.25pt;\">El d\u00eda 23 de enero en la Asamblea de Madrid, se celebr\u00f3 el Acto de Recuerdo del Holocausto, con la intervenci\u00f3n del Presidente de la Comunidad de Madrid, el Embajador de Israel, Excmo Sr. D. Alon Bar, el Presidente de la Comunidad Jud\u00eda de Madrid, D. David Hatchwell, con el testimonio de D. Jorge Kainman, superviviente del Holocausto. El Rav. Mosh\u00e9 Bendahan, Gran Rabino de Espa\u00f1a, hizo la lectura de \u201cEl Mal\u00e9 Rajamim\u201d (Se\u00f1or Misericordioso). Posteriormente tuvo lugar el encendido de las Seis Velas del Recuerdo.<\/span><\/p>\n<p style=\"margin-bottom: 3pt; text-align: justify; text-indent: 14.2pt;\"><span style=\"font-size: 10pt; color: black; letter-spacing: 0.25pt;\"> La quinta vela en honor de los an\u00f3nimos h\u00e9roes de la resistencia espiritual y entre ellos los Justos de las Naciones de todos los pueblos, quienes a\u00fan poniendo en riesgo su vida, optaron por el camino de la solidaridad y no desviaron su mirada, dej\u00e1ndonos un legado \u00e9tico que parec\u00eda estar muriendo, fue encendida por Sol Andrada, nieta del Diplom\u00e1tico Espa\u00f1ol y Justo entre las Naciones, \u00c1ngel Sanz Briz y Mayte Rodriguez, en representaci\u00f3n del Centro de Estudios Judeo-Cristianos.<\/span><\/p>\n<p style=\"margin: 0cm 0cm 3pt; text-align: center;\" align=\"center\"><span style=\"font-size: 12pt;\"><strong>Palabras del Papa Francisco<\/strong><\/span><\/p>\n<p style=\"margin: 0cm 0cm 3pt; text-align: justify; text-indent: 14.2pt;\"><span style=\"font-size: 10pt;\">&nbsp;El obispo de Roma quiso recordar a las v\u00edctimas de uno de los centros de exterminio m\u00e1s importantes del Holocausto nazi, pues en \u00e9l fueron asesinadas m\u00e1s de un mill\u00f3n de personas.<\/span><\/p>\n<p style=\"margin: 0cm 0cm 3pt; text-align: justify; text-indent: 14.2pt;\"><span style=\"font-size: 10pt;\">En esta ocasi\u00f3n lo hizo en un mensaje publicado en su perfil oficial de la red social de Twitter:<\/span><\/p>\n<p style=\"margin: 0cm 0cm 3pt; text-align: justify;\"><span style=\"font-size: 10pt;\">&nbsp;<span>&nbsp;&nbsp;&nbsp;&nbsp;&nbsp;&nbsp;&nbsp;&nbsp;&nbsp;&nbsp;&nbsp;&nbsp;&nbsp;&nbsp; <\/span>\u00abAuschwitz es un grito de dolor que, en ese gran sufrimiento, est\u00e1 pidiendo un futuro de respeto, de paz y de encuentro entre los pueblos\u201d<\/span><\/p>\n<p style=\"margin-bottom: 3pt; text-align: center; text-indent: 14.2pt;\" align=\"center\"><span style=\"font-size: 12pt;\"><strong>Seis supervivientes de Auschwitz saludan al Papa<\/strong><\/span><\/p>\n<p style=\"text-align: justify; text-indent: 14.2pt;\"><span style=\"font-size: 10pt;\">Al acabar la audiencia general del mi\u00e9rcoles 7 de enero, <strong>6 supervivientes<\/strong> del campo de concentraci\u00f3n nazi de Auschwitz saludaron al Papa Francisco.<\/span><\/p>\n<p style=\"margin-bottom: 3pt; text-align: justify; text-indent: 14.2pt;\"><span style=\"font-size: 10pt;\">Vest\u00edan una<strong> bufanda hecha con los uniformes<\/strong> que llevaron en el campo de exterminio. Contaron al Papa sus historias. Una de las supervivientes mostr\u00f3 al Papa una medalla con un Cristo con la corona de espinas que le entreg\u00f3 un prisionero antes de ser asesinado. (Video <a href=\"http:\/\/www.romereports.com\/pg159806-seis-supervivientes-de-auschwitz-saludan-al-papa-en-la-audiencia-general-es#.VK5G9kgoxW8.facebook\">http:\/\/www.romereports.com\/pg159806-seis-supervivientes-de-auschwitz-saludan-al-papa-en-la-audiencia-general-es#.VK5G9kgoxW8.facebook<\/a>)<\/span><\/p>\n<h6 style=\"margin: 0cm 0cm 3pt 14.2pt; text-align: center; text-indent: 14.2pt;\" align=\"center\"><span style=\"font-size: 12pt; color: black;\">Sara Erenhalt, salvada por el padre Alojzy Pitlok<\/span><\/h6>\n<p style=\"margin: 0cm 0cm 0.0001pt; text-align: justify; text-indent: 14.2pt;\"><span style=\"font-size: 10pt; color: black;\">Sara Erenhalt viv\u00eda con su familia en Przemy\u015bl. En 1941 se cas\u00f3 con Leon Patera. Despu\u00e9s de diez meses naci\u00f3 su primer hijo. Un tr\u00e1gico destino hizo que, durante la persecuci\u00f3n nazi, ella y su familia se encontraran en uno de los dos guetos instituidos por los alemanes en Przemy\u015bl. Leon fue asesinado mientras trataba de huir del gueto. Los padres de Sara y sus hermanas fueron deportados en el campo de concentraci\u00f3n de Be\u0142\u017cec. Otros miembros de su familia, entre los que estaba su \u00fanico hijo, fueron asesinados en el gueto.<\/span><\/p>\n<p style=\"margin: 0cm 0cm 0.0001pt; text-align: justify; text-indent: 14.2pt;\"><span style=\"font-size: 10pt; color: black;\">En septiembre de 1943 Sara fue deportada, junto a otras personas en el campo de Birkenau (cerca de Auschwitz). Despu\u00e9s del periodo de cuarentena, se le asign\u00f3 el n\u00famero 66952 y fue enviada a trabajar a la f\u00e1brica \u201cUnion\u201d situada a tres kil\u00f3metros del campo. A principios de 1944, fue trasladada a Auschwitz pero continu\u00f3 trabajando en la f\u00e1brica. A finales de 1944 comenz\u00f3 el proceso de liquidaci\u00f3n del campo. En enero de 1945, los vagones para transportar a los prisioneros no eran suficientes. Los prisioneros restantes del campo fueron obligados a incorporarse en la llamada \u201cmarcha de la muerte\u201d, con los pies descalzos, hacia la frontera alemana. Para sorpresa de todos, los alemanes ordenaron una parada en el pueblo de Por\u0119ba, cerca de Pszczyna, y dijeron a los prisioneros que se buscaran un alojamiento. Sara y otras seis mujeres fueron hacia las casas m\u00e1s cercanas.<\/span><\/p>\n<p style=\"margin: 0cm 0cm 0.0001pt; text-align: justify; text-indent: 14.2pt;\"><span style=\"font-size: 10pt; color: black;\">Seg\u00fan informa el archivo de Yad Vashem, Sara cuenta: \u201c<em><span>Todos entramos en algunas casas de campo. Hab\u00eda una persona anciana. Le saludamos diciendo: \u2018Alabado sea Jesucristo\u2019. Le pedimos si pod\u00edamos pasar la noche en el establo. \u00c9l coment\u00f3: \u2018Pobrecillas, c\u00f3mo pens\u00e1is que os puedo dejar dormir en un granero con una temperatura de menos dieciocho grados\u2019<\/span><\/em><\/span><\/p>\n<p style=\"margin: 0cm 0cm 0.0001pt; text-align: justify; text-indent: 14.2pt;\"><em><span style=\"font-size: 10pt; color: black;\">Por como hablaba, esa persona parec\u00eda un sacerdote, aunque no vest\u00eda con sotana. Entonces comenzamos a hablarle pidi\u00e9ndole un refugio en su casa. \u00c9l enseguida acept\u00f3 y nos escondi\u00f3 a m\u00ed y a otra de las mujeres que se llamaba Genia. <\/span><\/em><\/p>\n<p style=\"margin: 0cm 0cm 0.0001pt; text-align: justify; text-indent: 14.2pt;\"><em><span style=\"font-size: 10pt; color: black;\">Tratamos de convencerlo de que no pod\u00edamos separarnos de nuestras compa\u00f1eras porque hab\u00edamos estado juntas todo el tiempo en el campo de concentraci\u00f3n, y si las dej\u00e1bamos ir, seguramente morir\u00edan. (Archivio di Yad Vashem, Ref. O.3 \/ 1588).<\/span><\/em><\/p>\n<p style=\"margin: 0cm 0cm 0.0001pt; text-align: justify; text-indent: 14.2pt;\"><em><span style=\"font-size: 10pt; color: black;\">El anciano, que para entonces ya se hab\u00eda presentado como el padre Alojzy Pitlok, acept\u00f3 hospedarnos a todas y se ofreci\u00f3 para ayudarnos despu\u00e9s de la liberaci\u00f3n. Dijo que para \u00e9l no ten\u00eda ninguna importancia que fu\u00e9ramos jud\u00edas, pero era importante que nuestro \u00e1ngel de la guarda nos hab\u00eda enviado a \u00e9l, y \u00e9l hab\u00eda podido ayudarnos y salvarnos. Padre Pitlok tambi\u00e9n dijo que, si no encontr\u00e1bamos a nuestros familiares, pod\u00edamos regresar donde \u00e9l y \u00e9l nos ayudar\u00eda a encontrar un trabajo<\/span><\/em><span style=\"font-size: 10pt; color: black;\">\u201d<\/span><\/p>\n<p style=\"margin: 0cm 0cm 0.0001pt; text-align: justify; text-indent: 14.2pt;\"><span style=\"font-size: 10pt; color: black;\">Despu\u00e9s de la guerra, Sara se puso en contacto con la organizaci\u00f3n Sionista y en el 1946 emigr\u00f3 a Israel.<span>&nbsp;&nbsp;&nbsp;&nbsp;&nbsp;&nbsp;&nbsp;&nbsp;&nbsp;&nbsp;&nbsp;&nbsp;&nbsp;&nbsp;&nbsp;&nbsp;&nbsp;&nbsp;&nbsp;&nbsp;&nbsp;&nbsp;&nbsp;&nbsp;&nbsp;&nbsp;&nbsp;&nbsp;&nbsp;&nbsp;&nbsp;&nbsp;&nbsp;&nbsp;&nbsp;&nbsp;&nbsp;&nbsp;&nbsp;&nbsp; <\/span><span>&nbsp;&nbsp;&nbsp;&nbsp;&nbsp;&nbsp;&nbsp;&nbsp;&nbsp;&nbsp;&nbsp;&nbsp;&nbsp;&nbsp;&nbsp;&nbsp;&nbsp;&nbsp;&nbsp;&nbsp;&nbsp;&nbsp;&nbsp;&nbsp;&nbsp;&nbsp;&nbsp;&nbsp;&nbsp;&nbsp;&nbsp;&nbsp;&nbsp;&nbsp;&nbsp;&nbsp;&nbsp;&nbsp;&nbsp;&nbsp;&nbsp;&nbsp;&nbsp;&nbsp;&nbsp;&nbsp;&nbsp;&nbsp;&nbsp;&nbsp;&nbsp;&nbsp;&nbsp;&nbsp;&nbsp;&nbsp;&nbsp;&nbsp;&nbsp;&nbsp;&nbsp;&nbsp;&nbsp;&nbsp;&nbsp;&nbsp;&nbsp;&nbsp;&nbsp;&nbsp;&nbsp;&nbsp;&nbsp;&nbsp;&nbsp;&nbsp;&nbsp; <\/span><em><span>Por Pawe\u0142 Rytel-Andrianik (Zenit)<\/span><\/em><\/span><\/p>\n<p style=\"margin-bottom: 3pt; text-align: center; background: none repeat scroll 0% 0% white;\" align=\"center\"><span style=\"font-size: 12pt;\"><strong><span style=\"color: black;\">\u201cLa situaci\u00f3n es muy grave y Europa ha tardado en reaccionar\u201d<\/span><\/strong><\/span><\/p>\n<p style=\"text-align: justify; text-indent: 14.2pt; background: none repeat scroll 0% 0% white;\"><span style=\"font-size: 10pt; color: black;\">Declaraciones de D. Isaac Querub, Presidente de la Federaci\u00f3n de Comunidades Jud\u00edas en Espa\u00f1a, tras los atentados de Paris y Copenhague.<\/span><\/p>\n<p style=\"text-align: justify; text-indent: 14.2pt;\"><span style=\"font-size: 10pt; color: black;\">\u201cNo se ha hecho lo que se ten\u00eda que hacer, echamos en falta actitud y decisi\u00f3n contra el terrorismo en Europa\u00bb. Son palabras de <strong><span>Isaac Querub<\/span><\/strong>, presidente de <\/span><a href=\"http:\/\/www.fcje.org\/\"><span style=\"font-size: 10pt; color: black; text-decoration: none;\">la Federaci\u00f3n de Comunidades Jud\u00edas de Espa\u00f1a<\/span><\/a><span style=\"font-size: 10pt; color: black;\">. Ha insistido en que el gran problema es el odio, el caldo de cultivo existente en pa\u00edses como Francia. \u00abAll\u00ed existe una comunidad musulmana de seis millones y es dif\u00edcil de entender que miembros de la tercera generaci\u00f3n se marchen para prepararse para atentar y luego inmolarse\u00bb. <strong><span>Querub<\/span><\/strong> cree que hab\u00eda informaci\u00f3n y no se han tomado las medidas preventivas adecuadas, ni tampoco se est\u00e1 educando en nuestros valores, los valores de la tradici\u00f3n judeo cristiana que est\u00e1n en nuestras constituciones.<\/span><\/p>\n<p style=\"margin: 0cm 0cm 0.0001pt; text-align: justify; text-indent: 14.2pt; background: none repeat scroll 0% 0% white;\"><strong><span style=\"font-size: 10pt; color: black;\">Isaac Querub<\/span><\/strong><span style=\"font-size: 10pt; color: black;\"> tiene claro que el ataque no es s\u00f3lo contra los jud\u00edos. Antes hubo atentados en Espa\u00f1a o Reino Unido .\u00bb\u00bfDonde est\u00e1 Roma o Europa cuando se decapitan una veintena de cristianos en Libia?\u00bb se pregunta animando a los europeos a tomar medidas urgentes. Como ejemplo pone a Espa\u00f1a. \u00abNunca habr\u00e1s o\u00eddo a un jud\u00edo espa\u00f1ol quejarse -argumenta Querub que cree que en Espa\u00f1a se est\u00e1n tomando las medidas adecuadas.<\/span><\/p>\n<p style=\"margin: 0cm 0cm 3pt; text-align: justify; text-indent: 14.2pt; background: none repeat scroll 0% 0% white;\"><span style=\"font-size: 10pt; color: black;\">Sobre las declaraciones del Primer Ministro israel\u00ed, <strong><span>Benjam\u00edn Netanyahu<\/span><\/strong>, animando a los jud\u00edos europeos a emigrar a Israel, <strong><span>Isaac Querub<\/span><\/strong>, Presidente de la <\/span><a href=\"http:\/\/www.fcje.org\/\"><strong><span style=\"font-size: 10pt; color: black; text-decoration: none;\">Federaci\u00f3n de Comunidades Jud\u00edas en Espa\u00f1a<\/span><\/strong><\/a><span style=\"font-size: 10pt; color: black;\">. piensa que son adecuadas y nada exageradas. \u00abHa hecho lo que ten\u00eda que hacer y debemos agradecerlo\u00bb dice y concluye que \u00abcuando surge el antisemitismo se fragua la tragedia\u00bb recordando que la incitaci\u00f3n al odio en Europa est\u00e1 en la memoria del pueblo jud\u00edo que sufri\u00f3 las consecuencias del holocausto con una falta de actitud similar a la de hoy.<\/span><\/p>\n<p style=\"margin-bottom: 3pt; text-align: center;\" align=\"center\"><strong><span style=\"color: black;\"><span style=\"font-size: 12pt;\">Asesinados 21 cristianos coptos<\/span> <\/span><\/strong><\/p>\n<p style=\"text-align: justify; text-indent: 14.2pt;\"><span style=\"font-size: 10pt; color: #333333;\">La mayor\u00eda de los 21 rehenes asesinados cobardemente eran migrantes de una aldea pobre de Egipto, que se hab\u00edan ido a la vecina Libia en busca de nuevas oportunidades.<\/span><\/p>\n<p style=\"text-align: justify;\"><span style=\"font-size: 10pt; color: #333333;\"> <span>&nbsp;&nbsp;&nbsp;&nbsp;&nbsp;&nbsp;&nbsp;&nbsp;&nbsp;&nbsp;&nbsp;&nbsp;&nbsp;&nbsp; <\/span><\/span><span style=\"font-size: 10pt; color: black;\">En Libia, se establecieron en la ciudad litoral de Sirte, cerca de 500 km al este de la capital, Tr\u00edpoli. Fueron secuestrados por milicias ligadas al Estado Isl\u00e1mico, en Sirte, entre los meses de diciembre de 2014 y enero de 2015.<\/span><\/p>\n<p style=\"text-align: justify; text-indent: 14.2pt;\"><span style=\"font-size: 10pt; color: black;\">El pasado 12 de febrero, el Estado Isl\u00e1mico public\u00f3 fotos de los 21 rehenes en su revista online \u00abDabiq\u00bb, editada en ingl\u00e9s y dirigida a divulgar sus actividades terroristas en Occidente.&nbsp; El 15 de febrero, los terroristas divulgaron en foros yihadistas en internet un v\u00eddeo estremecedor, cuyo t\u00edtulo era \u00abUn mensaje firmado con sangre para la naci\u00f3n de la cruz\u201d Ellos se refieren a la cristiandad. El v\u00eddeo fue editado por \u00abAl Hayat\u00bb, una de las productoras del grupo terrorista. El Estado Isl\u00e1mico mantiene una sofisticada estructura de comunicaci\u00f3n y propaganda, que sirve tanto para reclutar nuevos miembros en Europa y Am\u00e9rica del Norte como para difundir sus amenazas a Occidente. Las im\u00e1genes del v\u00eddeo muestran a los asesinos vestidos de negro y a los rehenes usando un uniforme naranja id\u00e9ntico al de otros rehenes degollados anteriormente por el Estado Isl\u00e1mico en Siria e Irak. Con las manos atadas a la espalda, los cristianos coptos son conducidos en fila a la orilla del Mar Mediterr\u00e1neo, en la costa libia, y obligados a arrodillarse en la playa. Antes de ser degollados, varios de ellos aparecen moviendo los labios, posiblemente en oraci\u00f3n.<\/span><\/p>\n<p style=\"margin-bottom: 3pt; text-align: center; text-indent: 14.2pt;\" align=\"center\"><strong><span style=\"color: black;\">Sigue la persecuci\u00f3n de cristianos en Siria y en Irak<\/span><\/strong><\/p>\n<p style=\"margin: 0cm 0cm 0.0001pt; text-align: justify; text-indent: 14.2pt;\"><span style=\"font-size: 10pt; color: black;\">El 26 de febrero <\/span><span style=\"font-size: 10pt;\">en un mensaje enviado por el Archimandrita Emanuel Youkhana a las organizaciones cat\u00f3licas, incluida AIN, escribe: \u201cLas 21 personas de Tel Gouran, 81 personas de Tel Jazira y 14 combatientes (12 varones y 2 mujeres) de Tel Hormizd han sido hechos cautivos y llevados al poblado \u00e1rabe-sun\u00ed de Um Al-Masamier\u201d. \u201cDe momento, est\u00e1n vivos, pero a los hombres los han separado de las mujeres y los ni\u00f1os\u201d.&nbsp;Las \u00faltimas informaciones confirman tambi\u00e9n que una de las mujeres ha sido decapitada y dos hombres han sido fusilados.&nbsp;El Archimandrita se\u00f1ala: \u201cUm Al-Masamier es otro ejemplo sirio de lo que ya presenciamos en Iraq, a saber, de c\u00f3mo los \u00e1rabes sun\u00edes apoyan al EI a la hora de atacar a sus vecinos cristianos y yazid\u00edes de toda la vida\u201d.<\/span><\/p>\n<p style=\"margin: 0cm 0cm 3pt; text-align: justify;\"><span style=\"font-size: 10pt;\">\u201cEn estos momentos, solo unas 200 familias permanecen en la regi\u00f3n del Jabur, m\u00e1s de cien est\u00e1n en Tel Tamar y otras se encuentran en varios poblados no controlados por el EI. En torno a 1.000 familias de la regi\u00f3n del r\u00edo Jabur se han refugiado en Hasaka y Qamishli\u201d.&nbsp;\u201cEl Se\u00f1or Obispo, Mons. Mar ApremAthniel [de la Iglesia Asiria de Oriente], que reside en Hasaka y no ha abandonado la ciudad pese a todas las dificultades, est\u00e1 haciendo todo lo posible para acoger y apoyar a los desplazados. No obstante,&nbsp;debido a la falta de recursos y los a\u00f1os que ya dura este conflicto, urge actuar&nbsp;para que la Iglesia apoye a las familias desplazadas\u201d.<\/span><\/p>\n<p style=\"margin: 0cm 0cm 3pt; text-align: justify; text-indent: 14.2pt;\"><span style=\"font-size: 10pt;\">Asimismo la tragedia de la persecuci\u00f3n de los cristianos de Irak continua, en palabras de la ex ministra Pascale Warda: <\/span><span style=\"font-size: 10pt;\">\u00abnecesitamos ayuda internacional para luchar contra el Estado Isl\u00e1mico. Es diab\u00f3lico. Es un movimiento internacional de terrorismo que necesita soluciones aut\u00e9nticas internacionales\u00bb. <\/span><span style=\"font-size: 10pt;\">En su opini\u00f3n, el Estado Isl\u00e1mico (EI) s\u00f3lo quiere \u00abaniquilar\u00bb la presencia cristiana y toda minor\u00eda social y religiosa que se oponga a sus principios. \u00abEn Mosul por primera vez en 2.000 a\u00f1os no se celebra la Eucarist\u00eda. Es una etapa hist\u00f3rica muy negra\u00bb para los caldeos. \u00abLos cristianos est\u00e1n siendo masacrados y tienen que buscar ahora c\u00f3mo reestablecer su existencia en un pa\u00eds que es suyo mucho antes que los dem\u00e1s. Es muy dif\u00edcil, son pocos y est\u00e1n debilitados\u00bb.<\/span><\/p>\n<p style=\"margin-bottom: 3pt; text-align: center;\" align=\"center\"><span style=\"font-size: 12pt;\"><strong>\u00daltimo atentando en Jerusal\u00e9n<\/strong><\/span><\/p>\n<p style=\"margin-bottom: 3pt; text-align: justify; text-indent: 14.2pt;\"><span style=\"font-size: 10pt; color: black;\">El 6 de marzo, al menos siete personas \u2013 entre ellas una oficial de la Guardia de Frontera (Mishmar Hagvul), tres mujeres polic\u00edas y un ciclista &#8211; resultaron heridos, cuando un terrorista palestino los atropell\u00f3 deliberadamente con un autom\u00f3vil junto a una estaci\u00f3n del tren ligero de Jerusal\u00e9n.<\/span><\/p>\n<p style=\"margin-bottom: 3pt; text-align: justify; text-indent: 14.2pt;\"><span style=\"font-size: 10pt; color: black;\">Las v\u00edctimas fueron atendidas en el mismo lugar del ataque por param\u00e9dicos y evacuadas con heridas de moderadas a leves. El lugar en el que se perpetr\u00f3 el ataque fue, al igual que otras veces, la estaci\u00f3n del tren ligero Shim\u00f3n Hatzadik (Sim\u00f3n el Justo), cerca de Givat Hatajmoshet (La colina de las municiones).<\/span><\/p>\n<p style=\"margin-bottom: 3pt; text-align: justify; text-indent: 14.2pt;\"><span style=\"font-size: 10pt; color: black;\">El terrorista fue neutralizado a tiros cerca de una base de la Guardia de Frontera, y fue trasladado a un hospital de la ciudad en grave estado. Entre los heridos hay seis j\u00f3venes mujeres \u2013 polic\u00edas y guardias de frontera &#8211; y un hombre de alrededor de cincuenta <\/span><span style=\"font-size: 10pt; color: black;\">a\u00f1os. El terrorista palestino, empleando un veh\u00edculo privado, atropell\u00f3 a los siete, incluyendo a un ciclista y a un peat\u00f3n, que estaban sobre la acera. Seg\u00fan las investigaciones iniciales, despu\u00e9s del atropello sali\u00f3 del autom\u00f3vil con un cuchillo de carnicero con la intenci\u00f3n de apu\u00f1alar a los peatones, pero fue r\u00e1pidamente neutralizado con disparos por un polic\u00eda de frontera y por los guardias del tren.<\/span><\/p>\n<p style=\"margin-bottom: 3pt; text-align: justify; text-indent: 14.2pt;\"><span style=\"font-size: 10pt; color: black;\">Seg\u00fan informaci\u00f3n recogida por la Radio de Israel (Kol Israel) el atacante est\u00e1 domiciliado en el barrio de Ras al Amud, de Jerusal\u00e9n este. El ataque fue pr\u00e1cticamente una copia de una serie de atentados letales en la ciudad santa, perpetrados en octubre y noviembre pasados, donde terroristas palestinos usaron sus veh\u00edculos para atropellar a peatones, asesinando a varias personas. En aquellos sucesos, los terroristas fueron abatidos en el lugar. Tras el ataque, el intendente de Jerusal\u00e9n, Nir Barkat, dijo que la seguridad en la capital ser\u00e1 reforzada; pero que los eventos de Purim continuar\u00e1n tal como estaba planeado. \u201cNo permitiremos que el terrorismo perturbe nuestra vida cotidiana diaria y continuaremos combati\u00e9ndolo sin ning\u00fan tipo de compromiso\u201d<\/span><\/p>\n<p style=\"margin: 0cm 0cm 3pt; text-align: center; text-indent: 14.2pt;\" align=\"center\"><span style=\"font-size: 12pt;\"><strong>Aniversario de CEMI<\/strong><\/span><\/p>\n<p style=\"text-align: justify; text-indent: 14.2pt;\"><span style=\"font-size: 10pt;\">El martes 24 de Febrero tuv\u00f3 lugar como es costumbre el almuerzo del 39 Aniversario de Consejo Espa\u00f1ol de Mujeres Israelitas (CEMI) una de las 49 filiales de la ONG \u201cConsejo Internacional de Mujeres Jud\u00edas\u201d que cuenta con m\u00e1s de dos millones de mujeres en el mundo (ICJW).<\/span><\/p>\n<p style=\"text-align: justify; text-indent: 14.2pt;\"><span style=\"font-size: 10pt;\">Un acto en el que se pudo disfrutar de un delicioso buffet, elaborado por nuestras amigas de CEMI, fue amenizado con un magnifico ambiente musical a cargo de Jorge Rozemblum, que hizo un recorrido por la cultura musical de las tradiciones askenaz\u00edes y sefard\u00edes. CEMI est\u00e1 representado en Naciones Unidas, Unicef, Unesco, UE, Consejo Jud\u00edo Europeo, Congreso Jud\u00edo Mundial y Congreso Jud\u00edo Latino Americano, entre otros. La Instituci\u00f3n se formaliz\u00f3 en 1912 en Roma, y en Par\u00eds en 1949, donde se enunciaron dos conceptos principales: Universalidad de la asociaci\u00f3n para todas las mujeres jud\u00edas, abarcando a todos los sectores de la vida jud\u00eda. Abogar por la justicia social para todos, sin discriminaci\u00f3n de razas ni credos.<\/span><\/p>\n<p style=\"margin-bottom: 3pt; text-align: justify; text-indent: 14.2pt;\"><span style=\"font-size: 10pt;\">En 1987 fueron nombradas por Naciones Unidas \u201cMensajeras de la Paz\u201d en reconocimiento a la importante contribuci\u00f3n al programa y objetivos del A\u00f1o Internacional de la Paz. La instituci\u00f3n fue creada en Madrid por la Sra. Ruth Rothschild, y gracias a la labor de las Presidentas sucesivas, CEMI cumpli\u00f3 39 a\u00f1os de fruct\u00edfera labor continuada por sus actuales presidentas, D.\u00aa Eva Benatar y D.\u00aa Giselle Pilo, y su equipo que trabajan por la mayor divulgaci\u00f3n de esta magn\u00edfica labor.<\/span><\/p>\n<p style=\"margin-bottom: 3pt; text-align: center;\" align=\"center\"><span style=\"font-size: 12pt;\"><strong><span style=\"color: black;\">Habr\u00edan encontrado la ciudad b\u00edblica de Libna<\/span><\/strong><\/span><\/p>\n<p style=\"margin-bottom: 3pt; text-align: justify; text-indent: 14.2pt;\"><span style=\"font-size: 10pt; color: #333333;\">Los arque\u00f3logos encontraron en Tel Burna una ciudad perdida, que creen que pudo haber sido la b\u00edblica Libna (s\u00e9ptimo siglo antes de la era cristiana). Es importante destacar que los arque\u00f3logos encontraron evidencias de la fortificaci\u00f3n, que es lo que se esperar\u00eda de una ciudad fronteriza &#8211; especialmente cuando se encuentra entre los restos de dos ciudades b\u00edblicas de la era antigua, la ciudad filistea de Gat y la ciudad jud\u00eda de Lakhish. \u00abNuestros hallazgos refuerzan la hip\u00f3tesis de que es Libna\u00bb, coment\u00f3 Itzjak Shai, un profesor en la Universidad de Ariel. Fundamentalmente, la excavaci\u00f3n en Tel Burna ha demostrado que pertenece a la segunda Edad de Hierro, per\u00edodo que incluye el b\u00edblico. El pasaje b\u00edblico Cr\u00f3nicas II (9-11) dice: \u00abEntonces Joram cruz\u00f3 con sus comandantes y todos sus carros (\u2026) Entonces Libna se rebel\u00f3 en ese mismo tiempo contra su gobierno, porque \u00e9l hab\u00eda dejado al Dios de sus padres\u00bb.<\/span><\/p>\n<p style=\"margin-bottom: 3pt; text-align: justify; text-indent: 14.2pt;\"><span style=\"font-size: 10pt; color: #333333;\">Por otra parte, la edad de los restos arqueol\u00f3gicos es la adecuada. \u00abDe acuerdo con la Biblia, Hamutal hija de Jerem\u00edas, la esposa del rey Jos\u00edas, ven\u00eda de Libna y sabemos que ella vivi\u00f3 en el siglo s\u00e9ptimo antes de Cristo\u00bb, explica Shai.<\/span><\/p>\n<p style=\"margin-bottom: 3pt; text-align: justify; text-indent: 14.2pt;\"><span style=\"font-size: 10pt; color: #333333;\"> Los hallazgos de elementos de culto pagano confunden sin embargo la cuesti\u00f3n, dando lugar a la especulaci\u00f3n de que la ciudad era un centro pagano, ya que hab\u00eda m\u00e1scaras, figuras zoomorfas, placas y vasos (con forma de animales), al parecer de origen chipriota. Los arque\u00f3logos tambi\u00e9n encontraron una figura peque\u00f1a de tres cabezas circular importada de Chipre. Otros hallazgos que dan cr\u00e9dito a las pr\u00e1cticas religiosas incluyen copas, c\u00e1lices, tazas y platillos asociados con los conjuntos de culto. Sin embargo, estos resultados fueron de un per\u00edodo cananeo anterior y, en cualquier caso, no se asociaron con el per\u00edodo jud\u00edo posterior, seg\u00fan explica Shai. <span>&nbsp;&nbsp;&nbsp;&nbsp;&nbsp;&nbsp;&nbsp;&nbsp;&nbsp;&nbsp;&nbsp;&nbsp;&nbsp;&nbsp;&nbsp;&nbsp;&nbsp;&nbsp;&nbsp;&nbsp;&nbsp;&nbsp;&nbsp;&nbsp;&nbsp; <\/span><span>&nbsp;&nbsp;&nbsp;&nbsp;&nbsp;&nbsp;&nbsp;&nbsp;&nbsp;&nbsp;&nbsp;&nbsp;&nbsp;&nbsp;&nbsp; <\/span><\/span><span style=\"font-size: 9pt; color: #333333;\">(<i>Aurora)<\/i><\/span><\/p>\n<p style=\"margin-bottom: 3pt; text-align: center;\" align=\"center\"><span style=\"font-size: 10pt;\"><strong><i><span style=\"color: #4336f2;\">El Centro de Estudios Judeo Cristianos desea<\/span><\/i><\/strong><\/span><\/p>\n<p style=\"margin-bottom: 3pt; text-align: center;\" align=\"center\"><span style=\"font-size: 10pt;\"><strong><i><span style=\"color: #4336f2;\"> a nuestros amigos jud\u00edos Jag Pesaj Sameaj <\/span><\/i><\/strong><\/span><\/p>\n<p style=\"margin-bottom: 3pt; text-align: center;\" align=\"center\"><span style=\"font-size: 10pt;\"><strong><i><span style=\"color: #4336f2;\">y a nuestros amigos cristianos Feliz Pascua de Resurrecci\u00f3n<\/span><\/i><\/strong><\/span><\/p>\n","protected":false},"excerpt":{"rendered":"<p>DESCARGAR PDF N\u00ba 203 (Enero-Marzo 2015) &nbsp;&nbsp;&nbsp;&nbsp;&nbsp;&nbsp;&nbsp;&nbsp;&nbsp;&nbsp;&nbsp;&nbsp;&nbsp;&nbsp;&nbsp;&nbsp;&nbsp;&nbsp;&nbsp;&nbsp;&nbsp;&nbsp;&nbsp;&nbsp;&nbsp;&nbsp; Fiesta de Nuestra Se\u00f1ora de Si\u00f3n El martes, 20 de enero, el Centro de Estudios Judeo-Cristianos, celebr\u00f3 la fiesta de Nuestra Se\u00f1ora de Sion. Tuvimos el placer y la alegr\u00eda de recibir en nuestra sede a nuestro Arzobispo de Madrid, Monse\u00f1or Carlos Osoro Sierra, que nos dispens\u00f3 el [&hellip;]<\/p>\n","protected":false},"author":1,"featured_media":0,"comment_status":"open","ping_status":"open","sticky":false,"template":"","format":"standard","meta":{"_et_pb_use_builder":"","_et_pb_old_content":"","_et_gb_content_width":"","footnotes":""},"categories":[4],"tags":[],"class_list":["post-513","post","type-post","status-publish","format-standard","hentry","category-circular"],"_links":{"self":[{"href":"https:\/\/cejc-madrid.org\/index.php\/wp-json\/wp\/v2\/posts\/513","targetHints":{"allow":["GET"]}}],"collection":[{"href":"https:\/\/cejc-madrid.org\/index.php\/wp-json\/wp\/v2\/posts"}],"about":[{"href":"https:\/\/cejc-madrid.org\/index.php\/wp-json\/wp\/v2\/types\/post"}],"author":[{"embeddable":true,"href":"https:\/\/cejc-madrid.org\/index.php\/wp-json\/wp\/v2\/users\/1"}],"replies":[{"embeddable":true,"href":"https:\/\/cejc-madrid.org\/index.php\/wp-json\/wp\/v2\/comments?post=513"}],"version-history":[{"count":0,"href":"https:\/\/cejc-madrid.org\/index.php\/wp-json\/wp\/v2\/posts\/513\/revisions"}],"wp:attachment":[{"href":"https:\/\/cejc-madrid.org\/index.php\/wp-json\/wp\/v2\/media?parent=513"}],"wp:term":[{"taxonomy":"category","embeddable":true,"href":"https:\/\/cejc-madrid.org\/index.php\/wp-json\/wp\/v2\/categories?post=513"},{"taxonomy":"post_tag","embeddable":true,"href":"https:\/\/cejc-madrid.org\/index.php\/wp-json\/wp\/v2\/tags?post=513"}],"curies":[{"name":"wp","href":"https:\/\/api.w.org\/{rel}","templated":true}]}}