{"id":52,"date":"2011-11-04T11:17:25","date_gmt":"2011-11-04T11:17:25","guid":{"rendered":"https:\/\/upbeat-goodall.82-223-35-84.plesk.page\/index.php\/2011\/11\/04\/el-olivo-no-48\/"},"modified":"2011-11-04T11:17:25","modified_gmt":"2011-11-04T11:17:25","slug":"el-olivo-no-48","status":"publish","type":"post","link":"https:\/\/cejc-madrid.org\/index.php\/2011\/11\/04\/el-olivo-no-48\/","title":{"rendered":"El Olivo n\u00ba 48"},"content":{"rendered":"<p align=\"center\"><b>EL OLIVO    n\u00ba 48<\/b><\/p>\n<p align=\"center\">\u00a0<\/p>\n<p align=\"center\">Julio &#8211; Diciembre 1998<\/p>\n<p align=\"center\">\u00a0<\/p>\n<p align=\"center\"><span style=\"text-decoration: underline;\">\u00cdndice<\/span><\/p>\n<p style=\"text-align: justify;\" align=\"left\">\u00a0<\/p>\n<p style=\"text-align: justify;\" align=\"left\"><b>Misericordia y  justicia en la literatura rab\u00ednica<\/b><i> &#8211; Luis F. Gir\u00f3n <\/i>&#8211; Universidad Complutense de Madrid<b>&nbsp;<\/b><\/p>\n<p style=\"text-align: justify;\" align=\"left\"><b>El amor al  pr\u00f3jimo en el pensamiento jud\u00edo &#8211;<\/b><i><b> <\/b>Kurt Hruby<\/i> &#8211; Religioso  de Nuestra Se\u00f1ora de Sion<b>&nbsp;<\/b><\/p>\n<p style=\"text-align: justify;\" align=\"left\"><b>La elecci\u00f3n y  vocaci\u00f3n de Israel &#8211;<\/b><i><b> <\/b>Uriel Simon &#8211; <\/i>Universidad de Bar-Ilan<b>&nbsp;<\/b><\/p>\n<p style=\"text-align: justify;\" align=\"left\"><b>Las leyes  santuarias sobre los jud\u00edos en el reinado de Alfonso X &#8211;<\/b><i><b> <\/b>Yolanda Moreno Koch  &#8211; <\/i>Universidad Complutense de Madrid<b>&nbsp;<\/b><\/p>\n<p style=\"text-align: justify;\" align=\"left\"><b>Los or\u00edgenes de  la Inquisici\u00f3n espa\u00f1ola. A prop\u00f3sito de un libro nuevo &#8211;<\/b><i><b> <\/b>Victoria Howell Williams     &#8211; <\/i>Centro de Estudios Teol\u00f3gicos de Mallorca<b>&nbsp;<\/b><\/p>\n<p style=\"text-align: justify;\" align=\"left\"><b>El lector  fil\u00f3sofo &#8211;<\/b><i><b> <\/b>Carmen Gonz\u00e1lez Mar\u00edn     &#8211; <\/i>CSIC Madrid<i><b>&nbsp;<\/b><\/i><\/p>\n<p align=\"left\"><i><b>Documentaci\u00f3n<\/b><\/i><b>&nbsp;<\/b><\/p>\n<p align=\"left\"><b>Edith Stein,  hija eminente de Israel y fiel hija de la Iglesia<\/b><\/p>\n<p align=\"left\"><b>Homil\u00eda de Juan  Pablo II en la canonizaci\u00f3n de Edith Stein (11 octubre 1998)<\/b><b>&nbsp;<\/b><\/p>\n<p align=\"left\"><b>\u00bfNecesita el Cristianismo del  Juda\u00edsmo?<\/b><\/p>\n<p align=\"left\"><b>Cardenal Roger  Etchegaray<\/b><b>&nbsp;<\/b><\/p>\n<p align=\"left\"><b>Entrega del premio \u00abSamuel Toledano\u00bb  al Dr. Haim Beinart<\/b><\/p>\n<p align=\"left\"><b>Discurso del Sr.  Mauricio Toledano <\/b><\/p>\n<blockquote><\/blockquote>\n","protected":false},"excerpt":{"rendered":"<p>EL OLIVO n\u00ba 48 \u00a0 Julio &#8211; Diciembre 1998 \u00a0 \u00cdndice \u00a0 Misericordia y justicia en la literatura rab\u00ednica &#8211; Luis F. Gir\u00f3n &#8211; Universidad Complutense de Madrid&nbsp; El amor al pr\u00f3jimo en el pensamiento jud\u00edo &#8211; Kurt Hruby &#8211; Religioso de Nuestra Se\u00f1ora de Sion&nbsp; La elecci\u00f3n y vocaci\u00f3n de Israel &#8211; Uriel Simon [&hellip;]<\/p>\n","protected":false},"author":1,"featured_media":0,"comment_status":"open","ping_status":"open","sticky":false,"template":"","format":"standard","meta":{"_et_pb_use_builder":"","_et_pb_old_content":"","_et_gb_content_width":"","footnotes":""},"categories":[25],"tags":[],"class_list":["post-52","post","type-post","status-publish","format-standard","hentry","category-revista-qel-olivoq"],"_links":{"self":[{"href":"https:\/\/cejc-madrid.org\/index.php\/wp-json\/wp\/v2\/posts\/52","targetHints":{"allow":["GET"]}}],"collection":[{"href":"https:\/\/cejc-madrid.org\/index.php\/wp-json\/wp\/v2\/posts"}],"about":[{"href":"https:\/\/cejc-madrid.org\/index.php\/wp-json\/wp\/v2\/types\/post"}],"author":[{"embeddable":true,"href":"https:\/\/cejc-madrid.org\/index.php\/wp-json\/wp\/v2\/users\/1"}],"replies":[{"embeddable":true,"href":"https:\/\/cejc-madrid.org\/index.php\/wp-json\/wp\/v2\/comments?post=52"}],"version-history":[{"count":0,"href":"https:\/\/cejc-madrid.org\/index.php\/wp-json\/wp\/v2\/posts\/52\/revisions"}],"wp:attachment":[{"href":"https:\/\/cejc-madrid.org\/index.php\/wp-json\/wp\/v2\/media?parent=52"}],"wp:term":[{"taxonomy":"category","embeddable":true,"href":"https:\/\/cejc-madrid.org\/index.php\/wp-json\/wp\/v2\/categories?post=52"},{"taxonomy":"post_tag","embeddable":true,"href":"https:\/\/cejc-madrid.org\/index.php\/wp-json\/wp\/v2\/tags?post=52"}],"curies":[{"name":"wp","href":"https:\/\/api.w.org\/{rel}","templated":true}]}}