{"id":53,"date":"2011-11-04T11:17:53","date_gmt":"2011-11-04T11:17:53","guid":{"rendered":"https:\/\/upbeat-goodall.82-223-35-84.plesk.page\/index.php\/2011\/11\/04\/el-olivo-no-49\/"},"modified":"2011-11-04T11:17:53","modified_gmt":"2011-11-04T11:17:53","slug":"el-olivo-no-49","status":"publish","type":"post","link":"https:\/\/cejc-madrid.org\/index.php\/2011\/11\/04\/el-olivo-no-49\/","title":{"rendered":"El Olivo n\u00ba 49"},"content":{"rendered":"<p align=\"center\"><strong>EL OLIVO    n\u00ba 49<\/strong><\/p>\n<p align=\"center\">\u00a0<\/p>\n<p align=\"center\">Enero &#8211; Junio 1999<\/p>\n<p align=\"center\">\u00a0<\/p>\n<p align=\"center\"><span style=\"text-decoration: underline;\">\u00cdndice<\/span><\/p>\n<p align=\"left\">\u00a0<\/p>\n<p style=\"text-align: justify;\" align=\"left\"><b>La construcci\u00f3n  de la identidad jud\u00eda en al-Andalus en la Edad Media<\/b><i> &#8211; Esperanza Alfonso <\/i>&#8211; Center for Advanted Judaic Studies &#8211; Universidad de  Pennsylvania<b> <\/b><\/p>\n<p style=\"text-align: justify;\" align=\"left\"><b>Estrategias de  persuasi\u00f3n y oyentes jud\u00edos en dos sermones de Vicente Ferrer &#8211;<\/b><i><b> <\/b>Ricardo Mu\u00f1oz Solla  &#8211; <\/i>Universidad de Salamanca<b>&nbsp;<\/b><\/p>\n<p style=\"text-align: justify;\" align=\"left\"><b>Mahloquet y  racionalidad. Para una genealog\u00eda jud\u00eda de la raz\u00f3n dial\u00f3gica &#8211;<\/b><i><b> <\/b>Alberto Sucasas &#8211; <\/i>Ferrol<b>&nbsp;<\/b><\/p>\n<p style=\"text-align: justify;\" align=\"center\"><b>La comunidad  jud\u00eda de Bayona y su contexto &#8211;<\/b><i><b> <\/b>Anne Zink  &#8211; <\/i>Universidad de Clermont-Ferrand  II<b> <\/b><\/p>\n<p style=\"text-align: justify;\" align=\"center\"><b>El otro Rafael  Cansinos-Ass\u00e9ns (la faceta jud\u00eda) &#8211;<\/b><i><b> <\/b>Esther Bartolom\u00e9-Pons  &#8211; <\/i>Barcelona<b>&nbsp;<\/b><\/p>\n<p style=\"text-align: justify;\" align=\"center\"><b>Observaciones de  un jud\u00edo a la Teolog\u00eda cristiana del Juda\u00edsmo &#8211;<\/b><i><b> <\/b>David Flusser  &#8211; <\/i>Universidad Hebrea de Jerusalem<\/p>\n<p style=\"text-align: justify;\" align=\"center\"><b>Dimensi\u00f3n  antropol\u00f3gica de los derechos humanos en la cultura jud\u00eda y  cristiana &#8211;<\/b><i><b> <\/b>Mercedes Gal\u00e1n Ju\u00e1rez  &#8211; <\/i>Universidad Rey Juan Carlos de Madrid<\/p>\n<p style=\"text-align: justify;\" align=\"center\">\u00a0<\/p>\n<p style=\"text-align: justify;\" align=\"left\"><i><b>Documentaci\u00f3n<\/b><\/i><b>&nbsp;<\/b><\/p>\n<p style=\"text-align: justify;\" align=\"left\"><b>El di\u00e1logo con  los Jud\u00edos <\/b><\/p>\n<p style=\"text-align: justify;\" align=\"left\"><b>Audiencia  General del Papa del 28 de abril de 1999<\/b><\/p>\n<p style=\"text-align: justify;\" align=\"left\"><b>Documento suplementario del Acuerdo  entre el Estado de Israel y la Santa Sede <\/b>(v\u00e9ase El OLIVO n\u00ba 47)<\/p>\n<blockquote><\/blockquote>\n","protected":false},"excerpt":{"rendered":"<p>EL OLIVO n\u00ba 49 \u00a0 Enero &#8211; Junio 1999 \u00a0 \u00cdndice \u00a0 La construcci\u00f3n de la identidad jud\u00eda en al-Andalus en la Edad Media &#8211; Esperanza Alfonso &#8211; Center for Advanted Judaic Studies &#8211; Universidad de Pennsylvania Estrategias de persuasi\u00f3n y oyentes jud\u00edos en dos sermones de Vicente Ferrer &#8211; Ricardo Mu\u00f1oz Solla &#8211; Universidad [&hellip;]<\/p>\n","protected":false},"author":1,"featured_media":0,"comment_status":"open","ping_status":"open","sticky":false,"template":"","format":"standard","meta":{"_et_pb_use_builder":"","_et_pb_old_content":"","_et_gb_content_width":"","footnotes":""},"categories":[25],"tags":[],"class_list":["post-53","post","type-post","status-publish","format-standard","hentry","category-revista-qel-olivoq"],"_links":{"self":[{"href":"https:\/\/cejc-madrid.org\/index.php\/wp-json\/wp\/v2\/posts\/53","targetHints":{"allow":["GET"]}}],"collection":[{"href":"https:\/\/cejc-madrid.org\/index.php\/wp-json\/wp\/v2\/posts"}],"about":[{"href":"https:\/\/cejc-madrid.org\/index.php\/wp-json\/wp\/v2\/types\/post"}],"author":[{"embeddable":true,"href":"https:\/\/cejc-madrid.org\/index.php\/wp-json\/wp\/v2\/users\/1"}],"replies":[{"embeddable":true,"href":"https:\/\/cejc-madrid.org\/index.php\/wp-json\/wp\/v2\/comments?post=53"}],"version-history":[{"count":0,"href":"https:\/\/cejc-madrid.org\/index.php\/wp-json\/wp\/v2\/posts\/53\/revisions"}],"wp:attachment":[{"href":"https:\/\/cejc-madrid.org\/index.php\/wp-json\/wp\/v2\/media?parent=53"}],"wp:term":[{"taxonomy":"category","embeddable":true,"href":"https:\/\/cejc-madrid.org\/index.php\/wp-json\/wp\/v2\/categories?post=53"},{"taxonomy":"post_tag","embeddable":true,"href":"https:\/\/cejc-madrid.org\/index.php\/wp-json\/wp\/v2\/tags?post=53"}],"curies":[{"name":"wp","href":"https:\/\/api.w.org\/{rel}","templated":true}]}}