{"id":533,"date":"2016-02-16T17:51:19","date_gmt":"2016-02-16T17:51:19","guid":{"rendered":"https:\/\/upbeat-goodall.82-223-35-84.plesk.page\/index.php\/2016\/02\/16\/nuevo-documento-del-vaticano-profundiza-sobre-la-dimension-teologica-del-dialogo-judio-catolico\/"},"modified":"2016-02-16T17:51:19","modified_gmt":"2016-02-16T17:51:19","slug":"nuevo-documento-del-vaticano-profundiza-sobre-la-dimension-teologica-del-dialogo-judio-catolico","status":"publish","type":"post","link":"https:\/\/cejc-madrid.org\/index.php\/2016\/02\/16\/nuevo-documento-del-vaticano-profundiza-sobre-la-dimension-teologica-del-dialogo-judio-catolico\/","title":{"rendered":"Nuevo documento del Vaticano profundiza sobre la dimensi\u00f3n teol\u00f3gica del di\u00e1logo jud\u00edo-cat\u00f3lico"},"content":{"rendered":"<p>&nbsp;<\/p>\n<p>&nbsp;<\/p>\n<p>Cincuenta a&ntilde;os despu&eacute;s&nbsp;de la declaraci&oacute;n conciliar,<em>&nbsp;Nostra&nbsp;Aetate,<\/em>&nbsp;se subrayan&nbsp;las &oacute;ptimas&nbsp;relaciones fraternas, si bien&nbsp;se indican las dificultades y avances en materia teol&oacute;gica.<\/p>\n<p>(ZENIT)<\/p>\n<p style=\"margin-top: 0cm; margin-right: 0cm; margin-bottom: 15pt; line-height: 20.25pt; background: white;\"><span style=\"font-size: 13.5pt; font-family: 'Droid Serif', serif; color: #333333;\">Un nuevo documento sobre las relaciones del cristianismo con el juda&iacute;smo ha sido presentado este jueves en la Sala de prensa de la Santa Sede&nbsp;que el director de la oficina de prensa del Vaticano, padre Federico Lombardi calific&oacute; de &ldquo;particularmente importante&rdquo;.<\/span><\/p>\n<p style=\"margin-top: 0cm; margin-right: 0cm; margin-bottom: 15pt; line-height: 20.25pt; background: white;\"><span style=\"font-size: 13.5pt; font-family: 'Droid Serif', serif; color: #333333;\">El nombre del documento es:&nbsp;&ldquo;Por qu&eacute; los dones y el llamado de Dios son irrevocables. Reflexiones sobre temas teol&oacute;gicos sobre las relaciones cat&oacute;lico-jud&iacute;as en ocasi&oacute;n del 50 aniversario de Nostra Aetate&rdquo;, y&nbsp;ha sido presentado por el cardenal Kurt Koch, presidente de la C<em>omisi&oacute;n para las relaciones religiosas con el juda&iacute;smo<\/em>.<\/span><\/p>\n<p style=\"margin-top: 0cm; margin-right: 0cm; margin-bottom: 15pt; line-height: 20.25pt; background: white;\"><span style=\"font-size: 13.5pt; font-family: 'Droid Serif', serif; color: #333333;\">Participaron tambi&eacute;n en la presentaci&oacute;n, el secretario de dicha comisi&oacute;n, el padre Norbert Hofmann, S.D.B.; el rabino David Rosen, director del International Director of Interreligious Affairs, American Jewish Committee (AJC), Jerusalem (Israel); y el director y fundador del brit&aacute;nico Woolf Institute, Cambridge.<\/span><\/p>\n<p style=\"margin-top: 0cm; margin-right: 0cm; margin-bottom: 15pt; line-height: 20.25pt; background: white;\"><span style=\"font-size: 13.5pt; font-family: 'Droid Serif', serif; color: #333333;\">El documento en sus siete puntos, indic&oacute; el purpurado, &ldquo;no da definiciones doctrinales definitivas&rdquo;, y &ldquo;ni es un documento oficial del Magisterio de la Iglesia, sino un documento de estudio de nuestra Comisi&oacute;n, que intenta profundizar la dimensi&oacute;n teol&oacute;gica del di&aacute;logo jud&iacute;o-cat&oacute;lico&rdquo;.<\/span><\/p>\n<p style=\"margin-top: 0cm; margin-right: 0cm; margin-bottom: 15pt; line-height: 20.25pt; background: white;\"><span style=\"font-size: 13.5pt; font-family: 'Droid Serif', serif; color: #333333;\">Record&oacute; tambi&eacute;n que otros tres documentos fueron publicados despu&eacute;s de Nostra Aetate: en 1974, &ldquo;Orientaciones y sugerencias para la aplicaci&oacute;n de la declaraci&oacute;n Conciliar Nostra Aetate; en 1985, &ldquo;Sobre una correcta presentaci&oacute;n de los jud&iacute;os y del juda&iacute;smo en la predicaci&oacute;n en la catequesis de la Iglesia cat&oacute;lica&rdquo;; y en 1998, &ldquo;Nosotros recordamos, una reflexi&oacute;n sobre la Shoah&rdquo;.<\/span><\/p>\n<p style=\"margin-top: 0cm; margin-right: 0cm; margin-bottom: 15pt; line-height: 20.25pt; background: white;\"><span style=\"font-size: 13.5pt; font-family: 'Droid Serif', serif; color: #333333;\">El documento en su primera secci&oacute;n, expone la historia del di&aacute;logo jud&iacute;o-cat&oacute;lico en los &uacute;ltimos cincuenta a&ntilde;os. &ldquo;De la contraposici&oacute;n de una vez se ha pasado a una positiva colaboraci&oacute;n&rdquo;.<\/span><\/p>\n<p style=\"margin-top: 0cm; margin-right: 0cm; margin-bottom: 15pt; line-height: 20.25pt; background: white;\"><span style=\"font-size: 13.5pt; font-family: 'Droid Serif', serif; color: #333333;\">En la segunda secci&oacute;n reitera un concepto ya conocido: el cristianismo deriva del juda&iacute;smo. &ldquo;La diferencia de fondo entretanto del hebra&iacute;smo y del cristianismo consiste en el modo en el cual se considera que es necesario evaluar la figura de Jes&uacute;s. Los jud&iacute;os pueden ver a Jes&uacute;s como un perteneciente a su pueblo, un maestro. Los jud&iacute;os pueden ver a Jes&uacute;s como un maestro jud&iacute;o que predicaba el reino de Dios. El hecho que el Reino de Dios haya venido con &eacute;l como representante de Dios est&aacute; fuera del horizonte hebraico de la espera mesi&aacute;nica&rdquo;. Por lo tanto el di&aacute;logo jud&iacute;o-cristiano m&aacute;s que interreligioso deber&iacute;a llamarse intrareligioso, o intrafamiliar.<\/span><\/p>\n<p style=\"margin-top: 0cm; margin-right: 0cm; margin-bottom: 15pt; line-height: 20.25pt; background: white;\"><span style=\"font-size: 13.5pt; font-family: 'Droid Serif', serif; color: #333333;\">En la tercera secci&oacute;n se aborda la revelaci&oacute;n en la historia como &lsquo;Palabra de Dios&rsquo;, que los jud&iacute;os identifican en la Torah; y para los cristianos &eacute;sta se encarna en Jesucristo.<\/span><\/p>\n<p style=\"margin-top: 0cm; margin-right: 0cm; margin-bottom: 15pt; line-height: 20.25pt; background: white;\"><span style=\"font-size: 13.5pt; font-family: 'Droid Serif', serif; color: #333333;\">La cuarta secci&oacute;n trata la relaci&oacute;n entre el Antiguo y Nuevo Testamento, entre la Antigua y Nueva Alianza. Porque el Antiguo testamento es parte integrante de la &uacute;nica Biblia cristiana, que da un sentido de pertenencia y relaci&oacute;n entre juda&iacute;smo y cristianismo.<\/span><\/p>\n<p style=\"margin-top: 0cm; margin-right: 0cm; margin-bottom: 15pt; line-height: 20.25pt; background: white;\"><span style=\"font-size: 13.5pt; font-family: 'Droid Serif', serif; color: #333333;\">&ldquo;Ciertamente -prosigui&oacute; el cardenal- los cristianos interpretan las escrituras del Antiguo Testamento de manera diferente de los jud&iacute;os, porque el evento de Cristo representa para ellos la nueva llave de interpretaci&oacute;n para entenderlos&rdquo;.<\/span><\/p>\n<p style=\"margin-top: 0cm; margin-right: 0cm; margin-bottom: 15pt; line-height: 20.25pt; background: white;\"><span style=\"font-size: 13.5pt; font-family: 'Droid Serif', serif; color: #333333;\">En la quinta secci&oacute;n entra un tema espinoso: c&oacute;mo los jud&iacute;os son salvados si no creen expl&iacute;citamente en Jes&uacute;s como Mes&iacute;as de Israel e Hijo de Dios. &ldquo;El hecho de que los jud&iacute;os tengan parte en la salvaci&oacute;n de Dios es teol&oacute;gicamente fuera de discusi&oacute;n, pero c&oacute;mo sea posible sin una confesi&oacute;n expl&iacute;cita de Cristo queda un misterio divino e insondable&rdquo;, indic&oacute; el purpurado.<\/span><\/p>\n<p style=\"margin-top: 0cm; margin-right: 0cm; margin-bottom: 15pt; line-height: 20.25pt; background: white;\"><span style=\"font-size: 13.5pt; font-family: 'Droid Serif', serif; color: #333333;\">La sexta secci&oacute;n, trata sobre la actitud de los cristianos por lo que se refiere a la evangelizaci&oacute;n hacia los jud&iacute;os, se&ntilde;al&oacute; el presidente de la Comisi&oacute;n para las relaciones religiosas con el juda&iacute;smo, precisando que &ldquo;la Iglesia cat&oacute;lica no conduce ni anima ninguna misi&oacute;n institucional espec&iacute;fica dirigida a los jud&iacute;os&rdquo; si bien &ldquo;los cristianos est&aacute;n llamados a dar testimonio de su fe en Jesucristo tambi&eacute;n delante de los jud&iacute;os&rdquo; pero &ldquo;con humildad y sensibilidad, reconociendo que los jud&iacute;os son portadores de la palabra de Dios y teniendo presente la gran tragedia de la Shoah&rdquo;.<\/span><\/p>\n<p style=\"margin-top: 0cm; margin-right: 0cm; margin-bottom: 15pt; line-height: 20.25pt; background: white;\"><span style=\"font-size: 13.5pt; font-family: 'Droid Serif', serif; color: #333333;\">En la s&eacute;ptima secci&oacute;n, desde el punto de vista cat&oacute;lico se indican los objetivos de &eacute;ste di&aacute;logo &ldquo;que nunca fueron expresados en un documento de manera tan expl&iacute;cita&rdquo;. El principal objetivo es conocerse y apreciarse, si bien est&aacute; la colaboraci&oacute;n en el campo de la ex&eacute;gesis; en el empe&ntilde;o com&uacute;n a favor de la justicia y de la paz; en el cuidado de la creaci&oacute;n; en la reconciliaci&oacute;n en todo el mundo. Y tambi&eacute;n concretizarse en la esfera social: &ldquo;porque sea la &eacute;tica jud&iacute;a que la cristiana comprenden el imperativo de asistir a los pobres, a los d&eacute;biles y a los enfermos&rdquo;.<\/span><\/p>\n<p style=\"margin-top: 0cm; margin-right: 0cm; margin-bottom: 15pt; line-height: 20.25pt; background: white;\"><span style=\"font-size: 13.5pt; font-family: 'Droid Serif', serif; color: #333333;\">Y en la formaci&oacute;n de las nuevas generaciones, pone como objetivo &ldquo;la lucha com&uacute;n contra toda manifestaci&oacute;n de discriminaci&oacute;n racial hacia los jud&iacute;os y toda forma de antisemitismo&rdquo;.<\/span><\/p>\n<p style=\"margin-top: 0cm; margin-right: 0cm; margin-bottom: 15pt; line-height: 20.25pt; background: white;\"><span style=\"font-size: 13.5pt; font-family: 'Droid Serif', serif; color: #333333;\">&ldquo;Con esta nueva panor&aacute;mica &ndash;concluy&oacute; el cardenal Koch&ndash; el di&aacute;logo con el hebra&iacute;smo despu&eacute;s de cincuenta a&ntilde;os se apoya ahora sobre un s&oacute;lido terreno, porque mucho ha sido realizado en este arco de tiempo&rdquo;. &nbsp;<\/span><\/p>\n<p style=\"margin-top: 0cm; margin-right: 0cm; margin-bottom: 15pt; line-height: 20.25pt; background: white;\"><span style=\"font-size: 13.5pt; font-family: 'Droid Serif', serif; color: #333333;\">Respondiendo a las preguntas, el cardenal indic&oacute; que la beatificaci&oacute;n de Pio XII es algo interno de la Iglesia cat&oacute;lica, y el papa Francisco est&aacute; muy de acuerdo con abrir los archivos sobre ese per&iacute;odo hist&oacute;rico. &nbsp;<br \/> El padre Hofmann, por su parte, reiter&oacute; que este largo trabajo que hoy est&aacute; maduro es un texto cat&oacute;lico desde la perspectiva cat&oacute;lica, as&iacute; como espera que hagan los amigos jud&iacute;os. &nbsp;<\/span><\/p>\n<p>Para leer el texto &iacute;ntegro:<\/p>\n<p><a href=\"http:\/\/www.vatican.va\/roman_curia\/pontifical_councils\/chrstuni\/relations-jews-docs\/rc_pc_chrstuni_doc_20151210_ebraismo-nostra-aetate_sp.html\" target=\"_parent\" rel=\"noopener\">UNA REFLEXI&Oacute;N SOBRE CUESTIONES TEOL&Oacute;GICAS EN TORNO A LAS RELACIONES ENTRE CAT&Oacute;LICOS Y JUD&Iacute;OS EN EL 50&deg; ANIVERSARIO DE \u00abNOSTRA AETATE\u00bb <\/a><\/p>\n","protected":false},"excerpt":{"rendered":"<p>&nbsp; &nbsp; Cincuenta a&ntilde;os despu&eacute;s&nbsp;de la declaraci&oacute;n conciliar,&nbsp;Nostra&nbsp;Aetate,&nbsp;se subrayan&nbsp;las &oacute;ptimas&nbsp;relaciones fraternas, si bien&nbsp;se indican las dificultades y avances en materia teol&oacute;gica. (ZENIT) Un nuevo documento sobre las relaciones del cristianismo con el juda&iacute;smo ha sido presentado este jueves en la Sala de prensa de la Santa Sede&nbsp;que el director de la oficina de prensa del [&hellip;]<\/p>\n","protected":false},"author":1,"featured_media":0,"comment_status":"open","ping_status":"open","sticky":false,"template":"","format":"standard","meta":{"_et_pb_use_builder":"","_et_pb_old_content":"","_et_gb_content_width":"","footnotes":""},"categories":[1],"tags":[],"class_list":["post-533","post","type-post","status-publish","format-standard","hentry","category-uncategorized"],"_links":{"self":[{"href":"https:\/\/cejc-madrid.org\/index.php\/wp-json\/wp\/v2\/posts\/533","targetHints":{"allow":["GET"]}}],"collection":[{"href":"https:\/\/cejc-madrid.org\/index.php\/wp-json\/wp\/v2\/posts"}],"about":[{"href":"https:\/\/cejc-madrid.org\/index.php\/wp-json\/wp\/v2\/types\/post"}],"author":[{"embeddable":true,"href":"https:\/\/cejc-madrid.org\/index.php\/wp-json\/wp\/v2\/users\/1"}],"replies":[{"embeddable":true,"href":"https:\/\/cejc-madrid.org\/index.php\/wp-json\/wp\/v2\/comments?post=533"}],"version-history":[{"count":0,"href":"https:\/\/cejc-madrid.org\/index.php\/wp-json\/wp\/v2\/posts\/533\/revisions"}],"wp:attachment":[{"href":"https:\/\/cejc-madrid.org\/index.php\/wp-json\/wp\/v2\/media?parent=533"}],"wp:term":[{"taxonomy":"category","embeddable":true,"href":"https:\/\/cejc-madrid.org\/index.php\/wp-json\/wp\/v2\/categories?post=533"},{"taxonomy":"post_tag","embeddable":true,"href":"https:\/\/cejc-madrid.org\/index.php\/wp-json\/wp\/v2\/tags?post=533"}],"curies":[{"name":"wp","href":"https:\/\/api.w.org\/{rel}","templated":true}]}}